{"id":24707,"date":"2010-08-13T14:25:39","date_gmt":"2010-08-13T14:25:39","guid":{"rendered":"http:\/\/www.korhanyilmaz.com\/?p=24707"},"modified":"2010-08-13T14:25:39","modified_gmt":"2010-08-13T14:25:39","slug":"kitabimi-oku","status":"publish","type":"post","link":"http:\/\/www.korhanyilmaz.com\/?p=24707","title":{"rendered":"&#8216;Kitab\u0131m\u0131 oku&#8217;"},"content":{"rendered":"<p><a href=\"http:\/\/www.korhanyilmaz.com\/wp-content\/uploads\/2010\/08\/066.jpg\"  class=\"lightview\"><img loading=\"lazy\" decoding=\"async\" class=\"aligncenter size-full wp-image-24708\" src=\"http:\/\/www.korhanyilmaz.com\/wp-content\/uploads\/2010\/08\/066.jpg\" alt=\"\" width=\"320\" height=\"100\" \/><\/a><\/p>\n<p style=\"text-align: justify;\">YARSAV&#8217;\u0131n Erdo\u011fan&#8217;a cevab\u0131 gecikmedi<\/p>\n<p style=\"text-align: justify;\">YARSAV Ba\u015fkan\u0131 Emine \u00dclker Tarhan, &#8220;Polemiklere vaktimiz yok. M\u00fccadelemizi s\u00fcrd\u00fcrece\u011fiz&#8221; dedi. Tarhan hakaret polemi\u011fiyle ilgili olarak da, &#8220;Bu konuda kitap yazm\u0131\u015f biriyim. Kitab\u0131m\u0131n okunmas\u0131n\u0131 tavsiye ederim&#8221; dedi. <!--more--><\/p>\n<p style=\"text-align: justify;\">YARSAV Ba\u015fkan\u0131&#8217;n\u0131n a\u00e7\u0131klamas\u0131 ise \u015f\u00f6yle:<\/p>\n<p style=\"text-align: justify;\">&#8211; Asl\u0131nda bizim bu t\u00fcr polemiklere ger\u00e7ekten vaktimiz yok. \u00c7\u00fcnk\u00fc biz bir yarg\u0131\u00e7 derne\u011fi olarak \u015fu anda \u00e7ok yo\u011fun bir faaliyet i\u00e7erisindeyiz. Bu t\u00fcr polemiklere girme niyetinde de\u011filiz. Biz bu konuda Say\u0131n Ba\u015fbakan&#8217;\u0131n bizi ter\u00f6r \u00f6rg\u00fct\u00fcyle yanyana koymas\u0131ndan \u00f6t\u00fcr\u00fc kendisine bir a\u00e7\u0131k mektup yazm\u0131\u015ft\u0131k. Burada gerekli yan\u0131tlar\u0131 da vermi\u015ftik.<\/p>\n<p style=\"text-align: justify;\">&#8211; Fakat hakaret derseniz hakaret konusunda bir uzman, bir kitap yazm\u0131\u015f biri olarak a\u00e7\u0131l\u0131p okunmas\u0131n\u0131 tavsiye ederim. \u00c7\u00fcnk\u00fc haketerin ne oldu\u011funu iyi bilirim, ele\u015ftirinin ne oldu\u011funu da gayet iyi bilirim. O konuda tabii kitab\u0131m\u0131n okunmas\u0131 gerekti\u011fini d\u00fc\u015f\u00fcn\u00fcyorum.<\/p>\n<p style=\"text-align: justify;\">&#8211; Bu konudaki polemiklerden uzak olmay\u0131 d\u00fc\u015f\u00fcn\u00fcyoruz \u00e7\u00fcnk\u00fc vaktimiz yok. Biz bu konudaki m\u00fccadelemizi s\u00fcrd\u00fcrece\u011fiz. Kald\u0131 ki YARSAV \u00fcyeleri demokratik ifade ve \u00f6rg\u00fctlenme \u00f6zg\u00fcrl\u00fcklerini kullanm\u0131\u015f, \u00e7ok geni\u015f tabanl\u0131 bir yarg\u0131\u00e7 \u00f6rg\u00fct\u00fcd\u00fcr ve ve son derece de\u011ferli hukuk\u00e7ulardan olu\u015fur. Yans\u0131z, do\u011fru karar verme konusunda asla \u015f\u00fcphe duyulmayacak de\u011ferli hukuk\u00e7ulardan olu\u015fur. Bu konudaki polemiklere bir son verilmesi gerekti\u011fini d\u00fc\u015f\u00fcn\u00fcyorum. \u00c7\u00fcnk\u00fc \u00e7ok yo\u011funuz bu s\u00fcre\u00e7te, \u00e7ok \u00e7al\u0131\u015fmam\u0131z gerekiyor.<\/p>\n<p style=\"text-align: justify;\"><span style=\"color: #888888;\">Vatan<\/span><\/p>\n","protected":false},"excerpt":{"rendered":"<\/p>\n<p style=\"text-align: justify;\">YARSAV&#8217;\u0131n Erdo\u011fan&#8217;a cevab\u0131 gecikmedi<\/p>\n<p style=\"text-align: justify;\">YARSAV Ba\u015fkan\u0131 Emine \u00dclker Tarhan, &#8220;Polemiklere vaktimiz yok. M\u00fccadelemizi s\u00fcrd\u00fcrece\u011fiz&#8221; dedi. Tarhan hakaret polemi\u011fiyle ilgili olarak da, &#8220;Bu konuda kitap yazm\u0131\u015f biriyim. Kitab\u0131m\u0131n okunmas\u0131n\u0131 tavsiye ederim&#8221; dedi. <\/p>\n","protected":false},"author":1,"featured_media":0,"comment_status":"open","ping_status":"closed","sticky":false,"template":"","format":"standard","meta":{"footnotes":""},"categories":[105],"tags":[],"class_list":["post-24707","post","type-post","status-publish","format-standard","hentry","category-gundem","odd"],"_links":{"self":[{"href":"http:\/\/www.korhanyilmaz.com\/index.php?rest_route=\/wp\/v2\/posts\/24707","targetHints":{"allow":["GET"]}}],"collection":[{"href":"http:\/\/www.korhanyilmaz.com\/index.php?rest_route=\/wp\/v2\/posts"}],"about":[{"href":"http:\/\/www.korhanyilmaz.com\/index.php?rest_route=\/wp\/v2\/types\/post"}],"author":[{"embeddable":true,"href":"http:\/\/www.korhanyilmaz.com\/index.php?rest_route=\/wp\/v2\/users\/1"}],"replies":[{"embeddable":true,"href":"http:\/\/www.korhanyilmaz.com\/index.php?rest_route=%2Fwp%2Fv2%2Fcomments&post=24707"}],"version-history":[{"count":0,"href":"http:\/\/www.korhanyilmaz.com\/index.php?rest_route=\/wp\/v2\/posts\/24707\/revisions"}],"wp:attachment":[{"href":"http:\/\/www.korhanyilmaz.com\/index.php?rest_route=%2Fwp%2Fv2%2Fmedia&parent=24707"}],"wp:term":[{"taxonomy":"category","embeddable":true,"href":"http:\/\/www.korhanyilmaz.com\/index.php?rest_route=%2Fwp%2Fv2%2Fcategories&post=24707"},{"taxonomy":"post_tag","embeddable":true,"href":"http:\/\/www.korhanyilmaz.com\/index.php?rest_route=%2Fwp%2Fv2%2Ftags&post=24707"}],"curies":[{"name":"wp","href":"https:\/\/api.w.org\/{rel}","templated":true}]}}