{"id":24703,"date":"2010-08-13T10:54:03","date_gmt":"2010-08-13T10:54:03","guid":{"rendered":"http:\/\/www.korhanyilmaz.com\/?p=24703"},"modified":"2010-08-13T10:54:03","modified_gmt":"2010-08-13T10:54:03","slug":"erdogandan-agir-suclama","status":"publish","type":"post","link":"http:\/\/www.korhanyilmaz.com\/?p=24703","title":{"rendered":"Erdo\u011fan&#8217;dan a\u011f\u0131r su\u00e7lama!"},"content":{"rendered":"<p style=\"text-align: center;\"><a href=\"http:\/\/www.korhanyilmaz.com\/wp-content\/uploads\/2010\/08\/065.jpg\"  class=\"lightview\"><img loading=\"lazy\" decoding=\"async\" class=\"aligncenter size-full wp-image-24704\" src=\"http:\/\/www.korhanyilmaz.com\/wp-content\/uploads\/2010\/08\/065.jpg\" alt=\"\" width=\"420\" height=\"210\" \/><\/a><\/p>\n<p style=\"text-align: justify;\">Erdo\u011fan: YARSAV \u00fcyesi olan yarg\u0131 mensuplar\u0131na nas\u0131l g\u00fcvenece\u011fim, nas\u0131l g\u00fcvenebilirim? \u00c7\u00fcnk\u00fc a\u00e7\u0131k, net kalk\u0131p da iktidar\u0131 ele\u015ftiriyor, hakaret ediyor.<\/p>\n<p style=\"text-align: justify;\">Ba\u015fbakan Recep Tayyip Erdo\u011fan, \u201c\u015eimdi ben YARSAV \u00fcyesi olan yarg\u0131 mensuplar\u0131na nas\u0131l g\u00fcvenece\u011fim, nas\u0131l g\u00fcvenebilirim? \u00c7\u00fcnk\u00fc a\u00e7\u0131k, net kalk\u0131p da iktidar\u0131 ele\u015ftiriyorsa hakaretler ediyorsa ben b\u00f6yle bir yarg\u0131 mensubuna nas\u0131l g\u00fcvenebilirim? Ben orada b\u00f6yle bir olu\u015fuma kar\u015f\u0131y\u0131m\u201d g\u00f6r\u00fc\u015f\u00fcn\u00fc ortaya koydu.<!--more--><\/p>\n<p style=\"text-align: justify;\">Erdo\u011fan, d\u00fcn memleketi Rize\u2019nin G\u00fcneysu il\u00e7esinde kat\u0131ld\u0131\u011f\u0131 \u201cAnadolu Soruyor\u201d adl\u0131 programda, uydudan yay\u0131n yapan baz\u0131 yerel televizyonlar\u0131n temsilcilerinin sorular\u0131n\u0131 canl\u0131 yay\u0131nda yan\u0131tlarken, TSK ile ilgili daha sonra \u015fu g\u00f6r\u00fc\u015fleri ortaya koydu:<\/p>\n<p style=\"text-align: justify;\">\u201cGenelkurmay Ba\u015fkan\u0131\u2019na gelince, Genelkurmay Ba\u015fkan\u0131 konusu inhay\u0131 gerektirmez. Orada ise Bakanlar Kurulu karar\u0131n\u0131 verir. Bakanlar Kurulu karar\u0131 Cumhurba\u015fkan\u0131na gider. Cumhurba\u015fkan\u0131 da Genelkurmay Ba\u015fkan\u0131 ile ilgili karar\u0131n\u0131 verir. Yani team\u00fcl vesaire falan bu t\u00fcr \u015feyler \u00e7al\u0131\u015fmaz..<\/p>\n<p style=\"text-align: justify;\"><strong>Onlara nas\u0131l g\u00fcvenece\u011fim<\/strong><\/p>\n<p style=\"text-align: justify;\">Erdo\u011fan, T\u00fcrkiye\u2019de siyasi iktidarlar\u0131 belirleyenleri 7,5 y\u0131lda \u00e7ok yak\u0131ndan g\u00f6rd\u00fcklerini dile getirerek, \u015f\u00f6yle konu\u015ftu:<\/p>\n<p style=\"text-align: justify;\">\u201cBu a\u00e7\u0131klanan dosyalar, \u015funlar bunlar vs. Bunlar bir \u015feyi ortaya koyuyor. \u0130ktidarlar \u00fczerinde kimlerin tasarrufta bulunma gayreti i\u00e7erisinde oldu\u011funu \u00e7ok iyi g\u00f6rd\u00fck. Ama burada demek ki bir duru\u015f gerekiyordu. Ben hep \u015funu s\u00f6yl\u00fcyorum:<\/p>\n<p style=\"text-align: justify;\">Medyan\u0131n bu noktadaki tavr\u0131 bizler i\u00e7in \u00e7ok \u00f6nemli. Bug\u00fcn bir k\u0131s\u0131m medya, \u015fu anda hi\u00e7bir zaman bir araya gelemeyenlerle bir araya geldiler. Bug\u00fcn CHP, MHP, BDP, o malum medya, hatta YARSAV falan&#8230;<\/p>\n<p style=\"text-align: justify;\">Bunlar bir araya geldiler. \u015eimdi ben YARSAV \u00fcyesi olan yarg\u0131 mensuplar\u0131na nas\u0131l g\u00fcvenece\u011fim, nas\u0131l g\u00fcvenebilirim? \u00c7\u00fcnk\u00fc a\u00e7\u0131k, net kalk\u0131p da iktidar\u0131 ele\u015ftiriyorsa hakaretler ediyorsa ben b\u00f6yle bir yarg\u0131 mensubuna nas\u0131l g\u00fcvenebilirim? Ben orada b\u00f6yle bir olu\u015fuma kar\u015f\u0131y\u0131m. \u2019Efendim Avrupa&#8230;\u2019 Avrupa Birli\u011fi\u2019nin s\u00f6yledi\u011fi, t\u00fcm\u00fcn\u00fc ku\u015fatan bir yarg\u0131 birli\u011fidir. Herkesin istedi\u011fi gibi orada bir birlik kurmas\u0131 de\u011fildir.\u201d<\/p>\n<p style=\"text-align: justify;\">1980 \u00f6ncesinde polis te\u015fkilat\u0131n\u0131n i\u00e7inde Pol-Der, Pol-Bir gibi olu\u015fumlar oldu\u011funu belirten Erdo\u011fan, \u201cEn \u00f6nemli kurumlar\u0131m\u0131z\u0131n i\u00e7erisinde sava\u015flar oluyordu. \u015eimdi yarg\u0131n\u0131n i\u00e7erisinde b\u00f6yle bir yere do\u011fru gidiyoruz. Yarg\u0131tay binas\u0131n\u0131n i\u00e7erisine gidiyor dernek, orada a\u00e7\u0131klama yap\u0131yor. B\u00f6yle sa\u00e7mal\u0131k olur mu?\u201d diye konu\u015ftu.<\/p>\n<p style=\"text-align: justify;\"><span style=\"color: #888888;\">Vatan<\/span><\/p>\n","protected":false},"excerpt":{"rendered":"<p style=\"text-align: center;\">\n<p style=\"text-align: justify;\">Erdo\u011fan: YARSAV \u00fcyesi olan yarg\u0131 mensuplar\u0131na nas\u0131l g\u00fcvenece\u011fim, nas\u0131l g\u00fcvenebilirim? \u00c7\u00fcnk\u00fc a\u00e7\u0131k, net kalk\u0131p da iktidar\u0131 ele\u015ftiriyor, hakaret ediyor.<\/p>\n<p style=\"text-align: justify;\">Ba\u015fbakan Recep Tayyip Erdo\u011fan, \u201c\u015eimdi ben YARSAV \u00fcyesi olan yarg\u0131 mensuplar\u0131na nas\u0131l g\u00fcvenece\u011fim, nas\u0131l g\u00fcvenebilirim? \u00c7\u00fcnk\u00fc a\u00e7\u0131k, net kalk\u0131p da iktidar\u0131 ele\u015ftiriyorsa hakaretler ediyorsa ben b\u00f6yle bir yarg\u0131 mensubuna <\/p>\n","protected":false},"author":1,"featured_media":0,"comment_status":"open","ping_status":"closed","sticky":false,"template":"","format":"standard","meta":{"footnotes":""},"categories":[105],"tags":[],"class_list":["post-24703","post","type-post","status-publish","format-standard","hentry","category-gundem","odd"],"_links":{"self":[{"href":"http:\/\/www.korhanyilmaz.com\/index.php?rest_route=\/wp\/v2\/posts\/24703","targetHints":{"allow":["GET"]}}],"collection":[{"href":"http:\/\/www.korhanyilmaz.com\/index.php?rest_route=\/wp\/v2\/posts"}],"about":[{"href":"http:\/\/www.korhanyilmaz.com\/index.php?rest_route=\/wp\/v2\/types\/post"}],"author":[{"embeddable":true,"href":"http:\/\/www.korhanyilmaz.com\/index.php?rest_route=\/wp\/v2\/users\/1"}],"replies":[{"embeddable":true,"href":"http:\/\/www.korhanyilmaz.com\/index.php?rest_route=%2Fwp%2Fv2%2Fcomments&post=24703"}],"version-history":[{"count":0,"href":"http:\/\/www.korhanyilmaz.com\/index.php?rest_route=\/wp\/v2\/posts\/24703\/revisions"}],"wp:attachment":[{"href":"http:\/\/www.korhanyilmaz.com\/index.php?rest_route=%2Fwp%2Fv2%2Fmedia&parent=24703"}],"wp:term":[{"taxonomy":"category","embeddable":true,"href":"http:\/\/www.korhanyilmaz.com\/index.php?rest_route=%2Fwp%2Fv2%2Fcategories&post=24703"},{"taxonomy":"post_tag","embeddable":true,"href":"http:\/\/www.korhanyilmaz.com\/index.php?rest_route=%2Fwp%2Fv2%2Ftags&post=24703"}],"curies":[{"name":"wp","href":"https:\/\/api.w.org\/{rel}","templated":true}]}}