{"id":24699,"date":"2010-08-12T20:15:41","date_gmt":"2010-08-12T20:15:41","guid":{"rendered":"http:\/\/www.korhanyilmaz.com\/?p=24699"},"modified":"2010-08-12T20:15:41","modified_gmt":"2010-08-12T20:15:41","slug":"kilicdaroglundan-hz-omer-adaleti-sozu","status":"publish","type":"post","link":"http:\/\/www.korhanyilmaz.com\/?p=24699","title":{"rendered":"K\u0131l\u0131\u00e7daro\u011flu&#8217;ndan &#8220;Hz. \u00d6mer adaleti&#8221; s\u00f6z\u00fc"},"content":{"rendered":"<p style=\"text-align: center;\"><a href=\"http:\/\/www.korhanyilmaz.com\/wp-content\/uploads\/2010\/08\/053.jpg\"  class=\"lightview\"><img loading=\"lazy\" decoding=\"async\" class=\"aligncenter size-full wp-image-24700\" src=\"http:\/\/www.korhanyilmaz.com\/wp-content\/uploads\/2010\/08\/053.jpg\" alt=\"\" width=\"307\" height=\"236\" \/><\/a><\/p>\n<p style=\"text-align: justify;\">CHP Genel Ba\u015fkan\u0131 Kemal K\u0131l\u0131\u00e7daro\u011flu, &#8220;Bu Anayasa de\u011fi\u015fikli\u011fi  kul hakk\u0131 yiyenlerin yarg\u0131dan ka\u00e7mas\u0131na imkan veriyor. Buna izin vermeyece\u011fiz&#8221; dedi ve ekledi: &#8220;Bizim siyaset anlay\u0131\u015f\u0131m\u0131zda talana, h\u0131rs\u0131zl\u0131\u011fa, kul hakk\u0131 yemeye yer yoktur. Hazreti \u00d6mer adaletiyle \u00e7al\u0131\u015faca\u011f\u0131z.&#8221;<!--more--><\/p>\n<p style=\"text-align: justify;\">K\u0131l\u0131\u00e7daro\u011flu, Cumhuriyet Meydan\u0131&#8217;ndaki mitingde, h\u00fck\u00fcmetin s\u00fcrekli &#8220;T\u00fcrkiye&#8217;yi b\u00fcy\u00fct\u00fcyoruz, d\u00fcnyan\u0131n say\u0131l\u0131 ekonomisi haline getiriyoruz&#8221; dedi\u011fini belirterek, &#8220;Ama K\u0131r\u0131kkale&#8217;de h\u00fcz\u00fcn var, g\u00f6\u00e7 var, 103 bin ki\u015fi buradan g\u00f6\u00e7 etti.<\/p>\n<p style=\"text-align: justify;\">E\u011fer bir yerden 103 bin ki\u015fi g\u00f6\u00e7 etmi\u015fse, K\u0131r\u0131kkalelinin bunu sormas\u0131 laz\u0131m, &#8216;Madem T\u00fcrkiye \u00e7ok geli\u015fmi\u015fti, neden g\u00f6\u00e7 etti&#8217; diye sor&#8221; \u015feklinde konu\u015ftu.<\/p>\n<p style=\"text-align: justify;\">&#8220;Recep Bey, bu K\u0131r\u0131kkale&#8217;yi neden bu hale getirdin?&#8221;<\/p>\n<p style=\"text-align: justify;\">K\u0131r\u0131kkale&#8217;de \u00fcnl\u00fc markalar\u0131n, b\u00fcy\u00fck fabrikalar\u0131n bulundu\u011funu belirten CHP lideri, &#8220;Hepsi kapand\u0131. &#8216;Recep Bey, bu K\u0131r\u0131kkale&#8217;yi neden bu hale getirdin&#8217; diye sormayacak m\u0131s\u0131n\u0131z? Ben size bunu sorun diye geldim&#8221; ifadelerini kulland\u0131.<\/p>\n<p style=\"text-align: justify;\">K\u0131l\u0131\u00e7daro\u011flu, bir \u00fclkede yarg\u0131n\u0131n siyasalla\u015fmas\u0131 durumunda o \u00fclkede sa\u011fl\u0131kl\u0131 demokrasiden bahsedilemeyece\u011fini ifade ederek, T\u00fcrkiye&#8217;de yarg\u0131n\u0131n ba\u011f\u0131ms\u0131z olmas\u0131 gerekti\u011fini vurgulad\u0131.<\/p>\n<p style=\"text-align: justify;\">Anayasa de\u011fi\u015fiklik paketine de\u011finen K\u0131l\u0131\u00e7daro\u011flu, &#8220;Bu Anayasa de\u011fi\u015fikli\u011fi memurun, i\u015f\u00e7inin, emeklinin, sanayicinin, \u00e7ift\u00e7inin, esnaf\u0131n sorununu \u00e7\u00f6z\u00fcyor mu? Bu Anayasa de\u011fi\u015fikli\u011fi kimin derdini \u00e7\u00f6z\u00fcyor? Bu de\u011fi\u015fiklik, kul hakk\u0131 yiyenlerin yarg\u0131dan ka\u00e7mas\u0131na imkan veriyor. Buna izin vermeyece\u011fiz&#8221; dedi.<\/p>\n<p style=\"text-align: justify;\">K\u0131l\u0131\u00e7daro\u011flu, kendisine &#8220;sert konu\u015ftu\u011fu&#8221; y\u00f6n\u00fcnde ele\u015ftiriler geldi\u011fini belirterek, &#8220;Ne yapay\u0131m, kul hakk\u0131 yiyenlere &#8216;Yemeye devam edin&#8217; mi diyeyim? Yoksulluk yap &#8216;evet&#8217;, h\u0131rs\u0131zl\u0131k yap &#8216;evet&#8217;, birinin buna &#8216;dur&#8217; demesi laz\u0131m. Bunu halk diyecek, siz diyeceksiniz&#8221; diye konu\u015ftu.<\/p>\n<p style=\"text-align: justify;\"><strong>&#8220;Derdini dile getirmek su\u00e7 mu?&#8221; <\/strong><\/p>\n<p style=\"text-align: justify;\">H\u00fck\u00fcmetin &#8220;T\u00fcrkiye&#8217;nin d\u00fcnyada ilk 20 ekonomi i\u00e7inde oldu\u011funu&#8221; s\u0131k s\u0131k dile getirdi\u011fini anlatan K\u0131l\u0131\u00e7daro\u011flu, \u015f\u00f6yle devam etti:<\/p>\n<p style=\"text-align: justify;\">&#8220;Ama 11 ayd\u0131r belediyeden hakk\u0131n\u0131 alamayan i\u015f\u00e7ilerin durumuna ne diyece\u011fiz? Peki bu nas\u0131l geli\u015fme, nas\u0131l b\u00fcy\u00fcme, sormazlar m\u0131 adama? Bu H\u00fck\u00fcmetin bir ay\u0131b\u0131 daha var; emeklileri bu \u00fclkenin ikinci s\u0131n\u0131f vatanda\u015f\u0131 yapt\u0131lar. 3 Mart 2004&#8217;te Say\u0131n Ba\u015fbakan yapt\u0131\u011f\u0131 bir r\u00f6portajda &#8216;Ald\u0131\u011f\u0131m ayl\u0131kla ge\u00e7inemiyorum, onun i\u00e7in \u015firket kurdum&#8217; diyor. T\u00fcrkiye Cumhuriyeti tarihinde ilk kez bir Ba\u015fbakan, Ba\u015fbakanl\u0131k koltu\u011funda otururken \u015firket kurmu\u015ftur. Sen dolmu\u015f paras\u0131, taksi paras\u0131, metro, otob\u00fcs, helikopter, u\u00e7ak paras\u0131 vermezsin. Peki sen 13-14 bin liraya ge\u00e7inemiyorsun da K\u0131r\u0131kkale&#8217;deki emekli nas\u0131l 500-600 liraya ge\u00e7insin, sende vicdan yok mu? Bunlar\u0131 s\u00f6yledi\u011fimde bana k\u0131z\u0131yorlar. Emeklinin derdini dile getirmek su\u00e7 mu? Su\u00e7sa ben bu su\u00e7u i\u015fliyorum.&#8221;<\/p>\n<p style=\"text-align: justify;\"><strong>Emeklilerin hakk\u0131 <\/strong><\/p>\n<p style=\"text-align: justify;\">CHP lideri, h\u00fck\u00fcmete s\u0131k s\u0131k &#8220;Emeklilerin intibak yasas\u0131n\u0131 \u00e7\u0131karma&#8221; teklifi g\u00f6t\u00fcrd\u00fcklerini ancak h\u00fck\u00fcmetin buna yana\u015fmad\u0131\u011f\u0131n\u0131 savunarak, &#8220;Memur Kemal&#8217;in, i\u015f\u00e7i Kemal&#8217;in, \u00e7ift\u00e7i Kemal&#8217;in, esnaf Kemal&#8217;in s\u00f6z\u00fc; intibak yasas\u0131 \u00e7\u0131kacak. Halk\u0131n iktidar\u0131nda bunu yapaca\u011f\u0131z. Bizim siyaset anlay\u0131\u015f\u0131m\u0131zda talana, h\u0131rs\u0131zl\u0131\u011fa, kul hakk\u0131 yemeye yer yoktur. Hazreti \u00d6mer adaletiyle \u00e7al\u0131\u015faca\u011f\u0131z&#8221; dedi.<\/p>\n<p style=\"text-align: justify;\">Yapacaklar\u0131n\u0131 anlatt\u0131\u011f\u0131nda &#8220;H\u00fck\u00fcmetin bunun re\u00e7etesi nerede, bize de s\u00f6yle&#8221; dedi\u011fini belirten K\u0131l\u0131\u00e7daro\u011flu, &#8220;8 y\u0131ld\u0131r bu \u00fclkede ba\u015fbakans\u0131n. Re\u00e7eten yoksa ne i\u015fin var orada? Zaten Recep Bey&#8217;in yazd\u0131\u011f\u0131 re\u00e7etenin sonu\u00e7lar\u0131 ortada. Gelsin g\u00f6rs\u00fcn K\u0131r\u0131kkale&#8217;de. 11 ayd\u0131r i\u015f\u00e7inin eme\u011finin kar\u015f\u0131l\u0131\u011f\u0131n\u0131 vermeyeceksin, sonra ramazan diye yard\u0131m da\u011f\u0131tacaks\u0131n. \u00d6nce sen i\u015f\u00e7inin eme\u011finin kar\u015f\u0131l\u0131\u011f\u0131n\u0131 ver&#8221; diye konu\u015ftu.<\/p>\n<p style=\"text-align: justify;\"><strong>Yoksula sa\u011fl\u0131k sigortas\u0131<\/strong><\/p>\n<p style=\"text-align: justify;\">K\u0131l\u0131\u00e7daro\u011flu, iktidarlar\u0131nda sa\u011fl\u0131k sigortas\u0131 \u00e7\u0131kararak yoksulun onurunu da koruyacaklar\u0131n\u0131 s\u00f6yledi.<\/p>\n<p style=\"text-align: justify;\">K\u0131r\u0131kkale halk\u0131ndan destek istemeye geldi\u011fini dile getiren K\u0131l\u0131\u00e7daro\u011flu, &#8220;Yoksullu\u011fun olmad\u0131\u011f\u0131, g\u00fczel ve onurlu T\u00fcrkiye&#8217;yi kurmak i\u00e7in sizlere ihtiyac\u0131m var. Oy verin, T\u00fcrkiye&#8217;nin kaderini de\u011fi\u015ftirelim&#8221; dedi.<\/p>\n<p style=\"text-align: justify;\">CHP lideri, K\u0131r\u0131kkale mitingi \u00f6ncesinde Hasandede beldesini ziyaret etti.<\/p>\n<p style=\"text-align: justify;\">K\u0131l\u0131\u00e7daro\u011flu, burada yapt\u0131\u011f\u0131 k\u0131sa konu\u015fmada da siyasette yeni bir sayfa a\u00e7acaklar\u0131n\u0131 kaydetti.<\/p>\n<p style=\"text-align: justify;\"><strong>Elmada\u011f&#8217;da da konu\u015ftu <\/strong><\/p>\n<p style=\"text-align: justify;\">CHP Genel Ba\u015fkan\u0131 Kemal K\u0131l\u0131\u00e7daro\u011flu, &#8220;Yaz\u0131n s\u0131ca\u011f\u0131nda, 45 derecede k\u00f6m\u00fcr da\u011f\u0131t\u0131yorlar. Bu r\u00fc\u015fvet oyununa kimse gelmesin&#8217; dedi.<\/p>\n<p style=\"text-align: justify;\">K\u0131l\u0131\u00e7daro\u011flu, Ankara&#8217;n\u0131n Elmada\u011f il\u00e7esinde d\u00fczenlenen mitingde vatanda\u015flara hitap etti.<\/p>\n<p style=\"text-align: justify;\">Bug\u00fcne kadar 41 il gezdiklerini belirten K\u0131l\u0131\u00e7daro\u011flu, &#8220;Yurtta\u015f\u0131n aya\u011f\u0131na gidiyoruz. \u00c7\u00f6z\u00fcmlerimizi anlat\u0131yoruz. \u0130n\u015fallah halk\u0131n iktidar\u0131 ile AKP&#8217;yi sand\u0131\u011fa g\u00f6mece\u011fiz. Ezberlerini bozduk, kimyalar\u0131n\u0131 bozduk, in\u015fallah d\u00fczenlerini de bozaca\u011f\u0131z&#8221; diye konu\u015ftu.<\/p>\n<p style=\"text-align: justify;\">&#8220;Ba\u015fbakan, \u00e7ift\u00e7iyle dalga ge\u00e7ti, bana Memur Kemal diyor, bunu memuru k\u00fc\u00e7\u00fcmsemek i\u00e7in diyor&#8221;<\/p>\n<p style=\"text-align: justify;\">K\u0131l\u0131\u00e7daro\u011flu, &#8220;Ba\u015fbakan Recep Tayyip Erdo\u011fan&#8217;\u0131n \u00e7ift\u00e7ilerle dalga ge\u00e7ti\u011fini&#8221; belirterek \u015funlar\u0131 s\u00f6yledi:<\/p>\n<p style=\"text-align: justify;\">&#8220;Mersin&#8217;li \u00e7ift\u00e7iye ne dedi\u011fini hat\u0131rlars\u0131n\u0131z. \u015eimdi biz ona &#8216;Anayasan\u0131 da al g\u00f6t\u00fcr&#8217; diyece\u011fiz. Merak etmeyin, S\u00fcleyman sizsiniz, m\u00fch\u00fcr sizde. M\u00fchr\u00fc do\u011fruluktan, adaletten yana kul hakk\u0131 yemeyenden yana kullan\u0131n. \u015eimdi Ba\u015fbakan bana &#8216;memur Kemal&#8217; diyor. Ba\u015fbakan bunlar\u0131 memuru k\u00fc\u00e7\u00fcmsemek i\u00e7in s\u00f6yl\u00fcyor. \u00c7ift\u00e7iyi, memuru hor g\u00f6r\u00fcyor. Hor g\u00f6rmedi\u011fi tek ki\u015fi var, o da mal\u0131 g\u00f6t\u00fcrenler. Say\u0131n Ba\u015fbakan, mal\u0131 g\u00f6t\u00fcrenleri hor g\u00f6rmedin, s\u0131rt\u0131n\u0131 s\u0131vazlad\u0131n. Bu millet bunu unutmayacakt\u0131r. Recep Bey nereye kadar ka\u00e7arsa ka\u00e7s\u0131n, sizin oylar\u0131n\u0131zla onu yakalay\u0131p kul hakk\u0131 yiyenlerin hesab\u0131n\u0131 soraca\u011f\u0131m.&#8221;<\/p>\n<p style=\"text-align: justify;\">K\u0131l\u0131\u00e7daro\u011flu, Ba\u015fbakan&#8217;\u0131n mitingleri s\u0131ras\u0131nda devlet imkanlar\u0131n\u0131 kulland\u0131\u011f\u0131n\u0131 \u00f6ne s\u00fcrerek, &#8220;Kendi i\u015fin i\u00e7in milletin paras\u0131n\u0131 kullanmayacaks\u0131n. Onu yaparsan benim iki elimde yakanda olacak&#8221; dedi. H\u00fck\u00fcmetin \u00e7\u0131kard\u0131\u011f\u0131 yasalarla emekliyi ikinci s\u0131n\u0131f vatanda\u015f haline getirdi\u011fini iddia eden K\u0131l\u0131\u00e7daro\u011flu, s\u00f6zlerini \u015f\u00f6yle s\u00fcrd\u00fcrd\u00fc:<\/p>\n<p style=\"text-align: justify;\">&#8220;H\u00fck\u00fcmetin \u00e7\u0131kard\u0131\u011f\u0131 yasalarla emekliler milli gelirden pay alm\u0131yor. Halk\u0131n iktidar\u0131nda bu d\u00fczeni de\u011fi\u015ftirece\u011fiz, emekliyi birinci s\u0131n\u0131f vatanda\u015f yapaca\u011f\u0131z. Tabii sen d\u00fcnyal\u0131\u011f\u0131n\u0131 yapt\u0131n, k\u00f6\u015feyi d\u00f6nd\u00fcn, 14-15 bin TL ile ge\u00e7inemedi\u011fini s\u00f6yl\u00fcyorsun. Bu emekliler 500-600 TL ile nas\u0131l ge\u00e7insin? Ba\u015fbakan i\u015f\u00e7i emeklisi oldu\u011funu s\u00f6yl\u00fcyor. Emekli sand\u0131\u011f\u0131 numaras\u0131n\u0131 verdik. Dut yemi\u015f b\u00fclb\u00fcle d\u00f6nd\u00fc, sesi \u00e7\u0131km\u0131yor. Bu Ba\u015fbakan s\u0131rt\u0131n\u0131 halka d\u00f6nd\u00fc, bizim y\u00fcz\u00fcm\u00fcz size d\u00f6n\u00fck olacak.&#8221;<\/p>\n<p style=\"text-align: justify;\"><strong>&#8220;Hay\u0131rs\u0131za hay\u0131r demek hepimizin g\u00f6revi&#8221; <\/strong><\/p>\n<p style=\"text-align: justify;\">K\u0131l\u0131\u00e7daro\u011flu, vatanda\u015flardan referandumda &#8216;hay\u0131r&#8217; oyu kullanmalar\u0131n\u0131 isteyerek, anayasa de\u011fi\u015fikli\u011fi paketinin, \u00e7ift\u00e7inin, memurun, emeklinin derdine \u00e7\u00f6z\u00fcm \u00fcretmedi\u011fini s\u00f6yledi.<\/p>\n<p style=\"text-align: justify;\">Siyasetin yarg\u0131ya, orduya kar\u0131\u015fmamas\u0131 gerekti\u011fini, bunun faturas\u0131n\u0131n a\u011f\u0131r olaca\u011f\u0131n\u0131 belirten K\u0131l\u0131\u00e7daro\u011flu, T\u00fcrkiye&#8217;nin bunu 27 May\u0131sta Deniz Gezmi\u015f ve arkada\u015flar\u0131n\u0131n yarg\u0131lanmas\u0131 s\u0131ras\u0131nda ya\u015fad\u0131\u011f\u0131n\u0131 ifade etti.<\/p>\n<p style=\"text-align: justify;\">H\u00fck\u00fcmetin anayasa de\u011fi\u015fikli\u011fi ile &#8220;Mahkemeden nas\u0131l y\u0131rtar\u0131z&#8221;\u0131n hesab\u0131n\u0131 yapt\u0131\u011f\u0131n\u0131 iddia eden K\u0131l\u0131\u00e7daro\u011flu, \u015funlar\u0131 kaydetti:<\/p>\n<p style=\"text-align: justify;\">&#8220;Bu anlay\u0131\u015f yanl\u0131\u015f. Bu kul hakk\u0131 yiyenlerin anlay\u0131\u015f\u0131. Onun i\u00e7in &#8216;Hay\u0131r&#8217; diyoruz, demeye de devam edece\u011fiz. Ba\u015fbakan anayasa de\u011fi\u015fikli\u011fi ile memurun, emeklinin maa\u015f\u0131n\u0131n artaca\u011f\u0131n\u0131 s\u00f6yl\u00fcyor. Buna kargalar g\u00fcler. Halk\u0131 kand\u0131r\u0131yorlar, kand\u0131r\u0131rken utanm\u0131yorlar. Eksi 8 derecede Tunceli&#8217;de \u00e7ama\u015f\u0131r makinesi, buzdolab\u0131 da\u011f\u0131tt\u0131lar. \u015eimdi yaz\u0131n s\u0131ca\u011f\u0131nda, 45 derecede k\u00f6m\u00fcr da\u011f\u0131t\u0131yorlar. Bu r\u00fc\u015fvet oyununa kimse gelmesin. Se\u00e7im zaman\u0131nda k\u00f6m\u00fcr da\u011f\u0131t\u0131rsan bunun ad\u0131 &#8216;r\u00fc\u015fvettir&#8217;. Bunun ne insanl\u0131kta, ne M\u00fcsl\u00fcmanl\u0131kta yeri vard\u0131r. Halk\u0131n iktidar\u0131nda aile sigortas\u0131n\u0131 getirece\u011fiz biz. Sa\u011f elin verdi\u011fini sol el g\u00f6rmeyecek. Hay\u0131rs\u0131za &#8216;hay\u0131r&#8217; demek hepimizin g\u00f6revi olmal\u0131d\u0131r.&#8221;<\/p>\n<p style=\"text-align: justify;\"><strong>Dubai anla\u015fmas\u0131 <\/strong><\/p>\n<p style=\"text-align: justify;\">Milletini, halk\u0131n\u0131 d\u00fc\u015f\u00fcnmeyen insana &#8216;hay\u0131rs\u0131z&#8217; denece\u011fini belirten K\u0131l\u0131\u00e7daro\u011flu, \u015f\u00f6yle konu\u015ftu:<\/p>\n<p style=\"text-align: justify;\">&#8220;(Bir milyar dolar alaca\u011f\u0131m) diye \u00fclkesini pazarlayan adama &#8216;hay\u0131rs\u0131z&#8217; denir. Ali Babacan gidip Dubai&#8217;de anla\u015fma imzalad\u0131, &#8216;Bir milyar dolar verin, Irak&#8217;a girmeyece\u011fiz&#8217; diye&#8230; Bu nedir biliyor musunuz? Bunun ad\u0131 &#8216;vatana ihanettir&#8217;. S\u00f6yledim meydanlarda, o anla\u015fmay\u0131 Recep Bey&#8217;in yakas\u0131na asaca\u011f\u0131m, hi\u00e7 \u015f\u00fcpheniz olmas\u0131n. Kul hakk\u0131 yiyen hesap verecek, bunu sa\u011flamak i\u00e7in size geldim. Hesap sormak bizim boynumuzun borcu. Bunu yapaca\u011f\u0131z. Sizden oy istiyorum, yetki istiyorum. Hesab\u0131n\u0131 soral\u0131m. Hayat\u0131mda hi\u00e7 umutsuz olmad\u0131m, en b\u00fcy\u00fck umudum sizlersiniz. Halka g\u00fcveniyorum, halk\u0131n en b\u00fcy\u00fck g\u00fc\u00e7 oldu\u011funa inan\u0131yorum demokrasilerde. Siz g\u00fcc\u00fcn\u00fcz\u00fc birle\u015ftirirseniz, birlik olursan\u0131z sizi yenecek hi\u00e7 bir g\u00fc\u00e7 yoktur.&#8221;<\/p>\n<p style=\"text-align: justify;\">K\u0131l\u0131\u00e7daro\u011flu, ge\u00e7mi\u015f d\u00f6nemde CHP&#8217;ye k\u0131zm\u0131\u015f, oy vermemi\u015f olanlar\u0131 ve t\u00fcm vatanda\u015flar\u0131 partisinin \u00e7at\u0131s\u0131 alt\u0131na \u00e7a\u011f\u0131rd\u0131.<\/p>\n<p style=\"text-align: justify;\"><strong>Pankart ast\u0131lar <\/strong><\/p>\n<p style=\"text-align: justify;\">Bu arad CHP Genel Ba\u015fkan\u0131 Kemal K\u0131l\u0131\u00e7daro\u011flu&#8217;nun Elmada\u011f&#8217;da yapt\u0131\u011f\u0131 miting s\u0131ras\u0131nda bir apartman\u0131n \u00e7at\u0131s\u0131na pankart as\u0131ld\u0131.<\/p>\n<p style=\"text-align: justify;\">&#8220;K\u0131l\u0131\u00e7daro\u011flu bize de halk tipi havuzlu villa yapt\u0131rsana&#8221; yaz\u0131l\u0131 pankart asarak mitinge gelenleri tahrik etmeye \u00e7al\u0131\u015fan iki ki\u015fi polis ekipleri taraf\u0131ndan g\u00f6zalt\u0131na al\u0131nd\u0131. Polis, bu iki ki\u015finin kim oldu\u011fu ve kimler taraf\u0131ndan y\u00f6nlendirildi\u011fi konusunda a\u00e7\u0131klama yapmad\u0131. Olayla ilgili Emniyet&#8217;in a\u00e7\u0131klamas\u0131 bekleniyor.<\/p>\n<p style=\"text-align: justify;\"><span style=\"color: #888888;\">CNN T\u00dcRK<\/span><\/p>\n","protected":false},"excerpt":{"rendered":"<p style=\"text-align: center;\">\n<p style=\"text-align: justify;\">CHP Genel Ba\u015fkan\u0131 Kemal K\u0131l\u0131\u00e7daro\u011flu, &#8220;Bu Anayasa de\u011fi\u015fikli\u011fi kul hakk\u0131 yiyenlerin yarg\u0131dan ka\u00e7mas\u0131na imkan veriyor. Buna izin vermeyece\u011fiz&#8221; dedi ve ekledi: &#8220;Bizim siyaset anlay\u0131\u015f\u0131m\u0131zda talana, h\u0131rs\u0131zl\u0131\u011fa, kul hakk\u0131 yemeye yer yoktur. Hazreti \u00d6mer adaletiyle \u00e7al\u0131\u015faca\u011f\u0131z.&#8221;<\/p>\n","protected":false},"author":1,"featured_media":0,"comment_status":"open","ping_status":"closed","sticky":false,"template":"","format":"standard","meta":{"footnotes":""},"categories":[105],"tags":[],"class_list":["post-24699","post","type-post","status-publish","format-standard","hentry","category-gundem","odd"],"_links":{"self":[{"href":"http:\/\/www.korhanyilmaz.com\/index.php?rest_route=\/wp\/v2\/posts\/24699","targetHints":{"allow":["GET"]}}],"collection":[{"href":"http:\/\/www.korhanyilmaz.com\/index.php?rest_route=\/wp\/v2\/posts"}],"about":[{"href":"http:\/\/www.korhanyilmaz.com\/index.php?rest_route=\/wp\/v2\/types\/post"}],"author":[{"embeddable":true,"href":"http:\/\/www.korhanyilmaz.com\/index.php?rest_route=\/wp\/v2\/users\/1"}],"replies":[{"embeddable":true,"href":"http:\/\/www.korhanyilmaz.com\/index.php?rest_route=%2Fwp%2Fv2%2Fcomments&post=24699"}],"version-history":[{"count":0,"href":"http:\/\/www.korhanyilmaz.com\/index.php?rest_route=\/wp\/v2\/posts\/24699\/revisions"}],"wp:attachment":[{"href":"http:\/\/www.korhanyilmaz.com\/index.php?rest_route=%2Fwp%2Fv2%2Fmedia&parent=24699"}],"wp:term":[{"taxonomy":"category","embeddable":true,"href":"http:\/\/www.korhanyilmaz.com\/index.php?rest_route=%2Fwp%2Fv2%2Fcategories&post=24699"},{"taxonomy":"post_tag","embeddable":true,"href":"http:\/\/www.korhanyilmaz.com\/index.php?rest_route=%2Fwp%2Fv2%2Ftags&post=24699"}],"curies":[{"name":"wp","href":"https:\/\/api.w.org\/{rel}","templated":true}]}}