{"id":24691,"date":"2010-08-12T15:04:35","date_gmt":"2010-08-12T15:04:35","guid":{"rendered":"http:\/\/www.korhanyilmaz.com\/?p=24691"},"modified":"2010-08-12T15:04:35","modified_gmt":"2010-08-12T15:04:35","slug":"olmus-babami-bile-siyasete-alet-ediyorlar","status":"publish","type":"post","link":"http:\/\/www.korhanyilmaz.com\/?p=24691","title":{"rendered":"&#8216;\u00d6lm\u00fc\u015f babam\u0131 bile siyasete alet ediyorlar&#8217;"},"content":{"rendered":"<p style=\"text-align: center;\"><a href=\"http:\/\/www.korhanyilmaz.com\/wp-content\/uploads\/2010\/08\/052.jpg\"  class=\"lightview\"><img loading=\"lazy\" decoding=\"async\" class=\"aligncenter size-full wp-image-24692\" src=\"http:\/\/www.korhanyilmaz.com\/wp-content\/uploads\/2010\/08\/052.jpg\" alt=\"\" width=\"420\" height=\"210\" \/><\/a><\/p>\n<p style=\"text-align: justify;\">K\u0131l\u0131\u00e7daro\u011flu: \u00d6lm\u00fc\u015f annemi, \u00f6lm\u00fc\u015f babam\u0131 bile siyasete alet ediyorlar. Bunlar ay\u0131p. Her t\u00fcrl\u00fc hakareti yap\u0131yorlar.<\/p>\n<p style=\"text-align: justify;\">CHP Genel Ba\u015fkan\u0131 Kemal K\u0131l\u0131\u00e7daro\u011flu, \u00fclkede esnaf, memur, \u00e7ift\u00e7i ve emeklinin &#8220;hayat\u0131ndan memnun olmad\u0131\u011f\u0131n\u0131&#8221; \u00f6ne s\u00fcrerek, &#8220;Bu h\u00fck\u00fcmet kimin derdine derman oldu?&#8221; dedi. <!--more--><\/p>\n<p style=\"text-align: justify;\">K\u0131l\u0131\u00e7daro\u011flu, partisince K\u0131r\u015fehir\u2019de d\u00fczenlenen mitingde yapt\u0131\u011f\u0131 konu\u015fmada, bu d\u00fczenden kimsenin memnun olmad\u0131\u011f\u0131n\u0131 ancak &#8220;faizcilerin ve rantiyecilerin memnun kald\u0131klar\u0131n\u0131&#8221; iddia etti.<\/p>\n<p style=\"text-align: justify;\">\u00dclkede esnaf, memur, \u00e7ift\u00e7i ve emeklinin &#8220;hayat\u0131ndan memnun olmad\u0131\u011f\u0131n\u0131&#8221; savunan K\u0131l\u0131\u00e7daro\u011flu, \u015funlar\u0131 s\u00f6yledi:<\/p>\n<p style=\"text-align: justify;\">&#8220;\u00c7ift\u00e7iye soruyorum, bu d\u00fczenden memnun de\u011fil, i\u015f\u00e7iye soruyorum memnun de\u011fil, emekliye soruyorum memnun de\u011fil. Bu h\u00fck\u00fcmet kimin derdine derman oldu? Birilerinin bu d\u00fczenden memnun olmas\u0131 laz\u0131m. Kim bu memnun olanlar? Bu d\u00fczenden memnun olanlar faizciler, faizle cebini dolduranlar, yani rantiyeler, yani rant geliri elde edenler. Yani 1 milyon dolar s\u0131cak para getirip, 1 y\u0131lda 2 milyon 370 bin dolara ula\u015ft\u0131ranlar. Yani bir y\u0131lda 1 milyon 370 bin dolar kar elde edenler. Bunlara bu kar\u0131 kim veriyor? Sizler \u00e7al\u0131\u015f\u0131yorsunuz, \u00fcretiyorsunuz ama onlar kazan\u0131yor. Her yerde s\u00f6yl\u00fcyorum, halk\u0131n g\u00fcndemi ile h\u00fck\u00fcmetin g\u00fcndemi farkl\u0131.&#8221;<\/p>\n<p style=\"text-align: justify;\">Anayasa de\u011fi\u015fikli\u011finin hi\u00e7bir soruna \u00e7\u00f6z\u00fcm getirmeyece\u011fini ileri s\u00fcren K\u0131l\u0131\u00e7daro\u011flu, &#8220;Anayasa de\u011fi\u015fikli\u011fi memurun derdini mi \u00e7\u00f6z\u00fcyor, i\u015f\u00e7inin derdini mi \u00e7\u00f6z\u00fcyor, emeklinin derdini mi \u00e7\u00f6z\u00fcyor, kimin derdini \u00e7\u00f6z\u00fcyor? Bir ki\u015finin\u00a0 derdini \u00e7\u00f6z\u00fcyor. \u0130haleye fesat kar\u0131\u015ft\u0131ranlar\u0131n derdini \u00e7\u00f6z\u00fcyor. Kul hakk\u0131 yiyenlerin derdini \u00e7\u00f6z\u00fcyor&#8221; diye konu\u015ftu.<\/p>\n<p style=\"text-align: justify;\">Ordunun ve yarg\u0131n\u0131n siyasalla\u015ft\u0131r\u0131lmak istendi\u011fini \u00f6ne s\u00fcren Kemal K\u0131l\u0131\u00e7daro\u011flu, yarg\u0131n\u0131n siyasalla\u015ft\u0131r\u0131lmas\u0131n\u0131n bedelini yine bu toplumun \u00f6deyece\u011fini belirterek, &#8220;Yarg\u0131y\u0131 27 May\u0131s\u2019ta siyasalla\u015ft\u0131rd\u0131lar, Menderes idam edildi. 12 Mart\u2019ta siyasalla\u015ft\u0131rd\u0131lar, Deniz Gezmi\u015f idam edildi. 12 Eyl\u00fcl\u2019de siyasalla\u015ft\u0131rd\u0131lar, 16 ya\u015f\u0131ndaki bir gencin ya\u015f\u0131n\u0131 b\u00fcy\u00fct\u00fcp, 18 ya\u015f\u0131nda diye idam ettiler. Yarg\u0131y\u0131 siyasalla\u015ft\u0131rmak, orduyu siyasete bula\u015ft\u0131rmak yanl\u0131\u015f&#8221; dedi.<\/p>\n<p style=\"text-align: justify;\"><strong>&#8220;\u00d6LM\u00dc\u015e ANNE VE BABAMI S\u0130YASETE ALET ED\u0130YORLAR&#8221; <\/strong><\/p>\n<p style=\"text-align: justify;\">Anne ve babas\u0131n\u0131n &#8220;siyasete alet edilmesine&#8221; tepki g\u00f6steren CHP Genel Ba\u015fkan\u0131 Kemal K\u0131l\u0131\u00e7daro\u011flu, \u015funlar\u0131 s\u00f6yledi:<\/p>\n<p style=\"text-align: justify;\">&#8220;\u00d6lm\u00fc\u015f annemi, \u00f6lm\u00fc\u015f babam\u0131 bile siyasete alet ediyorlar. Bunlar ay\u0131p. Her t\u00fcrl\u00fc hakareti yap\u0131yorlar. Ba\u015fbakan\u2019\u0131n K\u0131r\u015fehir\u2019e geldi\u011finde bir s\u00f6z\u00fc vard\u0131. Dokunulmazl\u0131\u011f\u0131 kald\u0131racakt\u0131. Hadi \u015fimdi kald\u0131rs\u0131n, s\u00f6z\u00fcn\u00fc tutsun. Kul hakk\u0131\u00a0 yiyenlerden hesap soracaksak bu anayasaya \u2019evet\u2019 de\u011fil, \u2019hay\u0131r\u2019 demeliyiz. Ben milletin sesiyim. Sizin Kemal\u2019inizim. \u0130ktidara geldi\u011fimizde bunlardan hesap soraca\u011f\u0131z. Rantiyecilerden, kul hakk\u0131 yiyenlerden hesap soraca\u011f\u0131z. K\u0131r\u015fehir\u2019de 2002\u2019den bu yana 8 esnaf intihar etmi\u015f. Eskiden esnaf yazarkasa f\u0131rlat\u0131yordu, \u015fimdi intihar ediyor. Bu \u00e7ok ac\u0131 bir durum.&#8221;<\/p>\n<p style=\"text-align: justify;\"><strong>\u00c7\u0130FT\u00c7\u0130LERE DESTEK S\u00d6Z\u00dc <\/strong><\/p>\n<p style=\"text-align: justify;\">Mazot ve g\u00fcbre fiyatlar\u0131n\u0131n s\u00fcrekli artt\u0131\u011f\u0131n\u0131, iktidara geldiklerinde &#8220;\u00e7ift\u00e7ilerin derdine \u00e7are olacaklar\u0131n\u0131&#8221; belirten K\u0131l\u0131\u00e7daro\u011flu, \u015f\u00f6yle konu\u015ftu:<\/p>\n<p style=\"text-align: justify;\">&#8220;Mazot ve g\u00fcbre g\u00fcn g\u00fcn zamlan\u0131yor. \u00dcr\u00fcn bedellerinin fiyatlar\u0131 ise artm\u0131yor. Biz iktidara geldi\u011fimizde mazotu yar\u0131 yar\u0131ya ucuzlataca\u011f\u0131z. Tar\u0131m \u00fcr\u00fcnlerine ger\u00e7ek fiyatlar\u0131n\u0131 verece\u011fiz. \u00d6TV\u2019yi kald\u0131raca\u011f\u0131z.<\/p>\n<p style=\"text-align: justify;\">H\u00fck\u00fcmet \u00e7ift\u00e7iye niye d\u00fc\u015fman. Hayvanc\u0131l\u0131\u011f\u0131 bitirdiler. \u0130thal ete verilen paran\u0131n yar\u0131s\u0131 \u00fcreticiye destek olarak verilse hepsi ihya olurdu. \u015eimdi Yunanistan\u2019dan bile pamuk al\u0131yoruz. Biz iktidara geldi\u011fimizde \u00e7ift\u00e7imize destek verece\u011fiz.&#8221;<\/p>\n<p style=\"text-align: justify;\">Konu\u015fmas\u0131 s\u0131k s\u0131k &#8220;Ba\u015fbakan Kemal&#8221; slogan\u0131yla kesilen Kemal K\u0131l\u0131\u00e7daro\u011flu &#8220;G\u00fczel bir T\u00fcrkiye\u2019yi yeniden kurmak i\u00e7in \u00f6nce \u2019hay\u0131r\u2019 diyeceksiniz, sonra se\u00e7imde CHP bayra\u011f\u0131 alt\u0131nda birle\u015feceksiniz&#8221; dedi.<\/p>\n<p style=\"text-align: justify;\">K\u0131l\u0131\u00e7daro\u011flu, konu\u015fmas\u0131n\u0131n ard\u0131ndan, 300 partiliyle birlikte CHP\u2019ye kat\u0131lan T\u00fcrkiye De\u011fi\u015fim Hareketi K\u0131r\u015fehir Kurucu \u0130l Ba\u015fkan\u0131 Mehmet Karaaslan\u2019a parti rozeti takt\u0131.<\/p>\n<p style=\"text-align: justify;\"><strong>KIRIKKALE&#8217;Y\u0130 NEDEN BU HALE GET\u0130RD\u0130N D\u0130YE SORUN <\/strong><\/p>\n<p style=\"text-align: justify;\">CHP Genel Ba\u015fkan\u0131 Kemal K\u0131l\u0131\u00e7daro\u011flu, bu Anayasa de\u011fi\u015fikli\u011fi kul hakk\u0131 yiyenlerin yarg\u0131dan ka\u00e7mas\u0131na imkan verdi\u011fini, buna izin vermiyeceklerini belirterek, \u201cSen sert konu\u015fuyorsun diyorlar\u2019, ne yap\u0131y\u0131m kul hakk\u0131 yiyenlere \u2018yemeye devam edin mi diyeyim?\u201d dedi.<\/p>\n<p style=\"text-align: justify;\">Cumhuriyet Meydan\u0131\u2019nda 3 bin ki\u015fiye hitap eden K\u0131l\u0131\u00e7daro\u011flu, h\u00fck\u00fcmetin s\u00fcrekli \u2018T\u00fcrkiye\u2019yi b\u00fcy\u00fct\u00fcyoruz, d\u00fcnyan\u0131n say\u0131l\u0131 ekonomisi haline getiriyoruz\u2019 dedi\u011fini kaydederek, \u201cAma K\u0131r\u0131kkale\u2019de h\u00fcz\u00fcn var, g\u00f6\u00e7 var, 103 bin ki\u015fi buradan g\u00f6\u00e7 etti. E\u011fer bir yerden 103 bin ki\u015fi g\u00f6\u00e7 etmi\u015fse, K\u0131r\u0131kkaleli&#8217;nin bunu sormas\u0131 laz\u0131m, \u2018Madem T\u00fcrkiye \u00e7ok geli\u015fmi\u015fti, neden g\u00f6\u00e7 etti\u2019 diye sor. K\u0131r\u0131kkale\u2019de \u00fcnl\u00fc markalar, b\u00fcy\u00fck fabrikalar bulunuyordu. Ama hepsi kapand\u0131. \u2018Recep Bey, bu K\u0131r\u0131kkale\u2019yi neden bu hale getirdin\u2019 diye sormayacak m\u0131s\u0131n\u0131z? Ben size bunu sorun diye geldim\u201d diye konu\u015ftu.<\/p>\n<p style=\"text-align: justify;\">YEMEYE DEVAM ED\u0130N M\u0130 D\u0130YEY\u0130M?<\/p>\n<p style=\"text-align: justify;\">K\u0131l\u0131\u00e7daro\u011flu bir \u00fclkede yarg\u0131n\u0131n siyasalla\u015fmas\u0131 durumunda, o \u00fclkede sa\u011fl\u0131kl\u0131 demokrasiden bahsedilemeyece\u011fini, T\u00fcrkiye\u2019de yarg\u0131n\u0131n ba\u011f\u0131ms\u0131z olmas\u0131 gerekti\u011fini ifade etti. K\u0131l\u0131\u00e7daro\u011flu, \u201cBu Anayasa de\u011fi\u015fikli\u011fi memurun, i\u015f\u00e7inin, emeklinin, sanayicinin, \u00e7ift\u00e7inin, esnaf\u0131n sorununu \u00e7\u00f6z\u00fcyor mu? Bu Anayasa de\u011fi\u015fikli\u011fi kimin derdini \u00e7\u00f6z\u00fcyor? Bu de\u011fi\u015fiklik, kul hakk\u0131 yiyenlerin yarg\u0131dan ka\u00e7mas\u0131na imkan veriyor. Buna izin vermeyece\u011fiz. \u015eimdi bana \u2018sen sert konu\u015fuyorsun\u2019 diyorlar. Ne yapay\u0131m, kul hakk\u0131 yiyenlere \u2018Yemeye devam edin\u2019 mi diyeyim? Yoksulluk yap \u2018evet\u2019, h\u0131rs\u0131zl\u0131k yap \u2018evet\u2019, birinin buna \u2018dur\u2019 demesi laz\u0131m. Bunu halk diyecek, siz diyeceksiniz\u201d dedi.<\/p>\n<p style=\"text-align: justify;\">BA\u015eBAKAN\u2019A \u015e\u0130RKET SORUSU<\/p>\n<p style=\"text-align: justify;\">H\u00fck\u00fcmetin s\u00fcrekli \u2018T\u00fcrkiye\u2019yi b\u00fcy\u00fct\u00fcyoruz, T\u00fcrkiye\u2019nin d\u00fcnyada ilk 20 ekonomi i\u00e7inde\u2019 dedi\u011fini hat\u0131rlatan K\u0131l\u0131\u00e7daro\u011flu \u015f\u00f6yle devam etti:<\/p>\n<p style=\"text-align: justify;\">\u201cAma 11 ayd\u0131r belediyeden hakk\u0131n\u0131 alamayan i\u015f\u00e7ilerin durumuna ne diyece\u011fiz? Peki bu nas\u0131l geli\u015fme, nas\u0131l b\u00fcy\u00fcme, sormazlar m\u0131 adama? Bu H\u00fck\u00fcmetin bir ay\u0131b\u0131 daha var; emeklileri bu \u00fclkenin ikinci s\u0131n\u0131f vatanda\u015f\u0131 yapt\u0131lar. 3 Mart 2004\u2019te Say\u0131n Ba\u015fbakan yapt\u0131\u011f\u0131 bir r\u00f6portajda \u2018Ald\u0131\u011f\u0131m ayl\u0131kla ge\u00e7inemiyorum, onun i\u00e7in \u015firket kurdum\u2019 diyor. T\u00fcrkiye Cumhuriyeti tarihinde ilk kez bir Ba\u015fbakan, Ba\u015fbakanl\u0131k koltu\u011funda otururken \u015firket kurmu\u015ftur. Sen dolmu\u015f paras\u0131, taksi paras\u0131, metro, otob\u00fcs, helikopter, u\u00e7ak paras\u0131 vermezsin. Peki sen 13-14 bin liraya ge\u00e7inemiyorsun da K\u0131r\u0131kkale\u2019deki emekli nas\u0131l 500-600 liraya ge\u00e7insin, sende vicdan yok mu? Bunlar\u0131 s\u00f6yledi\u011fimde bana k\u0131z\u0131yorlar. Emeklinin derdini dile getirmek su\u00e7 mu? Su\u00e7sa ben bu su\u00e7u i\u015fliyorum.\u201d<\/p>\n<p style=\"text-align: justify;\"><strong>HAZRET\u0130 \u00d6MER ADALET\u0130YLE \u00c7ALI\u015eACA\u011eIZ <\/strong><\/p>\n<p style=\"text-align: justify;\">CHP lideri K\u0131l\u0131\u00e7daro\u011flu, h\u00fck\u00fcmete s\u0131k s\u0131k \u2018Emeklilerin intibak yasas\u0131n\u0131 \u00e7\u0131karma\u2019 teklifi g\u00f6t\u00fcrd\u00fcklerini ancak h\u00fck\u00fcmetin buna yana\u015fmad\u0131\u011f\u0131n\u0131 ileri s\u00fcrerek, \u201cMemur Kemal\u2019in, i\u015f\u00e7i Kemal\u2019in, \u00e7ift\u00e7i Kemal\u2019in, esnaf Kemal\u2019in s\u00f6z\u00fc; intibak yasas\u0131 \u00e7\u0131kacak. Halk\u0131n iktidar\u0131nda bunu yapaca\u011f\u0131z. Bizim siyaset anlay\u0131\u015f\u0131m\u0131zda talana, h\u0131rs\u0131zl\u0131\u011fa, kul hakk\u0131 yemeye yer yoktur. Hazreti \u00d6mer adaletiyle \u00e7al\u0131\u015faca\u011f\u0131z. Yapacaklar\u0131m\u0131z\u0131 anlatt\u0131\u011f\u0131m\u0131zda, h\u00fck\u00fcmetin \u2018bunun re\u00e7etesi nerede, bize de s\u00f6yle\u2019 diyor. 8 y\u0131ld\u0131r bu \u00fclkede ba\u015fbakans\u0131n. Re\u00e7eten yoksa ne i\u015fin var orada? Zaten Recep Bey\u2019in yazd\u0131\u011f\u0131 re\u00e7etenin sonu\u00e7lar\u0131 ortada. Gelsin g\u00f6rs\u00fcn K\u0131r\u0131kkale\u2019de. 11 ayd\u0131r i\u015f\u00e7inin eme\u011finin kar\u015f\u0131l\u0131\u011f\u0131n\u0131 vermeyeceksin, sonra ramazan diye yard\u0131m da\u011f\u0131tacaks\u0131n. \u00d6nce sen i\u015f\u00e7inin eme\u011finin kar\u015f\u0131l\u0131\u011f\u0131n\u0131 ver\u201d diye konu\u015ftu.<\/p>\n<p style=\"text-align: justify;\">\u0130ktidarlar\u0131nda sa\u011fl\u0131k sigortas\u0131 \u00e7\u0131kararak yoksulun onurunu da koruyacaklar\u0131n\u0131 s\u00f6z\u00fcn\u00fc veren CHP Lideri K\u0131l\u0131\u00e7daro\u011flu, K\u0131r\u0131kkale halk\u0131ndan destek istemeye geldi\u011fini, \u201cYoksullu\u011fun olmad\u0131\u011f\u0131, g\u00fczel ve onurlu T\u00fcrkiye\u2019yi kurmak i\u00e7in sizlere ihtiyac\u0131m var. Oy verin, T\u00fcrkiye\u2019nin kaderini de\u011fi\u015ftirelim\u201d diyerek s\u00f6zlerini tamamlad\u0131.<\/p>\n<p style=\"text-align: justify;\"><span style=\"color: #888888;\">Vatan<\/span><\/p>\n","protected":false},"excerpt":{"rendered":"<p style=\"text-align: center;\">\n<p style=\"text-align: justify;\">K\u0131l\u0131\u00e7daro\u011flu: \u00d6lm\u00fc\u015f annemi, \u00f6lm\u00fc\u015f babam\u0131 bile siyasete alet ediyorlar. Bunlar ay\u0131p. Her t\u00fcrl\u00fc hakareti yap\u0131yorlar.<\/p>\n<p style=\"text-align: justify;\">CHP Genel Ba\u015fkan\u0131 Kemal K\u0131l\u0131\u00e7daro\u011flu, \u00fclkede esnaf, memur, \u00e7ift\u00e7i ve emeklinin &#8220;hayat\u0131ndan memnun olmad\u0131\u011f\u0131n\u0131&#8221; \u00f6ne s\u00fcrerek, &#8220;Bu h\u00fck\u00fcmet kimin derdine derman oldu?&#8221; dedi. <\/p>\n","protected":false},"author":1,"featured_media":0,"comment_status":"open","ping_status":"closed","sticky":false,"template":"","format":"standard","meta":{"footnotes":""},"categories":[105],"tags":[],"class_list":["post-24691","post","type-post","status-publish","format-standard","hentry","category-gundem","odd"],"_links":{"self":[{"href":"http:\/\/www.korhanyilmaz.com\/index.php?rest_route=\/wp\/v2\/posts\/24691","targetHints":{"allow":["GET"]}}],"collection":[{"href":"http:\/\/www.korhanyilmaz.com\/index.php?rest_route=\/wp\/v2\/posts"}],"about":[{"href":"http:\/\/www.korhanyilmaz.com\/index.php?rest_route=\/wp\/v2\/types\/post"}],"author":[{"embeddable":true,"href":"http:\/\/www.korhanyilmaz.com\/index.php?rest_route=\/wp\/v2\/users\/1"}],"replies":[{"embeddable":true,"href":"http:\/\/www.korhanyilmaz.com\/index.php?rest_route=%2Fwp%2Fv2%2Fcomments&post=24691"}],"version-history":[{"count":0,"href":"http:\/\/www.korhanyilmaz.com\/index.php?rest_route=\/wp\/v2\/posts\/24691\/revisions"}],"wp:attachment":[{"href":"http:\/\/www.korhanyilmaz.com\/index.php?rest_route=%2Fwp%2Fv2%2Fmedia&parent=24691"}],"wp:term":[{"taxonomy":"category","embeddable":true,"href":"http:\/\/www.korhanyilmaz.com\/index.php?rest_route=%2Fwp%2Fv2%2Fcategories&post=24691"},{"taxonomy":"post_tag","embeddable":true,"href":"http:\/\/www.korhanyilmaz.com\/index.php?rest_route=%2Fwp%2Fv2%2Ftags&post=24691"}],"curies":[{"name":"wp","href":"https:\/\/api.w.org\/{rel}","templated":true}]}}