{"id":24688,"date":"2010-08-12T12:15:37","date_gmt":"2010-08-12T12:15:37","guid":{"rendered":"http:\/\/www.korhanyilmaz.com\/?p=24688"},"modified":"2010-08-12T12:15:37","modified_gmt":"2010-08-12T12:15:37","slug":"polemige-girdi-%e2%80%98borclu%e2%80%99-cikti","status":"publish","type":"post","link":"http:\/\/www.korhanyilmaz.com\/?p=24688","title":{"rendered":"Polemi\u011fe girdi \u2018bor\u00e7lu\u2019 \u00e7\u0131kt\u0131!"},"content":{"rendered":"<p style=\"text-align: center;\"><a href=\"http:\/\/www.korhanyilmaz.com\/wp-content\/uploads\/2010\/08\/051.jpg\"  class=\"lightview\"><img loading=\"lazy\" decoding=\"async\" class=\"aligncenter size-full wp-image-24689\" src=\"http:\/\/www.korhanyilmaz.com\/wp-content\/uploads\/2010\/08\/051.jpg\" alt=\"\" width=\"420\" height=\"210\" \/><\/a><\/p>\n<p style=\"text-align: justify;\">CHP lideri K\u0131l\u0131\u00e7daro\u011flu\u2019na \u201cSen memur emeklisisin, ben i\u015f\u00e7i emeklisiyim\u201d diye seslenerek tart\u0131\u015fma ba\u015flatan Ba\u015fbakan\u2019\u0131n Ba\u011f-Kur\u2019a 3 bin 22 TL borcu bulunuyor. Son beyan\u0131na g\u00f6re 2.4 milyon TL malvarl\u0131\u011f\u0131 olan Erdo\u011fan, milletvekili se\u00e7ildikten sonra i\u015f\u00e7i emeklili\u011fini durdurup daha y\u00fcksek maa\u015f alaca\u011f\u0131 memur emeklili\u011fine ge\u00e7ti. <!--more--><\/p>\n<p style=\"text-align: justify;\">Kamuda \u00e7al\u0131\u015fan emeklilerin emekli maa\u015f\u0131 kesilirken Erdo\u011fan, kendi h\u00fck\u00fcmeti d\u00f6neminde \u00e7\u0131kar\u0131lan ve milletvekillerine ayr\u0131cal\u0131k tan\u0131nan yasal bir d\u00fczenleme sayesinde milletvekili maa\u015f\u0131 yan\u0131nda emekli maa\u015f\u0131n\u0131 da almay\u0131 s\u00fcrd\u00fcrd\u00fc\u011f\u00fc belirtildi.<\/p>\n<p style=\"text-align: justify;\">CHP Genel Ba\u015fkan\u0131 Kemal K\u0131l\u0131\u00e7daro\u011flu ile \u201cemekli\u201d tart\u0131\u015fmas\u0131na giren Ba\u015fbakan Tayyip Erdo\u011fan\u2019\u0131n Ba\u011f-Kur\u2019a 3 bin 22 TL borcu oldu\u011fu ortaya \u00e7\u0131kt\u0131. Erdo\u011fan, milletvekili se\u00e7ildikten sonra i\u015f\u00e7i emeklili\u011fini durdurup daha y\u00fcksek maa\u015f alaca\u011f\u0131 memur emeklili\u011fine ge\u00e7ti. Erdo\u011fan\u2019\u0131n son beyan\u0131na g\u00f6re de 2.4 milyon TL malvarl\u0131\u011f\u0131 bulunuyor.<\/p>\n<p style=\"text-align: justify;\">K\u0131l\u0131\u00e7daro\u011flu ile Erdo\u011fan aras\u0131nda \u201cmemur-i\u015f\u00e7i\u201d emeklisi tart\u0131\u015fmas\u0131 ya\u015fanm\u0131\u015f, memur emeklisi olmas\u0131na kar\u015f\u0131n Erdo\u011fan\u2019\u0131n i\u015f\u00e7i emeklisi oldu\u011funu a\u00e7\u0131klamas\u0131 dikkat \u00e7ekmi\u015fti. Erdo\u011fan\u2019\u0131n hem emekli oluncaya kadar yat\u0131rd\u0131\u011f\u0131 primler hem de \u201ck\u0131yak emeklilik\u201d i\u00e7in yapt\u0131\u011f\u0131 giri\u015fimlerle ilgili bilgilere ula\u015f\u0131ld\u0131\u011f\u0131nda Erdo\u011fan&#8217;\u0131n, 1 Ocak 1987 tarihinde Ba\u011f-Kur\u2019a kay\u0131t yapt\u0131rd\u0131\u011f\u0131 g\u00f6r\u00fcl\u00fcyor.<\/p>\n<p style=\"text-align: justify;\">\u0130stanbul Beyo\u011flu\u2019nda kay\u0131tl\u0131 Sigorta Eksperleri Cemiyeti\u2019nde \u201ci\u015fveren\u201d olarak g\u00f6r\u00fcnen Erdo\u011fan\u2019\u0131n 1 y\u0131l 11 ay 30 g\u00fcnl\u00fck kayd\u0131 bulununuyor. www.sgk.gov.tr adresinden \u201cBa\u011f-Kur Sigortal\u0131 Bor\u00e7 Durumu\u201d sayfas\u0131ndan Erdo\u011fan\u2019a ait \u201c0522030556\u201d sicil numaras\u0131yla bor\u00e7 durumu sorguland\u0131\u011f\u0131nda Ba\u015fbakan\u2019\u0131n kuruma \u201c3.022,89\u201d TL borcu oldu\u011fu ortaya \u00e7\u0131k\u0131yor. Kay\u0131tlarda Erdo\u011fan \u201cterk etmi\u015f sigortal\u0131\u201d olarak g\u00f6r\u00fcn\u00fcrken, Ba\u015fbakan\u2019\u0131n kuruma olan borcunun 31 A\u011fustos 2010 tarihi itibar\u0131yla ge\u00e7erli olan bor\u00e7 oldu\u011fu bilgisi yer ald\u0131. Kay\u0131tlarda prim borcunun ay say\u0131s\u0131 da 24 olarak belirtildi. Erdo\u011fan\u2019\u0131n SGK\u2019ye borcu varken emeklilik ayl\u0131\u011f\u0131n\u0131n nas\u0131l ba\u011fland\u0131\u011f\u0131 sorusu yan\u0131ts\u0131z kald\u0131. \u00c7\u00fcnk\u00fc bir ki\u015fiye emekli ayl\u0131\u011f\u0131 ba\u011flanabilmesi i\u00e7in t\u00fcm sosyal g\u00fcvenlik kurumlar\u0131na olan bor\u00e7lar\u0131n\u0131 \u00f6demesi gerekiyor.<\/p>\n<p style=\"text-align: justify;\"><strong>\u0130\u015f\u00e7ilikten memurlu\u011fa d\u00f6n\u00fc\u015f <\/strong><\/p>\n<p style=\"text-align: justify;\">Erdo\u011fan, 1974 y\u0131l\u0131nda Co\u015fkun Et isimli \u015firkette sigortal\u0131 \u00e7al\u0131\u015fma ya\u015fam\u0131na ba\u015flad\u0131. 1976\u2019da \u0130ETT Spor\u2019a ge\u00e7ti ancak 5 y\u0131l sonra 1981\u2019de Erdo\u011fan yeniden Co\u015fkun Et\u2019e d\u00f6nd\u00fc. Al Et G\u0131da ve Elif Et\u2019de de \u00e7al\u0131\u015fan Erdo\u011fan, satt\u0131klar\u0131 aile \u015firketi Emniyet G\u0131da \u00fczerinden de 1998-2000 y\u0131llar\u0131 aras\u0131nda yatan primlerinin ard\u0131ndan emekli olmu\u015ftu.<\/p>\n<p style=\"text-align: justify;\">Erdo\u011fan\u2019\u0131n i\u015f\u00e7i emeklili\u011finden \u201ck\u0131yak emeklili\u011fe\u201d ge\u00e7i\u015f s\u00fcreci de \u015f\u00f6yle geli\u015fti: 1974 y\u0131l\u0131nda SSK sigorta primleri \u00f6denmeye ba\u015flanan Erdo\u011fan, 5 bin 587 i\u015fg\u00fcn\u00fcn\u00fc doldurdu\u011fu tarih olan 3 Mart 2000\u2019de SSK\u2019ye ba\u015fvurdu. Erdo\u011fan\u2019a 1 Nisan 2000 tarihinde de \u201ci\u015f\u00e7i emeklisi ayl\u0131\u011f\u0131\u201d ba\u011fland\u0131. Erdo\u011fan, 2 \u015eubat 2003\u2019e kadar emekli maa\u015f\u0131n\u0131 \u00e7ekmedi. Bankada 6 bin 320 TL\u2019si birikti. 2 \u015eubat 2003\u2019te biriken paras\u0131n\u0131 \u00e7ekti.<\/p>\n<p style=\"text-align: justify;\">Milletvekili olduktan sonra 15 Nisan 2003\u2019te SSK\u2019den i\u015f\u00e7i emeklili\u011fini durdurdu. Milletvekilli\u011finden emeklilik hakk\u0131n\u0131 kazanmak i\u00e7in 2 y\u0131l bekledi. \u0130ki y\u0131l\u0131n\u0131 dolduran milletvekillerine tan\u0131nan haktan yararlanan Erdo\u011fan, 15 \u015eubat 2006 tarihinde Emekli Sand\u0131\u011f\u0131\u2019ndan emekli oldu. O tarihte Erdo\u011fan\u2019\u0131n ilk emekli maa\u015f\u0131 da 2 bin 113 TL idi. Ba\u015fbakan Erdo\u011fan\u2019\u0131n emeklilik maa\u015f\u0131 25 y\u0131l 1 ay 5 g\u00fcn \u00fczerinden, ikramiyesi ise 16 y\u0131l \u00fczerinden hesapland\u0131.<\/p>\n<p style=\"text-align: justify;\">Sosyal G\u00fcvenlik Kurumu internet sitesinde \u201cEmekli Sand\u0131\u011f\u0131 TC Kimlik Numaras\u0131 Do\u011frulama ve Hak Sahipli\u011fi \u0130\u015flemleri\u201d sayfas\u0131ndan yap\u0131lan sorgulamada Baba Ad\u0131 Ahmet, Do\u011fum Tarihi 26.2.1954 olarak g\u00f6z\u00fcken 17291716060 TC Kimlik Numaral\u0131 Recep Tayyip Erdo\u011fan\u2019\u0131n, 547712950 sicil numaras\u0131yla \u201cAktif Emekli\u201d oldu\u011fu g\u00f6r\u00fcl\u00fcyor.<\/p>\n<p style=\"text-align: justify;\">Ba\u015fbakan Erdo\u011fan\u2019\u0131n, milletvekili maa\u015f\u0131n\u0131n yan\u0131 s\u0131ra emekli maa\u015f\u0131 almas\u0131na olanak tan\u0131yan yasal d\u00fczenlemeleri kendi iktidar\u0131nda ge\u00e7irmesi de dikkat \u00e7ekiyor. AKP iktidar\u0131nda 21 Nisan 2005 tarihinde Meclis\u2019te kabul edilen 5335 say\u0131l\u0131 Yasa ile emekli olanlar i\u00e7in \u201cemeklilik maa\u015flar\u0131 kesilmeksizin kamuda \u00e7al\u0131\u015fma olana\u011f\u0131\u201d ortadan kald\u0131r\u0131l\u0131rken, ayn\u0131 yasada getirilen istisna ile milletvekilleri bu kapsam d\u0131\u015f\u0131nda tutuldu.<\/p>\n<p style=\"text-align: justify;\"><span style=\"color: #888888;\">Kaynak : \u0130lhan TA\u015e\u00c7I-Murat KI\u015eLALI \/ Cumhuriyet<\/span><\/p>\n","protected":false},"excerpt":{"rendered":"<p style=\"text-align: center;\">\n<p style=\"text-align: justify;\">CHP lideri K\u0131l\u0131\u00e7daro\u011flu\u2019na \u201cSen memur emeklisisin, ben i\u015f\u00e7i emeklisiyim\u201d diye seslenerek tart\u0131\u015fma ba\u015flatan Ba\u015fbakan\u2019\u0131n Ba\u011f-Kur\u2019a 3 bin 22 TL borcu bulunuyor. Son beyan\u0131na g\u00f6re 2.4 milyon TL malvarl\u0131\u011f\u0131 olan Erdo\u011fan, milletvekili se\u00e7ildikten sonra i\u015f\u00e7i emeklili\u011fini durdurup daha y\u00fcksek maa\u015f alaca\u011f\u0131 memur emeklili\u011fine ge\u00e7ti. <\/p>\n","protected":false},"author":1,"featured_media":0,"comment_status":"open","ping_status":"closed","sticky":false,"template":"","format":"standard","meta":{"footnotes":""},"categories":[105],"tags":[],"class_list":["post-24688","post","type-post","status-publish","format-standard","hentry","category-gundem","odd"],"_links":{"self":[{"href":"http:\/\/www.korhanyilmaz.com\/index.php?rest_route=\/wp\/v2\/posts\/24688","targetHints":{"allow":["GET"]}}],"collection":[{"href":"http:\/\/www.korhanyilmaz.com\/index.php?rest_route=\/wp\/v2\/posts"}],"about":[{"href":"http:\/\/www.korhanyilmaz.com\/index.php?rest_route=\/wp\/v2\/types\/post"}],"author":[{"embeddable":true,"href":"http:\/\/www.korhanyilmaz.com\/index.php?rest_route=\/wp\/v2\/users\/1"}],"replies":[{"embeddable":true,"href":"http:\/\/www.korhanyilmaz.com\/index.php?rest_route=%2Fwp%2Fv2%2Fcomments&post=24688"}],"version-history":[{"count":0,"href":"http:\/\/www.korhanyilmaz.com\/index.php?rest_route=\/wp\/v2\/posts\/24688\/revisions"}],"wp:attachment":[{"href":"http:\/\/www.korhanyilmaz.com\/index.php?rest_route=%2Fwp%2Fv2%2Fmedia&parent=24688"}],"wp:term":[{"taxonomy":"category","embeddable":true,"href":"http:\/\/www.korhanyilmaz.com\/index.php?rest_route=%2Fwp%2Fv2%2Fcategories&post=24688"},{"taxonomy":"post_tag","embeddable":true,"href":"http:\/\/www.korhanyilmaz.com\/index.php?rest_route=%2Fwp%2Fv2%2Ftags&post=24688"}],"curies":[{"name":"wp","href":"https:\/\/api.w.org\/{rel}","templated":true}]}}