{"id":24677,"date":"2010-08-11T21:44:13","date_gmt":"2010-08-11T21:44:13","guid":{"rendered":"http:\/\/www.korhanyilmaz.com\/?p=24677"},"modified":"2010-08-11T21:44:13","modified_gmt":"2010-08-11T21:44:13","slug":"recep-beye-dersini-vermek-herkesin-gorevi","status":"publish","type":"post","link":"http:\/\/www.korhanyilmaz.com\/?p=24677","title":{"rendered":"&#8220;Recep Bey&#8217;e dersini vermek herkesin g\u00f6revi&#8221;"},"content":{"rendered":"<p style=\"text-align: center;\"><a href=\"http:\/\/www.korhanyilmaz.com\/wp-content\/uploads\/2010\/08\/048.jpg\"  class=\"lightview\"><img loading=\"lazy\" decoding=\"async\" class=\"aligncenter size-full wp-image-24678\" src=\"http:\/\/www.korhanyilmaz.com\/wp-content\/uploads\/2010\/08\/048.jpg\" alt=\"\" width=\"307\" height=\"236\" \/><\/a><\/p>\n<p style=\"text-align: justify;\">CHP Genel Ba\u015fkan\u0131 Kemal K\u0131l\u0131\u00e7daro\u011flu, &#8220;Bir ba\u015fbakan meydanlarda verdi\u011fi s\u00f6z\u00fc tutmazsa, televizyon ekranlar\u0131nda yapt\u0131\u011f\u0131 konu\u015fman\u0131n arkas\u0131nda durmazsa, o ba\u015fbakan\u0131 ne yapmak laz\u0131m? \u00d6n\u00fcn\u00fczde 12 Eyl\u00fcl var, s\u00f6z\u00fcn\u00fc tutmayan bir ba\u015fbakan var. Recep Bey&#8217;e dersini vermek, her yurtseverin g\u00f6revi art\u0131k&#8221; dedi. <!--more--><\/p>\n<p style=\"text-align: justify;\">K\u0131l\u0131\u00e7daro\u011flu, partisince Nev\u015fehir&#8217;de d\u00fczenlenen mitingde yapt\u0131\u011f\u0131 konu\u015fmada, kul hakk\u0131 yiyenlere, al\u0131n terini s\u00f6m\u00fcrenlere hesap sormak i\u00e7in Nev\u015fehir halk\u0131ndan kendisine yetki vermelerini istedi.<\/p>\n<p style=\"text-align: justify;\">Ba\u015fbakan Recep Tayyip Erdo\u011fan&#8217;\u0131n 21 Ekim 2002 tarihinde Nev\u015fehir&#8217;deki konu\u015fmas\u0131nda, &#8220;Parti programlar\u0131n\u0131n 16. sayfas\u0131nda, dokunulmazl\u0131klar\u0131n kald\u0131r\u0131laca\u011f\u0131n\u0131n yaz\u0131l\u0131 oldu\u011funu&#8221; s\u00f6yledi\u011fini belirten K\u0131l\u0131\u00e7daro\u011flu, \u015funlar\u0131 kaydetti:<\/p>\n<p style=\"text-align: justify;\">&#8220;16. maddede bak\u0131n ne yaz\u0131yor; &#8216;Milletvekili ve bakanlar\u0131n yarg\u0131lanmalar\u0131n\u0131n \u00f6n\u00fcndeki anayasal engeller kald\u0131r\u0131lacak, dokunulmazl\u0131k t\u00fcm kamu g\u00f6revlilerinin yarg\u0131lanabilmeleri y\u00f6n\u00fcndeki engellerle ayr\u0131cal\u0131klarla birlikte ele al\u0131nacakt\u0131r&#8217;. Buraya gelip, &#8216;Biz dokunulmazl\u0131klar\u0131 kald\u0131raca\u011f\u0131z, milletvekili dokunulmazl\u0131klar\u0131n\u0131 kald\u0131raca\u011f\u0131z, bakanlar\u0131n yarg\u0131lanmalar\u0131n\u0131n \u00f6n\u00fcndeki engelleri kald\u0131raca\u011f\u0131z&#8217; diye size s\u00f6z verdiler. \u015eimdi Anayasa referandumu geldi.<\/p>\n<p style=\"text-align: justify;\">Dokunulmazl\u0131klar\u0131 kald\u0131ran bir h\u00fck\u00fcm var m\u0131? O zaman soruyorum, bir adam, bir ba\u015fbakan, meydanlarda verdi\u011fi s\u00f6z\u00fc tutmazsa, televizyon ekranlar\u0131nda yapt\u0131\u011f\u0131 konu\u015fman\u0131n arkas\u0131nda durmazsa, o ba\u015fbakan\u0131 ne yapmak laz\u0131m? \u00d6n\u00fcn\u00fczde 12 Eyl\u00fcl var, s\u00f6z\u00fcn\u00fc tutmayan bir ba\u015fbakan var. Recep Bey&#8217;e dersini vermek, her yurtseverin g\u00f6revi art\u0131k. Hem s\u00f6z vereceksin, hem s\u00f6z\u00fcn\u00fc yerin getirmeyeceksin. O zaman millete d\u00fc\u015fen, onu sand\u0131\u011fa g\u00f6mmektir. Bunun i\u00e7in s\u00f6z veriyor musunuz?&#8221;<\/p>\n<p style=\"text-align: justify;\">Kul hakk\u0131 yiyen, yolsuzluk yap\u0131p k\u00f6\u015feyi d\u00f6nenlerden hesap soracaklar\u0131n\u0131 vurgulayan K\u0131l\u0131\u00e7daro\u011flu, &#8220;Kul hakk\u0131 yeyip, yolsuzluk yap\u0131p, k\u00f6\u015feyi d\u00f6n\u00fcp s\u0131rt\u0131n\u0131 vatanda\u015fa d\u00f6neceksin, vatanda\u015f\u0131n al\u0131n terini g\u00f6rmeyeceksin, yeri geldi\u011finde onu a\u015fa\u011f\u0131layacaks\u0131n, sana derdi\u011fi anlatmaya \u00e7al\u0131\u015ft\u0131\u011f\u0131 zaman da &#8216;al anan\u0131 git&#8217; diyeceksin. Bunun mutlaka dersini verece\u011fiz&#8221; dedi.<\/p>\n<p style=\"text-align: justify;\">Kalabal\u0131\u011f\u0131n, &#8220;Vur vur inlesin, Ba\u015fbakan dinlesin&#8221; slogan\u0131 atmas\u0131 \u00fczerine K\u0131l\u0131\u00e7daro\u011flu, &#8220;Siz hi\u00e7 endi\u015felenmeyin, g\u00f6vdesini silkeliyoruz, sizler de dallar\u0131n\u0131 silkeleyin. Yere d\u00fc\u015f\u00fcr\u00fcnceye kadar bunu yapaca\u011f\u0131z&#8221; diye konu\u015ftu.<\/p>\n<p style=\"text-align: justify;\">H\u00fck\u00fcmetin, emeklilerle ilgili bir kanun \u00e7\u0131kard\u0131\u011f\u0131n\u0131, 5510 say\u0131l\u0131 bu kanunun bir maddesinde, &#8220;Emekliye milli gelir art\u0131\u015f\u0131ndan pay verilemez&#8221; h\u00fckm\u00fc bulundu\u011funu ifade eden K\u0131l\u0131\u00e7daro\u011flu, &#8220;\u015eimdi Nev\u015fehir&#8217;den soruyorum, Say\u0131n Ba\u015fbakan, b\u00f6yle bir kanun \u00e7\u0131kard\u0131n m\u0131 \u00e7\u0131karmad\u0131n m\u0131? E\u011fer, &#8216;Ben b\u00f6yle bir kanun \u00e7\u0131karmad\u0131m&#8217; derse, size s\u00f6z veriyorum, kanunun o maddesini Recep Bey&#8217;in yakas\u0131na rozet diye takaca\u011f\u0131m. Say\u0131n Ba\u015fbakan, 2004&#8217;te, &#8216;Ald\u0131\u011f\u0131m maa\u015fla ge\u00e7inemiyorum. O y\u00fczden \u015firket kuruyorum&#8217; diyor. Ald\u0131\u011f\u0131n ayl\u0131k 10 bin lira, taksi, dolmu\u015f, u\u00e7ak paras\u0131 vermezsin. Sen 10 bin lirayla ge\u00e7inemiyorsan Nev\u015fehir&#8217;deki bir emekli, ayda 500-600 lirayla nas\u0131l ge\u00e7iniyor diye hi\u00e7 kendine sormad\u0131n m\u0131? \u015eimdi, Say\u0131n Ba\u015fbakan desin ki, &#8216;Ben b\u00f6yle konu\u015fmad\u0131m&#8217;, yakas\u0131na bu konu\u015fmay\u0131 da ili\u015ftirece\u011fim&#8221; dedi.<\/p>\n<p style=\"text-align: justify;\">K\u0131l\u0131\u00e7daro\u011flu, mitingin ard\u0131ndan U\u00e7hisar ve Ortahisar beldelerinde vatanda\u015flarla sohbet etti, \u00dcrg\u00fcp il\u00e7esinde &#8220;\u00dc\u00e7 G\u00fczeller&#8221; olarak bilinen Peri Bacalar\u0131nda an\u0131 foto\u011fraf\u0131 \u00e7ektirdi.<\/p>\n<p style=\"text-align: justify;\"><span style=\"color: #888888;\">CNN T\u00dcRK<\/span><\/p>\n","protected":false},"excerpt":{"rendered":"<p style=\"text-align: center;\">\n<p style=\"text-align: justify;\">CHP Genel Ba\u015fkan\u0131 Kemal K\u0131l\u0131\u00e7daro\u011flu, &#8220;Bir ba\u015fbakan meydanlarda verdi\u011fi s\u00f6z\u00fc tutmazsa, televizyon ekranlar\u0131nda yapt\u0131\u011f\u0131 konu\u015fman\u0131n arkas\u0131nda durmazsa, o ba\u015fbakan\u0131 ne yapmak laz\u0131m? \u00d6n\u00fcn\u00fczde 12 Eyl\u00fcl var, s\u00f6z\u00fcn\u00fc tutmayan bir ba\u015fbakan var. Recep Bey&#8217;e dersini vermek, her yurtseverin g\u00f6revi art\u0131k&#8221; dedi. <\/p>\n","protected":false},"author":1,"featured_media":0,"comment_status":"open","ping_status":"closed","sticky":false,"template":"","format":"standard","meta":{"footnotes":""},"categories":[105],"tags":[],"class_list":["post-24677","post","type-post","status-publish","format-standard","hentry","category-gundem","odd"],"_links":{"self":[{"href":"http:\/\/www.korhanyilmaz.com\/index.php?rest_route=\/wp\/v2\/posts\/24677","targetHints":{"allow":["GET"]}}],"collection":[{"href":"http:\/\/www.korhanyilmaz.com\/index.php?rest_route=\/wp\/v2\/posts"}],"about":[{"href":"http:\/\/www.korhanyilmaz.com\/index.php?rest_route=\/wp\/v2\/types\/post"}],"author":[{"embeddable":true,"href":"http:\/\/www.korhanyilmaz.com\/index.php?rest_route=\/wp\/v2\/users\/1"}],"replies":[{"embeddable":true,"href":"http:\/\/www.korhanyilmaz.com\/index.php?rest_route=%2Fwp%2Fv2%2Fcomments&post=24677"}],"version-history":[{"count":0,"href":"http:\/\/www.korhanyilmaz.com\/index.php?rest_route=\/wp\/v2\/posts\/24677\/revisions"}],"wp:attachment":[{"href":"http:\/\/www.korhanyilmaz.com\/index.php?rest_route=%2Fwp%2Fv2%2Fmedia&parent=24677"}],"wp:term":[{"taxonomy":"category","embeddable":true,"href":"http:\/\/www.korhanyilmaz.com\/index.php?rest_route=%2Fwp%2Fv2%2Fcategories&post=24677"},{"taxonomy":"post_tag","embeddable":true,"href":"http:\/\/www.korhanyilmaz.com\/index.php?rest_route=%2Fwp%2Fv2%2Ftags&post=24677"}],"curies":[{"name":"wp","href":"https:\/\/api.w.org\/{rel}","templated":true}]}}