{"id":24672,"date":"2010-08-07T22:10:34","date_gmt":"2010-08-07T22:10:34","guid":{"rendered":"http:\/\/www.korhanyilmaz.com\/?p=24672"},"modified":"2010-08-07T22:10:34","modified_gmt":"2010-08-07T22:10:34","slug":"valilik-calisanlari-akp%e2%80%99nin-mitingine-nasil-goturuldu","status":"publish","type":"post","link":"http:\/\/www.korhanyilmaz.com\/?p=24672","title":{"rendered":"Valilik \u00c7al\u0131\u015fanlar\u0131 AKP&#8217;nin Mitingine Nas\u0131l G\u00f6t\u00fcr\u00fcld\u00fc?"},"content":{"rendered":"<p><a href=\"http:\/\/www.korhanyilmaz.com\/wp-content\/uploads\/2010\/08\/047.jpg\"  class=\"lightview\"><img loading=\"lazy\" decoding=\"async\" class=\"aligncenter size-full wp-image-24675\" src=\"http:\/\/www.korhanyilmaz.com\/wp-content\/uploads\/2010\/08\/047.jpg\" alt=\"\" width=\"250\" height=\"175\" \/><\/a><\/p>\n<p style=\"text-align: justify;\">AKP-devlet ili\u015fkilerinin ne boyuta geldi\u011finin foto\u011fraf\u0131n\u0131 bu haberimizde sunaca\u011f\u0131z.<\/p>\n<p style=\"text-align: justify;\">Bir devlet kurumunun, iktidardaki siyasal partiyle nas\u0131l bir ba\u011f\u0131 olabilece\u011finin nadide bir \u00f6rne\u011fi\u2026<\/p>\n<p style=\"text-align: justify;\">Ba\u015fbakan Erdo\u011fan\u2019\u0131n Ayd\u0131n\u2019daki referandum mitingine kat\u0131lmas\u0131 i\u00e7in kamu personellerine nas\u0131l \u00e7a\u011fr\u0131da bulundu\u011fu haberlerinin duman\u0131 daha \u00fcst\u00fcnde t\u00fcterken, bir benzer olay da Eski\u015fehir\u2019de ya\u015fand\u0131.<!--more--><\/p>\n<p style=\"text-align: justify;\">****<\/p>\n<p style=\"text-align: justify;\">Ba\u015fbakan 6 A\u011fustos Cuma g\u00fcn\u00fc Eski\u015fehir\u2019deydi. Eski\u015fehir valisiyle yapt\u0131\u011f\u0131 g\u00f6r\u00fc\u015fmeden sonra, referandum i\u00e7in d\u00fczenlenen mitinge kat\u0131ld\u0131. Ard\u0131ndan da; Eski\u015fehir A\u011f\u0131z ve Di\u015f Sa\u011fl\u0131\u011f\u0131 Merkezi\u2019nin yeni binas\u0131n\u0131n a\u00e7\u0131l\u0131\u015f\u0131n\u0131 yapt\u0131.<\/p>\n<p style=\"text-align: justify;\">Bu, bilinen bilgiler.<\/p>\n<p style=\"text-align: justify;\">Haberimizin sonunda bir belge yay\u0131nl\u0131yoruz.<\/p>\n<p style=\"text-align: justify;\">Do\u011frudan valiye ba\u011fl\u0131 Eski\u015fehir \u0130l \u00d6zel \u0130daresi \u0130nsan Kaynaklar\u0131 ve E\u011fitim Daire Ba\u015fkanl\u0131\u011f\u0131\u2019n\u0131n, 4 A\u011fustos \u00c7ar\u015famba g\u00fcnk\u00fc bir i\u00e7 yaz\u0131\u015fmas\u0131 bu belge.<\/p>\n<p style=\"text-align: justify;\">Destek Hizmetleri Daire Ba\u015fkanl\u0131\u011f\u0131\u2019na ithafen yaz\u0131lm\u0131\u015f bu belgeyi okuyal\u0131m:<\/p>\n<p style=\"text-align: justify;\">\u201cT.C.<\/p>\n<p style=\"text-align: justify;\">ESK\u0130\u015eEH\u0130R \u0130L \u00d6ZEL \u0130DARES\u0130<\/p>\n<p style=\"text-align: justify;\">\u0130nsan Kaynaklar\u0131 ve E\u011fitim Daire Ba\u015fkanl\u0131\u011f\u0131<\/p>\n<p style=\"text-align: justify;\">4 A\u011fustos 2010<\/p>\n<p style=\"text-align: justify;\">Konu: A\u00e7\u0131l\u0131\u015f T\u00f6reni<\/p>\n<p style=\"text-align: justify;\">DESTEK H\u0130ZMETLER\u0130 DA\u0130RE BA\u015eKANLI\u011eI<\/p>\n<p style=\"text-align: justify;\">\u0130lgi: Valilik Makam\u0131n\u0131n 03.08.2010 tarih ve 3826 say\u0131l\u0131 yaz\u0131s\u0131<\/p>\n<p style=\"text-align: justify;\">Ba\u015fbakan\u0131m\u0131z Say\u0131n Recep Tayip Erdo\u011fan, Eski\u015fehir A\u011f\u0131z ve Di\u015f Sa\u011fl\u0131\u011f\u0131 Merkezinin 06.08.2010 Cuma g\u00fcn\u00fc saat 19.00\u2019da a\u00e7\u0131l\u0131\u015f\u0131n\u0131 ger\u00e7ekle\u015ftirecektir. Bu a\u00e7\u0131l\u0131\u015f t\u00f6renine t\u00fcm Daire Amirleri kat\u0131lacak dairemiz personelinden kat\u0131lmak isteyenlerin t\u00f6ren yerine ula\u015f\u0131mlar\u0131n\u0131n sa\u011flanmas\u0131 Dairemizce yap\u0131lacakt\u0131r.<\/p>\n<p style=\"text-align: justify;\">T\u00fcm personele duyurulmas\u0131 ve a\u00e7\u0131l\u0131\u015fa kat\u0131lmak isteyen personelin Makine \u0130kmal M\u00fcd\u00fcrl\u00fc\u011f\u00fcnce a\u00e7\u0131l\u0131\u015f yerine ula\u015ft\u0131r\u0131lmas\u0131n\u0131 rica ederim.<\/p>\n<p style=\"text-align: justify;\">Cafer Odaba\u015f<\/p>\n<p style=\"text-align: justify;\">Genel Sekreter\u201d<\/p>\n<p style=\"text-align: justify;\">****<\/p>\n<p style=\"text-align: justify;\">\u015eimdi bu belgenin sat\u0131r aralar\u0131n\u0131 okumaya ba\u015flayal\u0131m.<\/p>\n<p style=\"text-align: justify;\">\u00d6ncelikle; yaz\u0131\u015fman\u0131n konusunun \u201cA\u00e7\u0131l\u0131\u015f T\u00f6reni\u201d oldu\u011fu bilgisini g\u00f6r\u00fcyoruz. Burada bahsedilen t\u00f6ren, Eski\u015fehir A\u011f\u0131z ve Di\u015f Sa\u011fl\u0131\u011f\u0131 Merkezi\u2019nin saat 19.00\u2019daki a\u00e7\u0131l\u0131\u015f\u0131.<\/p>\n<p style=\"text-align: justify;\">Buraya bir virg\u00fcl koyup, devam edelim\u2026<\/p>\n<p style=\"text-align: justify;\">Belgenin 4 A\u011fustos tarihini ta\u015f\u0131d\u0131\u011f\u0131n\u0131 s\u00f6ylemi\u015ftik.<\/p>\n<p style=\"text-align: justify;\">Ancak \u00f6\u011freniyoruz ki; emir 3 A\u011fustos tarihinde Vali taraf\u0131ndan veriliyor.<\/p>\n<p style=\"text-align: justify;\">Valinin yaz\u0131l\u0131 emriyle olay, \u00d6zel \u0130dare Genel Sekreteri taraf\u0131ndan, valili\u011fin Destek Hizmetleri Daire Ba\u015fkanl\u0131\u011f\u0131\u2019na naklediliyor. \u00c7\u00fcnk\u00fc personel i\u00e7in ara\u00e7lar bu daire taraf\u0131ndan sa\u011flanacak.<\/p>\n<p style=\"text-align: justify;\">\u201cA\u00e7\u0131l\u0131\u015fa, valili\u011fe ba\u011fl\u0131 t\u00fcm daire amirlerinin kat\u0131laca\u011f\u0131\u201d belirtilen bu yaz\u0131\u015fmada, \u201ct\u00fcm personele duyurulmas\u0131\u201d tembihleniyor ve personel i\u00e7in de servis kald\u0131r\u0131lmas\u0131 talimat\u0131 veriliyor.<\/p>\n<p style=\"text-align: justify;\">\u015eimdi burada bir dural\u0131m. Ve elimizdeki verilerden, edindi\u011fimiz bilgilerden yola \u00e7\u0131karak sorular\u0131m\u0131z\u0131 s\u0131ralayal\u0131m.<\/p>\n<p style=\"text-align: justify;\">&#8211; Eski\u015fehir Valisi Mehmet K\u0131l\u0131\u00e7lar, bu emri neden veriyor?<\/p>\n<p style=\"text-align: justify;\">&#8211; Daire amirlerinden alt kademedeki personele kadar, Valilik \u00e7al\u0131\u015fanlar\u0131n\u0131n bu a\u00e7\u0131l\u0131\u015fa kat\u0131lmas\u0131n\u0131 neden istiyor?<\/p>\n<p style=\"text-align: justify;\">&#8211; Ger\u00e7ekte ama\u00e7 bir hastanenin a\u00e7\u0131l\u0131\u015f\u0131 m\u0131? Yoksa a\u00e7\u0131l\u0131\u015f \u00f6ncesinde, AKP\u2019nin Eski\u015fehir\u2019deki referandum mitingine kat\u0131l\u0131m sa\u011flamak m\u0131?<\/p>\n<p style=\"text-align: justify;\">Bak\u0131n\u0131z, bu son sorumuz hayati \u00f6nem ta\u015f\u0131yor. \u00c7\u00fcnk\u00fc edindi\u011fimiz bilgiye g\u00f6re; valilik personelini \u201ca\u00e7\u0131l\u0131\u015fa\u201d ta\u015f\u0131yacak ara\u00e7lar saat 16.30\u2019da valilik binas\u0131ndan yola \u00e7\u0131k\u0131yor. Yani s\u00f6z konusu hastanenin a\u00e7\u0131l\u0131\u015f\u0131ndan 2,5 saat \u00f6nce\u2026<\/p>\n<p style=\"text-align: justify;\">Haber kaynaklar\u0131m\u0131z; valilik personelinin \u00f6nce Ba\u015fbakan Erdo\u011fan\u2019\u0131n referandum mitingine g\u00f6t\u00fcr\u00fcld\u00fc\u011f\u00fc bilgisini bize veriyor.<\/p>\n<p style=\"text-align: justify;\">****<\/p>\n<p style=\"text-align: justify;\">Haberimizi bitirmeden \u00f6nce; bir k\u00fc\u00e7\u00fck not daha aktaral\u0131m.<\/p>\n<p style=\"text-align: justify;\">G\u00f6r\u00fclece\u011fi \u00fczere; s\u00f6z konusu belgenin alt\u0131nda Cafer Odaba\u015f imzas\u0131 bulunuyor. Odaba\u015f bu belgeyi, Eski\u015fehir \u0130l \u00d6zel \u0130daresi Genel Sekreteri unvan\u0131yla imzal\u0131yor.<\/p>\n<p style=\"text-align: justify;\">Bu olaydan 3 g\u00fcn \u00f6nce ise, yani 31 Temmuz tarihli Resmi Gazete&#8217;de Odaba\u015f&#8217;la ilgili bir karar yay\u0131nland\u0131. Buna g\u00f6re; Cafer Odaba\u015f, \u0130stanbul Pendik il\u00e7esinin yeni Kaymakam\u0131 olarak atand\u0131.<\/p>\n<p style=\"text-align: justify;\"><a href=\"http:\/\/www.odatv.com\/n.php?n=valilik-calisanlari-akpnin-mitingine-nasil-goturuldu-0708101200\" target=\"_blank\">Haber Kayna\u011f\u0131 : Bar\u0131\u015f Pehlivan &#8211; Odatv.com<\/a><\/p>\n<p style=\"text-align: justify;\"><strong><em>\u0130\u015fte tart\u0131\u015fma yaratacak o belge:<\/em><\/strong><\/p>\n<p style=\"text-align: center;\"><a href=\"http:\/\/www.korhanyilmaz.com\/wp-content\/uploads\/2010\/08\/046.jpg\"  class=\"lightview\"><img loading=\"lazy\" decoding=\"async\" class=\"aligncenter size-full wp-image-24673\" src=\"http:\/\/www.korhanyilmaz.com\/wp-content\/uploads\/2010\/08\/046.jpg\" alt=\"\" width=\"432\" height=\"625\" \/><\/a><\/p>\n","protected":false},"excerpt":{"rendered":"<\/p>\n<p style=\"text-align: justify;\">AKP-devlet ili\u015fkilerinin ne boyuta geldi\u011finin foto\u011fraf\u0131n\u0131 bu haberimizde sunaca\u011f\u0131z.<\/p>\n<p style=\"text-align: justify;\">Bir devlet kurumunun, iktidardaki siyasal partiyle nas\u0131l bir ba\u011f\u0131 olabilece\u011finin nadide bir \u00f6rne\u011fi\u2026<\/p>\n<p style=\"text-align: justify;\">Ba\u015fbakan Erdo\u011fan\u2019\u0131n Ayd\u0131n\u2019daki referandum mitingine kat\u0131lmas\u0131 i\u00e7in kamu personellerine nas\u0131l \u00e7a\u011fr\u0131da bulundu\u011fu haberlerinin duman\u0131 daha \u00fcst\u00fcnde t\u00fcterken, bir benzer olay da Eski\u015fehir\u2019de ya\u015fand\u0131.<\/p>\n","protected":false},"author":1,"featured_media":0,"comment_status":"open","ping_status":"closed","sticky":false,"template":"","format":"standard","meta":{"footnotes":""},"categories":[105],"tags":[],"class_list":["post-24672","post","type-post","status-publish","format-standard","hentry","category-gundem","odd"],"_links":{"self":[{"href":"http:\/\/www.korhanyilmaz.com\/index.php?rest_route=\/wp\/v2\/posts\/24672","targetHints":{"allow":["GET"]}}],"collection":[{"href":"http:\/\/www.korhanyilmaz.com\/index.php?rest_route=\/wp\/v2\/posts"}],"about":[{"href":"http:\/\/www.korhanyilmaz.com\/index.php?rest_route=\/wp\/v2\/types\/post"}],"author":[{"embeddable":true,"href":"http:\/\/www.korhanyilmaz.com\/index.php?rest_route=\/wp\/v2\/users\/1"}],"replies":[{"embeddable":true,"href":"http:\/\/www.korhanyilmaz.com\/index.php?rest_route=%2Fwp%2Fv2%2Fcomments&post=24672"}],"version-history":[{"count":0,"href":"http:\/\/www.korhanyilmaz.com\/index.php?rest_route=\/wp\/v2\/posts\/24672\/revisions"}],"wp:attachment":[{"href":"http:\/\/www.korhanyilmaz.com\/index.php?rest_route=%2Fwp%2Fv2%2Fmedia&parent=24672"}],"wp:term":[{"taxonomy":"category","embeddable":true,"href":"http:\/\/www.korhanyilmaz.com\/index.php?rest_route=%2Fwp%2Fv2%2Fcategories&post=24672"},{"taxonomy":"post_tag","embeddable":true,"href":"http:\/\/www.korhanyilmaz.com\/index.php?rest_route=%2Fwp%2Fv2%2Ftags&post=24672"}],"curies":[{"name":"wp","href":"https:\/\/api.w.org\/{rel}","templated":true}]}}