{"id":24661,"date":"2010-08-11T01:16:01","date_gmt":"2010-08-11T01:16:01","guid":{"rendered":"http:\/\/www.korhanyilmaz.com\/?p=24661"},"modified":"2010-08-11T01:16:01","modified_gmt":"2010-08-11T01:16:01","slug":"bir-ali-dibo-skandali-daha","status":"publish","type":"post","link":"http:\/\/www.korhanyilmaz.com\/?p=24661","title":{"rendered":"Bir Ali Dibo Skandal\u0131 Daha"},"content":{"rendered":"<p style=\"text-align: justify;\"><a href=\"http:\/\/www.korhanyilmaz.com\/wp-content\/uploads\/2010\/08\/045.jpg\"  class=\"lightview\"><img loading=\"lazy\" decoding=\"async\" class=\"aligncenter size-full wp-image-24664\" src=\"http:\/\/www.korhanyilmaz.com\/wp-content\/uploads\/2010\/08\/045.jpg\" alt=\"\" width=\"250\" height=\"175\" \/><\/a><\/p>\n<p style=\"text-align: justify;\">AKP\u2019li \u00c7orum Belediyesi\u2019nde ya\u015fanan bir skandal\u0131n haberini verece\u011fiz.<\/p>\n<p style=\"text-align: justify;\">Buna g\u00f6re; aralar\u0131nda AKP eski Merkez \u0130l\u00e7e Ba\u015fkan\u0131 \u00dcnal Sar\u0131o\u011flu, AKP Belediye Ba\u015fkan Aday Aday\u0131 \u0130lyas Damar ile AKP \u00c7orum te\u015fkilat\u0131 y\u00f6neticilerinden Galip \u00c7atalpelit\u2019in de bulundu\u011fu baz\u0131 AKP\u2019li eski y\u00f6neticilere rant sa\u011flamak amac\u0131yla imar raporu \u00e7\u0131kar\u0131ld\u0131. <!--more--><\/p>\n<p style=\"text-align: justify;\">Her \u015fey, AKP\u2019nin \u00fcst d\u00fczey y\u00f6neticilerinden 3 ki\u015finin ortak oldu\u011fu \u0130kbalkent Taahh\u00fct \u0130n\u015faat Ltd. \u015eti.\u2019nin, \u00c7orum\u2019un \u00c7ataltepe Mevkii\u2019ndeki 70 d\u00f6n\u00fcml\u00fck bir arsa ile ilgili imar de\u011fi\u015fikli\u011fi talebiyle ba\u015flad\u0131.<\/p>\n<p style=\"text-align: justify;\">S\u00f6z konusu alan, imar plan\u0131nda bir k\u0131sm\u0131 \u015fehir park\u0131 ve spor alan\u0131, bir k\u0131sm\u0131 ise plans\u0131z alan olarak i\u015faretli bulunuyordu. Arsay\u0131 \u00fczerlerine alan \u015firket y\u00f6neticileri \u00c7orum Belediyesi \u0130mar Komisyonu\u2019na ba\u015fvurarak, plan de\u011fi\u015fikli\u011fi talebinde bulundu. \u015eirket, o arsay\u0131 konut ve ticari alan olarak kullanmak istiyordu.<\/p>\n<p style=\"text-align: justify;\">Bunun \u00fczerine, Belediye \u0130mar Komisyonu topland\u0131 ve taleple ilgili bir rapor haz\u0131rlad\u0131.<\/p>\n<p style=\"text-align: justify;\">\u0130mar Komisyonu 2 A\u011fustos tarihli toplant\u0131s\u0131nda bir karar alarak, s\u00f6z konusu 70 d\u00f6n\u00fcml\u00fck alan\u0131n spor kompleksi ve sosyal donat\u0131 alan\u0131 olarak i\u015faretli oldu\u011funu, \u00c7orum\u2019un konut s\u0131k\u0131nt\u0131s\u0131 \u00e7ekmedi\u011fini belirtti. Raporda ayr\u0131ca, Tar\u0131m \u0130l M\u00fcd\u00fcrl\u00fc\u011f\u00fc\u2019nden g\u00f6r\u00fc\u015f beklendi\u011fi ifadesi de yer ald\u0131.<\/p>\n<p style=\"text-align: justify;\">Ancak olay burada bitmedi\u2026<\/p>\n<p style=\"text-align: justify;\">3 A\u011fustos\u2019ta d\u00fczenlenerek \u00fczerine 2 A\u011fustos tarihi at\u0131lan ikinci bir rapor daha ortaya \u00e7\u0131kt\u0131. O ikinci raporda ise; s\u00f6z konusu talebin \u00c7orum a\u00e7\u0131s\u0131ndan iyi olaca\u011f\u0131 g\u00f6r\u00fc\u015f\u00fc yans\u0131t\u0131ld\u0131 ve Tar\u0131m \u0130l M\u00fcd\u00fcrl\u00fc\u011f\u00fc\u2019n\u00fcn g\u00f6r\u00fc\u015f\u00fcne gerek kalmad\u0131\u011f\u0131 ifade edildi.<\/p>\n<p style=\"text-align: justify;\">\u00c7orum belediye meclisinin, bu ikinci raporu baz alarak yapaca\u011f\u0131 g\u00f6r\u00fc\u015fme \u00f6ncesinde CHP \u00c7orum Te\u015fkilat\u0131 bir toplant\u0131 d\u00fczenledi. CHP \u0130l Ba\u015fkan\u0131 Tufan K\u00f6se, Merkez \u0130l\u00e7e Ba\u015fkan\u0131 Ahmet Kay\u0131\u015f, CHP Belediye Meclis Grup Ba\u015fkan\u0131 Sad\u0131k \u00d6rgel ile baz\u0131 belediye meclis \u00fcyelerinin de haz\u0131r bulundu\u011fu toplant\u0131da bu rant skandal\u0131 ortaya kondu.<\/p>\n<p style=\"text-align: justify;\">CHP \u0130l Ba\u015fkan\u0131 Tufan K\u00f6se, s\u00f6z konusu plan de\u011fi\u015fikli\u011fiyle ilgili olarak Belediye \u0130mar Komisyonu&#8217;nda birer g\u00fcn arayla 2 ayr\u0131 karar al\u0131nd\u0131\u011f\u0131n\u0131 ve al\u0131nan her iki karar\u0131n da birbiriyle tamamen \u00e7eli\u015fti\u011fini kaydetti.<\/p>\n<p style=\"text-align: justify;\">K\u00f6se yapt\u0131\u011f\u0131 a\u00e7\u0131klamada; s\u00f6z konusu arsa ile ilgili iki ayr\u0131 komisyon raporunun d\u00fczenlenmi\u015f olmas\u0131n\u0131 bask\u0131lara ba\u011flad\u0131 ve AKP y\u00f6neticilerine rant sa\u011flamak amac\u0131na hizmet etti\u011fini, s\u00f6yledi.<\/p>\n<p style=\"text-align: justify;\">Bu imar oyunu yerel gazetelerde man\u015fetlere \u00e7\u0131k\u0131nca, \u00c7orum Belediye Ba\u015fkan\u0131 Muzaffer K\u00fclc\u00fc, s\u00f6z konusu talebin mecliste g\u00f6r\u00fc\u015f\u00fclmesini iptal etti.<\/p>\n<p style=\"text-align: justify;\"><strong><em>\u0130\u015eTE S\u00d6Z KONUSU 2 FARKLI \u0130MAR KOM\u0130SYONU RAPORU:<\/em><\/strong><\/p>\n<p style=\"text-align: center;\"><a href=\"http:\/\/www.korhanyilmaz.com\/wp-content\/uploads\/2010\/08\/043.jpg\"  class=\"lightview\"><img loading=\"lazy\" decoding=\"async\" class=\"aligncenter size-full wp-image-24662\" src=\"http:\/\/www.korhanyilmaz.com\/wp-content\/uploads\/2010\/08\/043.jpg\" alt=\"\" width=\"432\" height=\"604\" \/><\/a><a href=\"http:\/\/www.korhanyilmaz.com\/wp-content\/uploads\/2010\/08\/044.jpg\"  class=\"lightview\"><img loading=\"lazy\" decoding=\"async\" class=\"aligncenter size-full wp-image-24663\" src=\"http:\/\/www.korhanyilmaz.com\/wp-content\/uploads\/2010\/08\/044.jpg\" alt=\"\" width=\"432\" height=\"607\" \/><\/a><\/p>\n<p style=\"text-align: left;\"><span style=\"color: #888888;\">Haber Kayna\u011f\u0131 : <a href=\"http:\/\/www.odatv.com\/n.php?n=bir-ali-dibo-skandali-daha--1108101200\" target=\"_blank\">Odatv.com<\/a><\/span><\/p>\n","protected":false},"excerpt":{"rendered":"<p style=\"text-align: justify;\">\n<p style=\"text-align: justify;\">AKP\u2019li \u00c7orum Belediyesi\u2019nde ya\u015fanan bir skandal\u0131n haberini verece\u011fiz.<\/p>\n<p style=\"text-align: justify;\">Buna g\u00f6re; aralar\u0131nda AKP eski Merkez \u0130l\u00e7e Ba\u015fkan\u0131 \u00dcnal Sar\u0131o\u011flu, AKP Belediye Ba\u015fkan Aday Aday\u0131 \u0130lyas Damar ile AKP \u00c7orum te\u015fkilat\u0131 y\u00f6neticilerinden Galip \u00c7atalpelit\u2019in de bulundu\u011fu baz\u0131 AKP\u2019li eski y\u00f6neticilere rant sa\u011flamak amac\u0131yla imar raporu \u00e7\u0131kar\u0131ld\u0131. <\/p>\n","protected":false},"author":1,"featured_media":0,"comment_status":"open","ping_status":"closed","sticky":false,"template":"","format":"standard","meta":{"footnotes":""},"categories":[105],"tags":[],"class_list":["post-24661","post","type-post","status-publish","format-standard","hentry","category-gundem","odd"],"_links":{"self":[{"href":"http:\/\/www.korhanyilmaz.com\/index.php?rest_route=\/wp\/v2\/posts\/24661","targetHints":{"allow":["GET"]}}],"collection":[{"href":"http:\/\/www.korhanyilmaz.com\/index.php?rest_route=\/wp\/v2\/posts"}],"about":[{"href":"http:\/\/www.korhanyilmaz.com\/index.php?rest_route=\/wp\/v2\/types\/post"}],"author":[{"embeddable":true,"href":"http:\/\/www.korhanyilmaz.com\/index.php?rest_route=\/wp\/v2\/users\/1"}],"replies":[{"embeddable":true,"href":"http:\/\/www.korhanyilmaz.com\/index.php?rest_route=%2Fwp%2Fv2%2Fcomments&post=24661"}],"version-history":[{"count":0,"href":"http:\/\/www.korhanyilmaz.com\/index.php?rest_route=\/wp\/v2\/posts\/24661\/revisions"}],"wp:attachment":[{"href":"http:\/\/www.korhanyilmaz.com\/index.php?rest_route=%2Fwp%2Fv2%2Fmedia&parent=24661"}],"wp:term":[{"taxonomy":"category","embeddable":true,"href":"http:\/\/www.korhanyilmaz.com\/index.php?rest_route=%2Fwp%2Fv2%2Fcategories&post=24661"},{"taxonomy":"post_tag","embeddable":true,"href":"http:\/\/www.korhanyilmaz.com\/index.php?rest_route=%2Fwp%2Fv2%2Ftags&post=24661"}],"curies":[{"name":"wp","href":"https:\/\/api.w.org\/{rel}","templated":true}]}}