{"id":24657,"date":"2010-08-10T21:27:49","date_gmt":"2010-08-10T21:27:49","guid":{"rendered":"http:\/\/www.korhanyilmaz.com\/?p=24657"},"modified":"2010-08-10T21:27:49","modified_gmt":"2010-08-10T21:27:49","slug":"yardim-gemilerindeki-incelemeler-bitti","status":"publish","type":"post","link":"http:\/\/www.korhanyilmaz.com\/?p=24657","title":{"rendered":"Yard\u0131m gemilerindeki incelemeler bitti"},"content":{"rendered":"<p><a href=\"http:\/\/www.korhanyilmaz.com\/wp-content\/uploads\/2010\/08\/042.jpg\"  class=\"lightview\"><img loading=\"lazy\" decoding=\"async\" class=\"aligncenter size-full wp-image-24658\" src=\"http:\/\/www.korhanyilmaz.com\/wp-content\/uploads\/2010\/08\/042.jpg\" alt=\"\" width=\"292\" height=\"219\" \/><\/a><\/p>\n<p style=\"text-align: justify;\">\u0130srail&#8217;in, 31 May\u0131s&#8217;ta Gazze&#8217;ye yard\u0131m g\u00f6t\u00fcren filoya d\u00fczenledi\u011fi bask\u0131ndan sonra el koydu\u011fu ve daha sonra Hatay&#8217;\u0131n \u0130skenderun il\u00e7esindeki limana getirilen 3 T\u00fcrk gemisinde \u0130skenderun Cumhuriyet Ba\u015fsavc\u0131l\u0131\u011f\u0131 taraf\u0131ndan ba\u015flat\u0131lan incelemeler tamamland\u0131.<!--more--><\/p>\n<p style=\"text-align: justify;\">Defne-Y gemisinde bulunan konteynerler, indirildi\u011fi b\u00fcy\u00fck iskelede a\u00e7\u0131ld\u0131 ve \u00e7\u0131kart\u0131lan malzemeler incelemelerin ard\u0131ndan \u0130nsan Hak ve H\u00fcrriyetleri \u0130nsani Yard\u0131m Vakf\u0131 (\u0130HH) yetkililerine teslim edildi.<\/p>\n<p style=\"text-align: justify;\">\u0130skenderun Cumhuriyet Ba\u015fsavc\u0131s\u0131 Mustafa Ercan ba\u015fkanl\u0131\u011f\u0131ndaki 3 savc\u0131 ile Ankara&#8217;dan gelen 12 ki\u015filik olay yeri inceleme, \u0130skenderun&#8217;dan kat\u0131lan 7 ki\u015filik olay yeri inceleme ile Adana&#8217;dan gelen bomba uzman\u0131 ekipleri &#8220;Mavi Marmara&#8221;, &#8220;Defne-Y&#8221; ve &#8220;Gazze&#8221; gemisindeki incelemelerini ak\u015fam saatlerinde tamamlad\u0131.<\/p>\n<p style=\"text-align: justify;\">\u0130ncelemelerin ard\u0131ndan her \u00fc\u00e7 gemiye ait oldu\u011fu belirtilen ve Defne-Y&#8217;de bulunan konteynerler indirildi\u011fi b\u00fcy\u00fck iskelede a\u00e7\u0131larak i\u00e7erisindeki malzemeler \u00e7\u0131kart\u0131ld\u0131. Ekiplerin tek tek inceledi\u011fi malzemeler, \u00e7al\u0131\u015fmalar\u0131n ard\u0131ndan \u0130HH yetkililerine teslim edildi.<\/p>\n<p style=\"text-align: justify;\">\u0130HH g\u00f6revlileri gemiye ait olan malzemeleri tekrar konteynerlere yerle\u015ftirirken, di\u011fer kamera tripotlar\u0131, bas\u0131n mensubu ara\u00e7lar\u0131, monit\u00f6r, laptop, elektrik-elektronik cihazlar\u0131n kamyonla \u0130stanbul&#8217;daki \u0130HH Merkezi&#8217;ne g\u00f6t\u00fcr\u00fclece\u011fi belirtildi.<\/p>\n<p style=\"text-align: justify;\">\u0130HH Ba\u015fkan Vekili H\u00fcseyin Oru\u00e7, malzemelerin tasnifi s\u0131ras\u0131nda yapt\u0131\u011f\u0131 a\u00e7\u0131klamada, her \u00fc\u00e7 gemiye ait oldu\u011fu belirtilen konteynerlerdeki malzemelerin say\u0131mlar\u0131n\u0131n yap\u0131ld\u0131\u011f\u0131n\u0131, bir\u00e7ok malzemenin eksik oldu\u011funu s\u00f6yledi.<\/p>\n<p style=\"text-align: justify;\">Oru\u00e7, \u015f\u00f6yle konu\u015ftu:<\/p>\n<p style=\"text-align: justify;\">&#8220;Mavi Marmara&#8217;daki \u00e7al\u0131\u015fmalar tamamland\u0131. Raporlamalar\u0131 yap\u0131l\u0131yor. Di\u011fer iki geminin ki de yar\u0131n bitmi\u015f olacak. Defne-Y&#8217;deki 3 konteyner de a\u00e7\u0131ld\u0131, konteyn\u0131ra televizyonlar, tripotlar, kameralar\u0131n alt taraf\u0131 gibi e\u015fyalar\u0131 doldurmu\u015flar, bir k\u0131sm\u0131na can yeleklerini koymu\u015flar.<\/p>\n<p style=\"text-align: justify;\">\u00c7ok de\u011ferli bir \u015fey \u00e7\u0131kmad\u0131, ama i\u00e7indeki LCD televizyonlardan birka\u00e7\u0131, kullan\u0131lmam\u0131\u015f birka\u00e7 notebook var. Oysa y\u00fczlerce kullan\u0131lm\u0131\u015f bilgisayar vard\u0131, kat\u0131l\u0131mc\u0131lar\u0131n bilgisayarlar\u0131 d\u00f6nmedi, kameralar da yok, hem gazetecilerin, hem Vakf\u0131m\u0131za ait kameralar yok, hi\u00e7biri d\u00f6nmedi. Buradaki malzemelerin say\u0131mlar\u0131 yap\u0131larak nelerin geldi\u011fi tespit edildi, onlar\u0131 teslim ald\u0131k, \u0130stanbul&#8217;da \u0130HH&#8217;n\u0131n deposuna g\u00f6nderece\u011fiz.&#8221;<\/p>\n<p style=\"text-align: justify;\">Malzemelerin \u00f6nemli bir k\u0131sm\u0131n\u0131n vakfa ait, bir k\u0131sm\u0131n\u0131n gemilere ait e\u015fyalar oldu\u011funu kaydeden Oru\u00e7, &#8220;Bizlere ait olmayanlar\u0131 da sahiplerine ula\u015ft\u0131raca\u011f\u0131z. Bize ait olmayan malzeme zaten \u00e7ok fazla yok. Daha \u00f6nce bize u\u00e7akla gelenler ula\u015fm\u0131\u015ft\u0131, onlar\u0131 sahiplerine ula\u015ft\u0131rm\u0131\u015ft\u0131k, Telaviv&#8217;den gelmeyenlerin de listesi elimiz de var. Neler gelmediyse onlar da dava dilek\u00e7esinde olacak&#8221; diye konu\u015ftu.<\/p>\n<p style=\"text-align: justify;\"><strong>S\u0131ra hukuksal m\u00fccadelede<\/strong><\/p>\n<p style=\"text-align: justify;\">Raporlar\u0131n haz\u0131rlanma s\u00fcrecinin ard\u0131ndan her alanda hukuksal m\u00fccadelelerinin s\u00fcrece\u011fini kaydeden Oru\u00e7, &#8220;Raporlamalar\u0131 hukuksal m\u00fccadele i\u00e7in yap\u0131yoruz. \u00c7\u0131kmayan e\u015fyalar ve geminin tahribat\u0131 konusunda, hepsini raporlarda g\u00f6rece\u011fiz. \u00d6n\u00fcm\u00fczdeki birka\u00e7 hafta i\u00e7inde bilirki\u015fi raporlamalar\u0131 da yap\u0131lacak. Hem T\u00fcrkiye&#8217;de hem \u0130srail&#8217;de hem di\u011fer \u00fclkelerde, hem uluslararas\u0131 alanda hem de BM&#8217;de ve di\u011fer alanlarda y\u00fcr\u00fct\u00fclen komisyonlarda bu raporlar birer tazminat hak edi\u015fleri olarak kullan\u0131lacak&#8221; dedi.<\/p>\n<p style=\"text-align: justify;\">Oru\u00e7, bir soru \u00fczerine BM&#8217;den gemilere heyet gelip gelmeyece\u011fine dair kendilerine bilgi ula\u015fmad\u0131\u011f\u0131n\u0131, savc\u0131l\u0131\u011f\u0131 da intikal etmi\u015f hen\u00fcz bilgi olmad\u0131\u011f\u0131n\u0131 belirtti.<\/p>\n<p style=\"text-align: justify;\">Oru\u00e7, gemilerdeki adli ve kriminal incelemelerden sonra gemilerin teknik olarak haz\u0131rl\u0131\u011f\u0131n\u0131n yap\u0131laca\u011f\u0131n\u0131, b\u00fct\u00fcn makine ve malzemelerin elden ge\u00e7irilece\u011fini s\u00f6zlerine ekledi.<\/p>\n<p style=\"text-align: justify;\">\u00d6te yandan, \u0130skenderun Liman\u0131&#8217;nda &#8220;Gazze&#8221;nin bulundu\u011fu iskeleye ticari gemilerin de yana\u015fmas\u0131na olanak sa\u011flamak amac\u0131yla, &#8220;Mavi Marmara&#8221;&#8216;n\u0131n Defne-Y&#8217;ye 20-25 metre yakla\u015ft\u0131r\u0131l\u0131p, iskelenin u\u00e7 k\u0131sm\u0131na &#8220;Gazze&#8221; gemisinin yana\u015ft\u0131r\u0131laca\u011f\u0131 belirtildi. B\u00f6ylece her \u00fc\u00e7 gemi de iskelenin ayn\u0131 b\u00f6l\u00fcm\u00fcnde arka arkaya s\u0131ralanm\u0131\u015f olacak.<\/p>\n<p style=\"text-align: justify;\"><span style=\"color: #888888;\">CNN T\u00dcRK<\/span><\/p>\n","protected":false},"excerpt":{"rendered":"<\/p>\n<p style=\"text-align: justify;\">\u0130srail&#8217;in, 31 May\u0131s&#8217;ta Gazze&#8217;ye yard\u0131m g\u00f6t\u00fcren filoya d\u00fczenledi\u011fi bask\u0131ndan sonra el koydu\u011fu ve daha sonra Hatay&#8217;\u0131n \u0130skenderun il\u00e7esindeki limana getirilen 3 T\u00fcrk gemisinde \u0130skenderun Cumhuriyet Ba\u015fsavc\u0131l\u0131\u011f\u0131 taraf\u0131ndan ba\u015flat\u0131lan incelemeler tamamland\u0131.<\/p>\n","protected":false},"author":1,"featured_media":0,"comment_status":"open","ping_status":"closed","sticky":false,"template":"","format":"standard","meta":{"footnotes":""},"categories":[105],"tags":[],"class_list":["post-24657","post","type-post","status-publish","format-standard","hentry","category-gundem","odd"],"_links":{"self":[{"href":"http:\/\/www.korhanyilmaz.com\/index.php?rest_route=\/wp\/v2\/posts\/24657","targetHints":{"allow":["GET"]}}],"collection":[{"href":"http:\/\/www.korhanyilmaz.com\/index.php?rest_route=\/wp\/v2\/posts"}],"about":[{"href":"http:\/\/www.korhanyilmaz.com\/index.php?rest_route=\/wp\/v2\/types\/post"}],"author":[{"embeddable":true,"href":"http:\/\/www.korhanyilmaz.com\/index.php?rest_route=\/wp\/v2\/users\/1"}],"replies":[{"embeddable":true,"href":"http:\/\/www.korhanyilmaz.com\/index.php?rest_route=%2Fwp%2Fv2%2Fcomments&post=24657"}],"version-history":[{"count":0,"href":"http:\/\/www.korhanyilmaz.com\/index.php?rest_route=\/wp\/v2\/posts\/24657\/revisions"}],"wp:attachment":[{"href":"http:\/\/www.korhanyilmaz.com\/index.php?rest_route=%2Fwp%2Fv2%2Fmedia&parent=24657"}],"wp:term":[{"taxonomy":"category","embeddable":true,"href":"http:\/\/www.korhanyilmaz.com\/index.php?rest_route=%2Fwp%2Fv2%2Fcategories&post=24657"},{"taxonomy":"post_tag","embeddable":true,"href":"http:\/\/www.korhanyilmaz.com\/index.php?rest_route=%2Fwp%2Fv2%2Ftags&post=24657"}],"curies":[{"name":"wp","href":"https:\/\/api.w.org\/{rel}","templated":true}]}}