{"id":24654,"date":"2010-08-10T22:49:21","date_gmt":"2010-08-10T22:49:21","guid":{"rendered":"http:\/\/www.korhanyilmaz.com\/?p=24654"},"modified":"2010-08-10T22:49:21","modified_gmt":"2010-08-10T22:49:21","slug":"erdogan-bu-millet-seni-basbakan-yapmaz","status":"publish","type":"post","link":"http:\/\/www.korhanyilmaz.com\/?p=24654","title":{"rendered":"Erdo\u011fan: Bu millet seni Ba\u015fbakan yapmaz"},"content":{"rendered":"<p style=\"text-align: center;\"><a href=\"http:\/\/www.korhanyilmaz.com\/wp-content\/uploads\/2010\/08\/041.jpg\"  class=\"lightview\"><img loading=\"lazy\" decoding=\"async\" class=\"aligncenter size-full wp-image-24655\" src=\"http:\/\/www.korhanyilmaz.com\/wp-content\/uploads\/2010\/08\/041.jpg\" alt=\"\" width=\"307\" height=\"236\" \/><\/a><\/p>\n<p style=\"text-align: justify;\">Referanduma 33 g\u00fcn kald\u0131. Liderler bug\u00fcn yine meydanlardayd\u0131. Ba\u015fbakan Recep Tayyip Erdo\u011fan, Trabzon&#8217;daki referandum mitinginde de CHP&#8217;ye y\u00f6nelik ele\u015ftirilerini s\u00fcrd\u00fcrd\u00fc. &#8220;Kemal efendi&#8221; diye hitap etti\u011fi CHP Genel Ba\u015fkan\u0131 K\u0131l\u0131\u00e7daro\u011flu&#8217;na &#8220;A\u011fasar Dereleri&#8221; t\u00fcrk\u00fcs\u00fcyle seslendi, &#8220;Bu millet seni Ba\u015fbakan yapmaz&#8221; dedi.<!--more--><\/p>\n<p style=\"text-align: justify;\">Ba\u015fbakan Erdo\u011fan, Trabzon&#8217;da partisince Atat\u00fcrk Alan\u0131&#8217;nda d\u00fczenlenen mitingde konu\u015ftu.<\/p>\n<p style=\"text-align: justify;\">Erdo\u011fan, d\u00fcn bir gazetede &#8220;Neden Hay\u0131r Diyorum&#8221; ba\u015fl\u0131kl\u0131 bir yaz\u0131 yay\u0131mland\u0131\u011f\u0131n\u0131, ancak yaz\u0131da neden hay\u0131r denildi\u011fine ili\u015fkin somut hi\u00e7bir \u015fey olmad\u0131\u011f\u0131n\u0131 dile getirdi.<\/p>\n<p style=\"text-align: justify;\">Erdo\u011fan, \u015f\u00f6yle konu\u015ftu:<\/p>\n<p style=\"text-align: justify;\">&#8220;Bunlar asl\u0131nda neden &#8216;hay\u0131r&#8217; denilmesini anlat\u0131rken neden &#8216;evet&#8217; denilmesini gerekti\u011fini anlat\u0131yor. Ma\u015fallah bol keseden de da\u011f\u0131t\u0131yor. Zaman\u0131nda 2 ev, 2 araba vaat edenler vard\u0131. Bunlar milleti peri\u015fan edip gittiler. CHP Genel Ba\u015fkan\u0131 da \u015fimdi onlar\u0131n izinden gidiyor.<\/p>\n<p style=\"text-align: justify;\">Buraya da geldi ne dedi size burada &#8216;hele hele beni bir ba\u015fbakan yap\u0131n nas\u0131l stat yap\u0131l\u0131rm\u0131\u015f g\u00f6receksiniz&#8217; dedi. \u0130nanmad\u0131n\u0131z de\u011fil mi bu s\u00f6ze? Asl\u0131nda buna bir Trabzon t\u00fcrk\u00fcs\u00fc ile cevap vermek yak\u0131\u015f\u0131r. O Trabzon t\u00fcrk\u00fcs\u00fcn\u00fc ben bir okuyay\u0131m: A\u011fasar dereleri aksa yukar\u0131 aksa, bu millet seni ba\u015fbakan yapmaz b\u00f6yle vaatlerin \u00e7oksa. Trabzon Stad\u0131 CHP&#8217;nin iktidar\u0131n\u0131 beklerse of oof&#8230; Daha \u00e7ok beklersiniz.&#8221;<\/p>\n<p style=\"text-align: justify;\">Bu arada g\u00fczel \u015feyler de oldu\u011funu ifade eden Erdo\u011fan, \u015funlar\u0131 s\u00f6yledi:<\/p>\n<p style=\"text-align: justify;\">&#8220;Ge\u00e7en g\u00fcn bakt\u0131m Kemal Efendi diyor ki, &#8216;bak bir beyaz var bu oy pusulas\u0131nda, bir de kahverengi var, biliyorsunuz&#8217; diyor. &#8216;Kahvenin rengi&#8217; diyor &#8216;kahverengidir.&#8217; Ya iyi ki \u00f6\u011frendin kahvenin rengini bug\u00fcne kadar bilmiyor muydun.<\/p>\n<p style=\"text-align: justify;\">Ben de \u015fa\u015f\u0131rd\u0131m acaba dedim, kahvenin rengi ger\u00e7ekten kahverengi mi. &#8216;Bak dedi bir kahvenin 40 y\u0131l hat\u0131r\u0131 vard\u0131r, dolay\u0131s\u0131yla gelin oyunuzu o kahverenginin \u00fczerine bas\u0131n.&#8217; Ben de Kemal Efendiye diyorum ki, bak, anan\u0131z\u0131n ak s\u00fct\u00fc gibi o bembeyaz yer var ya ha oyunuzu gelin, o damgay\u0131, m\u00fch\u00fcr\u00fc gelin oraya bas\u0131n. Evet mi? Mesele bu.&#8221;<\/p>\n<p style=\"text-align: justify;\">&#8220;Bu kirli oyunlar\u0131 bozuyor muyuz? 12 Eyl\u00fcl&#8217;de istismarc\u0131lar\u0131n elinden oyuncaklar\u0131n\u0131 al\u0131yor muyuz? \u0130leri demokrasiye &#8216;evet&#8217; mi? \u00d6zg\u00fcrl\u00fcklere &#8216;evet&#8217; mi? \u00dcst\u00fcnl\u00fcklerin hukukuna de\u011fil, hukukun \u00fcst\u00fcnl\u00fc\u011f\u00fcne &#8216;evet&#8217; mi? Trabzon evet diyor mu, u\u015faklar evet mi&#8221; diye seslenen Erdo\u011fan&#8217;a, mitinge kat\u0131lanlar da &#8220;evet&#8221; diye cevap verdi.<\/p>\n<p style=\"text-align: justify;\"><span style=\"color: #888888;\">CNN T\u00dcRK<\/span><\/p>\n","protected":false},"excerpt":{"rendered":"<p style=\"text-align: center;\">\n<p style=\"text-align: justify;\">Referanduma 33 g\u00fcn kald\u0131. Liderler bug\u00fcn yine meydanlardayd\u0131. Ba\u015fbakan Recep Tayyip Erdo\u011fan, Trabzon&#8217;daki referandum mitinginde de CHP&#8217;ye y\u00f6nelik ele\u015ftirilerini s\u00fcrd\u00fcrd\u00fc. &#8220;Kemal efendi&#8221; diye hitap etti\u011fi CHP Genel Ba\u015fkan\u0131 K\u0131l\u0131\u00e7daro\u011flu&#8217;na &#8220;A\u011fasar Dereleri&#8221; t\u00fcrk\u00fcs\u00fcyle seslendi, &#8220;Bu millet seni Ba\u015fbakan yapmaz&#8221; dedi.<\/p>\n","protected":false},"author":1,"featured_media":0,"comment_status":"open","ping_status":"closed","sticky":false,"template":"","format":"standard","meta":{"footnotes":""},"categories":[105],"tags":[],"class_list":["post-24654","post","type-post","status-publish","format-standard","hentry","category-gundem","odd"],"_links":{"self":[{"href":"http:\/\/www.korhanyilmaz.com\/index.php?rest_route=\/wp\/v2\/posts\/24654","targetHints":{"allow":["GET"]}}],"collection":[{"href":"http:\/\/www.korhanyilmaz.com\/index.php?rest_route=\/wp\/v2\/posts"}],"about":[{"href":"http:\/\/www.korhanyilmaz.com\/index.php?rest_route=\/wp\/v2\/types\/post"}],"author":[{"embeddable":true,"href":"http:\/\/www.korhanyilmaz.com\/index.php?rest_route=\/wp\/v2\/users\/1"}],"replies":[{"embeddable":true,"href":"http:\/\/www.korhanyilmaz.com\/index.php?rest_route=%2Fwp%2Fv2%2Fcomments&post=24654"}],"version-history":[{"count":0,"href":"http:\/\/www.korhanyilmaz.com\/index.php?rest_route=\/wp\/v2\/posts\/24654\/revisions"}],"wp:attachment":[{"href":"http:\/\/www.korhanyilmaz.com\/index.php?rest_route=%2Fwp%2Fv2%2Fmedia&parent=24654"}],"wp:term":[{"taxonomy":"category","embeddable":true,"href":"http:\/\/www.korhanyilmaz.com\/index.php?rest_route=%2Fwp%2Fv2%2Fcategories&post=24654"},{"taxonomy":"post_tag","embeddable":true,"href":"http:\/\/www.korhanyilmaz.com\/index.php?rest_route=%2Fwp%2Fv2%2Ftags&post=24654"}],"curies":[{"name":"wp","href":"https:\/\/api.w.org\/{rel}","templated":true}]}}