{"id":24649,"date":"2010-08-10T22:05:00","date_gmt":"2010-08-10T22:05:00","guid":{"rendered":"http:\/\/www.korhanyilmaz.com\/?p=24649"},"modified":"2010-08-10T22:05:00","modified_gmt":"2010-08-10T22:05:00","slug":"kilicdaroglu-numarayi-verdi-54-771-295-0","status":"publish","type":"post","link":"http:\/\/www.korhanyilmaz.com\/?p=24649","title":{"rendered":"K\u0131l\u0131\u00e7daro\u011flu numaray\u0131 verdi: 54.771.295.0"},"content":{"rendered":"<p style=\"text-align: justify;\"><a href=\"http:\/\/www.korhanyilmaz.com\/wp-content\/uploads\/2010\/08\/040.jpg\"  class=\"lightview\"><img loading=\"lazy\" decoding=\"async\" class=\"aligncenter size-full wp-image-24650\" src=\"http:\/\/www.korhanyilmaz.com\/wp-content\/uploads\/2010\/08\/040.jpg\" alt=\"\" width=\"307\" height=\"236\" \/><\/a><\/p>\n<p style=\"text-align: justify;\">CHP lideri Kemal K\u0131l\u0131\u00e7daro\u011flu, &#8220;Ben i\u015f\u00e7i emeklisiyim&#8221; diyen Ba\u015fbakan Recep Tayyip Erdo\u011fan&#8217;a Karaman&#8217;dan yan\u0131t verdi. K\u0131l\u0131\u00e7daro\u011flu, Ba\u015fbakan&#8217;a &#8220;Ben senin Emekli Sand\u0131\u011f\u0131 emeklisi oldu\u011funu ispat edersem istifa eder misin?&#8221; diye sordu ve Erdo\u011fan&#8217;\u0131n emekli sand\u0131\u011f\u0131 numaras\u0131n\u0131 verdi.<!--more--><\/p>\n<p style=\"text-align: justify;\">K\u0131l\u0131\u00e7daro\u011flu, Konya&#8217;daki ziyaretlerinin ikinci g\u00fcn\u00fcnde ilk olarak \u00c7umra&#8217;da vatanda\u015flara hitap etti.<\/p>\n<p style=\"text-align: justify;\">Yolsuzluklara kar\u015f\u0131 m\u00fccadele edeceklerini s\u00f6yleyen K\u0131l\u0131\u00e7daro\u011flu, yetki verildi\u011finde hesap soracaklar\u0131n\u0131 belirtti.<\/p>\n<p style=\"text-align: justify;\">K\u0131l\u0131\u00e7daro\u011flu, \u015funlar\u0131 kaydetti:<\/p>\n<p style=\"text-align: justify;\">&#8220;Biz hesap soraca\u011f\u0131z derken, Recep Bey diyor ki, &#8216;Efendim siz bizi Y\u00fcce Divan&#8217;a g\u00f6ndereceksiniz&#8217;, Menderes&#8217;i an\u0131yor. &#8216;Menderes&#8217;e de kefen giydirmi\u015flerdi, biz kefen giymekten korkmay\u0131z&#8217; diyor.<\/p>\n<p style=\"text-align: justify;\">\u00d6nce \u015funu s\u00f6yleyeyim. Recep Bey&#8217;in tarihten haberi yok. \u0130dam cezalar\u0131 kalkt\u0131. Bil ki birisi sana kefen giydirirse gel bu karde\u015fini bul, sana kimse kefen giydiremez. Onunla biz m\u00fccadele ederiz.<\/p>\n<p style=\"text-align: justify;\">Ama kul hakk\u0131 yediysen gideceksin hesab\u0131n\u0131 vereceksin. \u0130kisi ayr\u0131 \u015fey. \u00d6yle kul hakk\u0131 ye, vatanda\u015f\u0131n hakk\u0131n\u0131 ye, yolsuzluk yap, din iman edebiyat\u0131 yap, k\u00f6\u015feyi d\u00f6n, han hamam sahibi ol&#8230; Sana bunun hesab\u0131n\u0131 sormayaca\u011f\u0131z \u00f6yle mi? Sana bunun hesab\u0131n\u0131 soraca\u011f\u0131z.<\/p>\n<p style=\"text-align: justify;\">Bak\u0131n Menderes&#8217;in vasiyetini getirdim. Menderes idamdan \u00f6nce \u00e7ocuklar\u0131na vasiyet ediyor; &#8216;Bankadan para al\u0131nmas\u0131na asla tavassut etmeyeceksin. Yani ileride politikac\u0131 olur da bir yere gelirsen bankadan para al\u0131nmas\u0131na asla tavassut etmeyeceksin.&#8217;<\/p>\n<p style=\"text-align: justify;\">\u015eimdi Recep Bey&#8217;e soruyorum. Menderes&#8217;in arkas\u0131na saklan\u0131yorsunuz peki sen Sabah-ATV ihalesinde damad\u0131n\u0131n \u015firketine iki bankadan 750 milyon dolar kredi ald\u0131n m\u0131 almad\u0131n m\u0131? E\u011fer sen Menderes&#8217;i sahipleniyorsan vasiyetine de sahip \u00e7\u0131kacaks\u0131n. Do\u011fru adamsan onun do\u011frular\u0131na da sahip \u00e7\u0131kacaks\u0131n. \u0130\u015fine gelince onun ad\u0131n\u0131 kullan\u0131yorsun. Ama onun dediklerini yapm\u0131yorsun.&#8221;<\/p>\n<p style=\"text-align: justify;\">Menderes&#8217;in vasiyetinde &#8220;\u0130nand\u0131\u011f\u0131n \u015feyi tahakkuk ettiremiyorsan bir an i\u00e7in mevkinden ayr\u0131l&#8221; dedi\u011fini de anlatan CHP lideri, \u015f\u00f6yle devam etti:<\/p>\n<p style=\"text-align: justify;\">&#8220;Yani millete s\u00f6z verdin, s\u00f6z\u00fcn\u00fc yerine getirmediysen ayr\u0131l diyor. Recep Bey dokunulmazl\u0131klar\u0131 kald\u0131rma s\u00f6z\u00fc verdi mi? Meydanlarda, televizyonlarda s\u00f6z verdi. Yerine getirdi mi? Bir adam\u0131n bo\u011faz\u0131ndan a\u015fa\u011f\u0131 haram lokma inmediyse bir adam yolsuzluklardan korkmuyorsa neden dokunulmazl\u0131klar\u0131 kald\u0131rmaz? Niye kald\u0131rmaz? Demek ki kendisine g\u00fcvenmiyor. Kendisine g\u00fcvenmeyen adama milletin de g\u00fcvenmemesi laz\u0131m. Verdi\u011fi s\u00f6z\u00fc tutmayan adama milletin dersini vermesi laz\u0131m.<\/p>\n<p style=\"text-align: justify;\">Nerede, sand\u0131kta vermesi laz\u0131m. Sizden onun s\u00f6z\u00fcn\u00fc istiyorum. Sizden demokrasiye, kendi haklar\u0131n\u0131za sahip \u00e7\u0131kman\u0131z\u0131 istiyorum. Sizden temiz siyasete sahip \u00e7\u0131kman\u0131z\u0131 istiyorum. Kul hakk\u0131 yemeyen, halka hizmet etmeyi namuslu g\u00f6rev sayan siyasete sahip \u00e7\u0131kman\u0131z\u0131 istiyorum.&#8221;<\/p>\n<p style=\"text-align: justify;\"><strong>&#8220;A\u011fz\u0131ndan do\u011fru laf \u00e7\u0131ks\u0131n&#8221; <\/strong><\/p>\n<p style=\"text-align: justify;\">Daha sonra Konya&#8217;n\u0131n Karap\u0131nar il\u00e7esine ge\u00e7en K\u0131l\u0131\u00e7daro\u011flu, Cumhuriyet Meydan\u0131&#8217;nda halka kitap etti. Halk\u0131n partisi olarak dertleri dinlemeye ve \u00e7\u00f6z\u00fcmlerini anlatmaya geldiklerini belirten K\u0131l\u0131\u00e7daro\u011flu, \u015funlar\u0131 kaydetti:<\/p>\n<p style=\"text-align: justify;\">&#8220;Diyor ki &#8216;Ben i\u015f\u00e7i emeklisiyim, sen memur emeklisisin&#8217; diyor. Recep Bey, Allah a\u015fk\u0131na bir de a\u011fz\u0131ndan do\u011fru laf \u00e7\u0131ks\u0131n. Ben senin Emekli Sand\u0131\u011f\u0131 emeklisi oldu\u011funu ispat edersem istifa eder misin? Bir daha s\u00f6yl\u00fcyorum. Karap\u0131nar Meydan\u0131&#8217;ndan s\u00f6yl\u00fcyorum&#8230; Recep Bey, ben senin Emekli Sand\u0131\u011f\u0131 emeklisi oldu\u011funu ispat edersem \u00e7\u0131k\u0131p milletten \u00f6z\u00fcr diler misin?<\/p>\n<p style=\"text-align: justify;\">Bak\u0131n s\u00f6yl\u00fcyorum, desin ki &#8216;Ben emekli sand\u0131\u011f\u0131 emeklisi de\u011filim&#8217;. Biz adam\u0131n kitab\u0131n\u0131 biliriz. Adam\u0131n ruhunu biliriz. G\u00f6z\u00fcne bak\u0131nca onun do\u011fru s\u00f6yleyip s\u00f6ylemedi\u011fini anlar\u0131z. Yi\u011fit adam do\u011fru konu\u015fur. Yi\u011fit adam namuslu adamd\u0131r. Yi\u011fit adam verdi\u011fi s\u00f6z\u00fcn arkas\u0131nda durur. Yi\u011fit adam halk\u0131 i\u00e7in \u00e7al\u0131\u015f\u0131r. Halk\u0131 i\u00e7in m\u00fccadele eder. Yi\u011fit adam siyasette zenginle\u015fmez. Yi\u011fit adam siyasette vatanda\u015fa hizmet eder, vatanda\u015fa h\u00fckmetmez zalim olmaz. Vatanda\u015f\u0131n ekme\u011fine g\u00f6z dikmez. Yi\u011fit adam sap\u0131na kadar yi\u011fit olur.&#8221;<\/p>\n<p style=\"text-align: justify;\"><strong>Erdo\u011fan&#8217;\u0131n emekli sand\u0131\u011f\u0131 numaras\u0131n\u0131 verdi <\/strong><\/p>\n<p style=\"text-align: justify;\">Karaman&#8217;daki mitingde konu\u015fan K\u0131l\u0131\u00e7daro\u011flu, emeklilik tart\u0131\u015fmas\u0131n\u0131 yeni bir boyuta ta\u015f\u0131d\u0131.<\/p>\n<p style=\"text-align: justify;\">Erdo\u011fan&#8217;\u0131n kendisini i\u015f\u00e7i emeklisi olarak g\u00f6sterdi\u011fini, ancak emekli sand\u0131\u011f\u0131 emeklisi oldu\u011funu \u00f6ne s\u00fcren K\u0131l\u0131\u00e7daro\u011flu, &#8220;Recep Bey senin b\u00fct\u00fcn foyalar\u0131n\u0131 ortaya \u00e7\u0131kard\u0131m ama bu kadar acemi oldu\u011funu bilmiyordum. Recep Bey Karaman Meydan\u0131&#8217;ndan s\u00f6yl\u00fcyorum, e\u011fer senin emekli sand\u0131\u011f\u0131 emeklisi oldu\u011funu ispat edersem \u00e7\u0131k\u0131p milletin \u00f6n\u00fcnde \u00f6z\u00fcr dileyecek misin, dilemeyecek misin? \u015eimdi size Recep Beyin emekli sand\u0131\u011f\u0131 numaras\u0131n\u0131 veriyorum: 54.771.295.0. Bu numaraya baks\u0131n, kendi ayl\u0131\u011f\u0131n\u0131 g\u00f6recektir&#8221; diye konu\u015ftu.<\/p>\n<p style=\"text-align: justify;\">Miting alan\u0131ndaki, &#8220;Karaman&#8217;\u0131n koyunu, \u00e7\u0131kt\u0131 Receb&#8217;in oyunu&#8221; pankart\u0131n\u0131 g\u00f6steren K\u0131l\u0131\u00e7daro\u011flu, bu oyunu bozacaklar\u0131n\u0131 ifade etti.<\/p>\n<p style=\"text-align: justify;\"><span style=\"color: #888888;\">CNN T\u00dcRK<\/span><\/p>\n","protected":false},"excerpt":{"rendered":"<p style=\"text-align: justify;\">\n<p style=\"text-align: justify;\">CHP lideri Kemal K\u0131l\u0131\u00e7daro\u011flu, &#8220;Ben i\u015f\u00e7i emeklisiyim&#8221; diyen Ba\u015fbakan Recep Tayyip Erdo\u011fan&#8217;a Karaman&#8217;dan yan\u0131t verdi. K\u0131l\u0131\u00e7daro\u011flu, Ba\u015fbakan&#8217;a &#8220;Ben senin Emekli Sand\u0131\u011f\u0131 emeklisi oldu\u011funu ispat edersem istifa eder misin?&#8221; diye sordu ve Erdo\u011fan&#8217;\u0131n emekli sand\u0131\u011f\u0131 numaras\u0131n\u0131 verdi.<\/p>\n","protected":false},"author":1,"featured_media":0,"comment_status":"open","ping_status":"closed","sticky":false,"template":"","format":"standard","meta":{"footnotes":""},"categories":[105],"tags":[],"class_list":["post-24649","post","type-post","status-publish","format-standard","hentry","category-gundem","odd"],"_links":{"self":[{"href":"http:\/\/www.korhanyilmaz.com\/index.php?rest_route=\/wp\/v2\/posts\/24649","targetHints":{"allow":["GET"]}}],"collection":[{"href":"http:\/\/www.korhanyilmaz.com\/index.php?rest_route=\/wp\/v2\/posts"}],"about":[{"href":"http:\/\/www.korhanyilmaz.com\/index.php?rest_route=\/wp\/v2\/types\/post"}],"author":[{"embeddable":true,"href":"http:\/\/www.korhanyilmaz.com\/index.php?rest_route=\/wp\/v2\/users\/1"}],"replies":[{"embeddable":true,"href":"http:\/\/www.korhanyilmaz.com\/index.php?rest_route=%2Fwp%2Fv2%2Fcomments&post=24649"}],"version-history":[{"count":0,"href":"http:\/\/www.korhanyilmaz.com\/index.php?rest_route=\/wp\/v2\/posts\/24649\/revisions"}],"wp:attachment":[{"href":"http:\/\/www.korhanyilmaz.com\/index.php?rest_route=%2Fwp%2Fv2%2Fmedia&parent=24649"}],"wp:term":[{"taxonomy":"category","embeddable":true,"href":"http:\/\/www.korhanyilmaz.com\/index.php?rest_route=%2Fwp%2Fv2%2Fcategories&post=24649"},{"taxonomy":"post_tag","embeddable":true,"href":"http:\/\/www.korhanyilmaz.com\/index.php?rest_route=%2Fwp%2Fv2%2Ftags&post=24649"}],"curies":[{"name":"wp","href":"https:\/\/api.w.org\/{rel}","templated":true}]}}