{"id":24632,"date":"2010-08-08T10:11:10","date_gmt":"2010-08-08T10:11:10","guid":{"rendered":"http:\/\/www.korhanyilmaz.com\/?p=24632"},"modified":"2010-08-08T10:11:10","modified_gmt":"2010-08-08T10:11:10","slug":"bahceli-erdoganin-gizli-niyetini-acikladi","status":"publish","type":"post","link":"http:\/\/www.korhanyilmaz.com\/?p=24632","title":{"rendered":"Bah\u00e7eli, Erdo\u011fan&#8217;\u0131n gizli niyetini a\u00e7\u0131klad\u0131"},"content":{"rendered":"<p style=\"text-align: center;\"><a href=\"http:\/\/www.korhanyilmaz.com\/wp-content\/uploads\/2010\/08\/038.jpg\"  class=\"lightview\"><img loading=\"lazy\" decoding=\"async\" class=\"aligncenter size-full wp-image-24633\" src=\"http:\/\/www.korhanyilmaz.com\/wp-content\/uploads\/2010\/08\/038.jpg\" alt=\"\" width=\"420\" height=\"210\" \/><\/a><\/p>\n<p style=\"text-align: justify;\">MHP lideri Bah\u00e7eli Ba\u015fbakan Erdo\u011fan&#8217;\u0131n ve iktidar\u0131n gizli g\u00fcndemi oldu\u011funu iddia ederek \u015funlar\u0131 s\u00f6yledi.<\/p>\n<p style=\"text-align: justify;\">Milliyet\u00e7i Hareket Partisi (MHP) Genel Ba\u015fkan\u0131 Devlet Bah\u00e7eli, &#8220;PKK a\u00e7\u0131l\u0131m\u0131 ad\u0131 alt\u0131nda T\u00fcrkiye\u2019nin b\u00f6l\u00fcnmesini h\u0131zland\u0131ran bir yakla\u015f\u0131m\u0131n hukuki s\u00fcreci i\u00e7in bu pakete tuzaklar konmu\u015ftur.&#8221; dedi. <!--more--><\/p>\n<p style=\"text-align: justify;\">Konya&#8217;n\u0131n Ere\u011fli \u0130l\u00e7e Belediyesi&#8217;nin toplu a\u00e7\u0131l\u0131\u015f t\u00f6renine kat\u0131lmak \u00fczere Ere\u011fli&#8217;ye gelen Devlet Bah\u00e7eli, partililer taraf\u0131ndan il\u00e7e giri\u015finde kar\u015f\u0131land\u0131. T\u00f6renin yap\u0131laca\u011f\u0131 Yunus Emre Meydan\u0131&#8217;na y\u00fcr\u00fcyerek gelen Bah\u00e7eli, burada vatanda\u015flar taraf\u0131ndan sloganlarla kar\u015f\u0131land\u0131. Burada halka seslenen Bah\u00e7eli, 8 y\u0131ld\u0131r \u00fclkeyi y\u00f6neten AK Parti&#8217;nin her konuda ayr\u0131mc\u0131l\u0131k yapt\u0131\u011f\u0131n\u0131 iddia ederek, &#8220;Bu anayasa de\u011fi\u015fikli\u011finde AKP\u2019nin ve Ba\u015fbakan\u2019\u0131n gizli g\u00fcndemi ve niyeti var. Bunlardan birincisi PKK a\u00e7\u0131l\u0131m\u0131 ad\u0131 alt\u0131nda T\u00fcrkiye\u2019nin b\u00f6l\u00fcnmesini h\u0131zland\u0131ran bir yakla\u015f\u0131m\u0131n hukuki s\u00fcreci i\u00e7in bu pakete tuzaklar konmu\u015ftur. HSYK\u2019n\u0131n kurulu\u015f rakamlar\u0131 \u00fczerinde oyunlar oynuyor, oralar\u0131 yanda\u015flarla doldurup yarg\u0131y\u0131 sana ba\u011f\u0131ml\u0131 hale getirmek istiyorsun.&#8221; dedi.<\/p>\n<p style=\"text-align: justify;\"><strong>&#8220;HAYIRCILARI POTANS\u0130YEL DARBEC\u0130 OLARAK G\u00d6R\u00dcYORLAR&#8221; <\/strong><\/p>\n<p style=\"text-align: justify;\">12 Eyl\u00fcl&#8217;de yap\u0131lacak Anayasa de\u011fi\u015fikli\u011fi paketi referandumu konusuna da de\u011finen Bah\u00e7eli, AK Parti&#8217;nin Anayasa de\u011fi\u015fikli\u011fine &#8216;hay\u0131r&#8217; diyecekleri darbeci, &#8216;evet&#8217; diyecekleri demokrat olarak nitelendirdi\u011fini savunarak, &#8220;B\u00f6yle sakat bir zihniyet olabilir mi? B\u00f6yle davranarak Anayasal hakk\u0131 olan oy hakk\u0131n\u0131 &#8216;hay\u0131r&#8217; y\u00f6n\u00fcnde kullanacaklar\u0131n akl\u0131na, &#8216;E\u011fer hay\u0131r dersem yar\u0131n savc\u0131 hakk\u0131mda darbecilikten su\u00e7 duyurusunda bulunur mu?&#8217; korkusunu salarak bir korku imparatorlu\u011fu olu\u015fturmak istiyorlar. Bu \u00fclke darbeler ya\u015fam\u0131\u015ft\u0131r. \u00dclkenin gelece\u011fini karartan geli\u015fmeler ya\u015fam\u0131\u015ft\u0131r. Bunlar\u0131n \u00f6n\u00fcne ge\u00e7menin ba\u015fl\u0131ca yolu demokrasi k\u00fclt\u00fcr\u00fcn\u00fc geli\u015ftirmektir. Referandum da bunun bir par\u00e7as\u0131d\u0131r. Sizden istirham\u0131m, referandumu hafife almay\u0131n. Bu referandum sadece bir halk oylamas\u0131 de\u011fil, \u00f6n\u00fcm\u00fczdeki se\u00e7imlerde iktidar\u0131n de\u011fi\u015fip de\u011fi\u015fmeyece\u011fi konusunda da bir \u00f6ng\u00f6r\u00fc olacakt\u0131r. Bu nedenle 12 Eyl\u00fcl g\u00fcn\u00fc mutlaka sand\u0131\u011fa gidin ve \u00f6zg\u00fcr iradenizi kullanarak oyunuzu verin&#8221; dedi.<\/p>\n<p style=\"text-align: justify;\"><span style=\"color: #888888;\">VATAN<\/span><\/p>\n","protected":false},"excerpt":{"rendered":"<p style=\"text-align: center;\">\n<p style=\"text-align: justify;\">MHP lideri Bah\u00e7eli Ba\u015fbakan Erdo\u011fan&#8217;\u0131n ve iktidar\u0131n gizli g\u00fcndemi oldu\u011funu iddia ederek \u015funlar\u0131 s\u00f6yledi.<\/p>\n<p style=\"text-align: justify;\">Milliyet\u00e7i Hareket Partisi (MHP) Genel Ba\u015fkan\u0131 Devlet Bah\u00e7eli, &#8220;PKK a\u00e7\u0131l\u0131m\u0131 ad\u0131 alt\u0131nda T\u00fcrkiye\u2019nin b\u00f6l\u00fcnmesini h\u0131zland\u0131ran bir yakla\u015f\u0131m\u0131n hukuki s\u00fcreci i\u00e7in bu pakete tuzaklar konmu\u015ftur.&#8221; dedi. <\/p>\n","protected":false},"author":1,"featured_media":0,"comment_status":"open","ping_status":"closed","sticky":false,"template":"","format":"standard","meta":{"footnotes":""},"categories":[105],"tags":[],"class_list":["post-24632","post","type-post","status-publish","format-standard","hentry","category-gundem","odd"],"_links":{"self":[{"href":"http:\/\/www.korhanyilmaz.com\/index.php?rest_route=\/wp\/v2\/posts\/24632","targetHints":{"allow":["GET"]}}],"collection":[{"href":"http:\/\/www.korhanyilmaz.com\/index.php?rest_route=\/wp\/v2\/posts"}],"about":[{"href":"http:\/\/www.korhanyilmaz.com\/index.php?rest_route=\/wp\/v2\/types\/post"}],"author":[{"embeddable":true,"href":"http:\/\/www.korhanyilmaz.com\/index.php?rest_route=\/wp\/v2\/users\/1"}],"replies":[{"embeddable":true,"href":"http:\/\/www.korhanyilmaz.com\/index.php?rest_route=%2Fwp%2Fv2%2Fcomments&post=24632"}],"version-history":[{"count":0,"href":"http:\/\/www.korhanyilmaz.com\/index.php?rest_route=\/wp\/v2\/posts\/24632\/revisions"}],"wp:attachment":[{"href":"http:\/\/www.korhanyilmaz.com\/index.php?rest_route=%2Fwp%2Fv2%2Fmedia&parent=24632"}],"wp:term":[{"taxonomy":"category","embeddable":true,"href":"http:\/\/www.korhanyilmaz.com\/index.php?rest_route=%2Fwp%2Fv2%2Fcategories&post=24632"},{"taxonomy":"post_tag","embeddable":true,"href":"http:\/\/www.korhanyilmaz.com\/index.php?rest_route=%2Fwp%2Fv2%2Ftags&post=24632"}],"curies":[{"name":"wp","href":"https:\/\/api.w.org\/{rel}","templated":true}]}}