{"id":24609,"date":"2010-08-06T21:25:28","date_gmt":"2010-08-06T21:25:28","guid":{"rendered":"http:\/\/www.korhanyilmaz.com\/?p=24609"},"modified":"2010-08-06T21:25:28","modified_gmt":"2010-08-06T21:25:28","slug":"bahceli-tsk-ile-oynamak-atesle-oynamaktir","status":"publish","type":"post","link":"http:\/\/www.korhanyilmaz.com\/?p=24609","title":{"rendered":"Bah\u00e7eli: &#8220;TSK ile oynamak ate\u015fle oynamakt\u0131r&#8221;"},"content":{"rendered":"<p style=\"text-align: center;\"><a href=\"http:\/\/www.korhanyilmaz.com\/wp-content\/uploads\/2010\/08\/034.jpg\"  class=\"lightview\"><img loading=\"lazy\" decoding=\"async\" class=\"size-full wp-image-24610 aligncenter\" src=\"http:\/\/www.korhanyilmaz.com\/wp-content\/uploads\/2010\/08\/034.jpg\" alt=\"\" width=\"292\" height=\"196\" \/><\/a><\/p>\n<p style=\"text-align: justify;\">Milliyet\u00e7i Hareket Partisi Genel Ba\u015fkan\u0131 Devlet Bah\u00e7eli, T\u00fcrkiye&#8217;nin \u015fu an T\u00fcrk Silahl\u0131 Kuvvetleri (TSK) ile se\u00e7ilmi\u015f insanlar\u0131 aras\u0131nda yo\u011funla\u015fan ve derinle\u015fen bir gerginlik ya\u015fad\u0131\u011f\u0131n\u0131 s\u00f6yleyerek, &#8220;Say\u0131n Cumhurba\u015fkan\u0131, Say\u0131n Ba\u015fbakan ve say\u0131n Genelkurmay ba\u015fkan\u0131 bir araya geliniz. TSK ile oynamak ate\u015fle oynamakt\u0131r&#8221; dedi.<!--more--><\/p>\n<p style=\"text-align: justify;\">Bah\u00e7eli, K\u0131r\u0131kkkale&#8217;de Cumhuriyet Meydan\u0131&#8217;nda halka hitap etti. 1876 y\u0131l\u0131ndan bu yana T\u00fcrkiye&#8217;de Anayasa tart\u0131\u015fmalar\u0131n\u0131n yap\u0131ld\u0131\u011f\u0131n\u0131 belirten Bah\u00e7eli, \u00e7ok partili hayata ge\u00e7ilen 1946&#8217;dan bu yana da demokrasinin i\u015flerli\u011fi konusunda da tart\u0131\u015fmalar\u0131n devam etti\u011fini dile getirdi.<\/p>\n<p style=\"text-align: justify;\">1982&#8217;de yap\u0131lan anayasa \u00fczerinde 17 defa de\u011fi\u015fiklik yap\u0131larak 83 maddenin tamamen de\u011fi\u015ftirildi\u011fini an\u0131msatan Bah\u00e7eli, ancak halen T\u00fcrkiye&#8217;de Anayasa tart\u0131\u015fmalar\u0131n\u0131n devam etti\u011fini kaydetti.<\/p>\n<p style=\"text-align: justify;\">Anayasalar\u0131n d\u00fcnyan\u0131n de\u011fi\u015fen \u015fartlar\u0131na, T\u00fcrkiye&#8217;nin i\u00e7 dinamiklerine uygun, d\u00f6nemi kavrayacak k\u0131sa ve \u00f6z, detay tart\u0131\u015fmas\u0131 olmadan haz\u0131rlanmas\u0131 gerekti\u011fini anlatan Bah\u00e7eli, Anayasa \u00fczerinde yap\u0131lacak de\u011fi\u015fmelerin bir uzla\u015fma zemini \u00fczerinde yap\u0131lmas\u0131 halinde T\u00fcrkiye&#8217;nin anayasa tart\u0131\u015fmalar\u0131 d\u0131\u015f\u0131nda sosyal ve ekonomik konular\u0131n\u0131n g\u00fcndemde olaca\u011f\u0131n\u0131 bildirdi.<\/p>\n<p style=\"text-align: justify;\">Bah\u00e7eli, ancak T\u00fcrkiye&#8217;nin anayasa tart\u0131\u015fmalar\u0131 nedeniyle \u00e7ok b\u00fcy\u00fck bir zaman kayb\u0131 ya\u015fad\u0131\u011f\u0131n\u0131 dile getirdi.<\/p>\n<p style=\"text-align: justify;\">MHP olarak ge\u00e7mi\u015f d\u00f6nemde de \u015fimdi de anayasa de\u011fi\u015fikli\u011finin \u00fclke i\u00e7in \u00f6nemli oldu\u011funu, bunun meclis ba\u015fkan\u0131n\u0131n ba\u015fkanl\u0131\u011f\u0131nda kurulacak bir anayasa de\u011fi\u015fikli\u011fi uzla\u015fma komisyonunca yap\u0131lmas\u0131 gerekti\u011fini s\u00f6ylediklerini aktaran Bah\u00e7eli, bu konuda m\u00fcracaatlarda bulunduklar\u0131n\u0131 ifade etti.<\/p>\n<p style=\"text-align: justify;\"><strong>Bah\u00e7eli, konu\u015fmas\u0131nda \u015funlar\u0131 kaydetti: <\/strong><\/p>\n<p style=\"text-align: justify;\">&#8220;Bu \u015fekilde bir uzla\u015fma komisyonu kurulsayd\u0131 o zaman meclis de anayasa de\u011fi\u015fikli\u011fini referanduma ihtiya\u00e7 olmadan meclis iradesiyle yapard\u0131. T\u00fcrkiye de istikrarl\u0131 bir ortama ula\u015ft\u0131r\u0131lm\u0131\u015f olurdu. Ancak AK Parti, \u00f6zellikle de Ba\u015fbakan Recep Tayyip Erdo\u011fan nas\u0131l bir d\u00fcnyaya dalm\u0131\u015fsa, kendisinin bile izah edemeyece\u011fi bir bencillik i\u00e7inde dayatmayla, inatla kendi milletvekillerini bask\u0131 alt\u0131na alarak de\u011fi\u015fiklik tasar\u0131s\u0131n\u0131 meclise getirmi\u015f, hi\u00e7 kimseyle g\u00f6r\u00fc\u015fme ihtiyac\u0131 hissetmemi\u015ftir. Nereye g\u00fcveniyorsa&#8230;<\/p>\n<p style=\"text-align: justify;\">\u015eimdi de meydana \u00e7\u0131km\u0131\u015f yalanla, g\u00f6zya\u015f\u0131yla akl\u0131nca milleti aldatarak anayasa de\u011fi\u015fikli\u011fini yapmaya \u00e7al\u0131\u015f\u0131yor. Buna bir cevap vermek laz\u0131m. Bu gidi\u015fat Recep Tayyip Erdo\u011fan olmak \u00fczere AKP y\u00f6neticilerine ve mensuplar\u0131na hi\u00e7bir fayda getirmeyecektir. Bu zata dur demek laz\u0131m. Bu zat\u0131n ayaklar\u0131n\u0131n yere basmas\u0131 gerekti\u011fi hat\u0131rlat\u0131lmal\u0131d\u0131r.&#8221;<\/p>\n<p style=\"text-align: justify;\"><strong>&#8220;K\u0131\u015fk\u0131rtmalar yap\u0131l\u0131yor&#8221; <\/strong><\/p>\n<p style=\"text-align: justify;\">Bah\u00e7eli, &#8220;Daha sonra da bu cephe ve kutuplar aras\u0131nda \u00e7at\u0131\u015fma ortam\u0131 \u00e7\u0131kararak k\u0131\u015fk\u0131rtmalar yap\u0131l\u0131yor. Ne yap\u0131l\u0131yor? \u0130nananlar, inanmayanlar, laikler veya laik olmayanlar, etnik temelde b\u00f6l\u00fcc\u00fcl\u00fck, mezhep temelinde de ayr\u0131mc\u0131l\u0131\u011f\u0131 s\u00fcrekli k\u00f6r\u00fckl\u00fcyor. Duruyor, duruyor 36 etnik unsurdan bahsediyor. Saysa saysa akl\u0131na 5-6 tane geliyor. Gerisinin de ne oldu\u011funu kendisi de bilmiyor. \u00dclkedeki karde\u015fli\u011fi 36 etnik gruba niye ay\u0131r\u0131yorsun? Bu sefer de etnik unsurlar kendi kendilerine soruyor. Ben kimim, ben neyim, ben hangi grubun mensubuyum diye ara\u015ft\u0131rarak toplumdaki dokuyu tahrip ediyor&#8221; diye konu\u015ftu.<\/p>\n<p style=\"text-align: justify;\">Ba\u015fbakan Erdo\u011fan&#8217;\u0131n 13 Kas\u0131m 2009&#8217;da meclisteki bir konu\u015fmas\u0131nda &#8220;T\u00fcrkiye 7 siyasi b\u00f6lgedir&#8221; dedi\u011fini ileri s\u00fcren Devlet Bah\u00e7eli, &#8220;\u0130n\u015fallah dili s\u00fcr\u00e7m\u00fc\u015ft\u00fcr. &#8216;T\u00fcrkiye 7 co\u011frafi b\u00f6lgedir&#8217; diyebilirdi. 7 siyasi b\u00f6lge deniliyorsa&#8230; \u015eimdi de Diyarbak\u0131r Belediye Ba\u015fkan\u0131 da kalkm\u0131\u015f demokratik \u00f6zerklik diyor. T\u00fcrkiye bayra\u011f\u0131n\u0131n yan\u0131nda bir pa\u00e7avra dalgalansa ne olur diyor&#8221; \u015feklinde konu\u015ftu.<\/p>\n<p style=\"text-align: justify;\">Ba\u015fbakan Erdo\u011fan&#8217;\u0131n Ayd\u0131n mitingindeki s\u00f6zlerine de de\u011finen Bah\u00e7eli, &#8220;Say\u0131n Ba\u015fbakan Recep Tayyip Erdo\u011fan (Beni y\u00fcce divana g\u00f6ndermekle tehdit ediyorlar. Biz, bu davaya beyaz g\u00f6mle\u011fimizi giyerek \u00e7\u0131kt\u0131k) diyor. Siz daha \u00f6nceden de milli g\u00f6r\u00fc\u015f g\u00f6mle\u011finizi giymi\u015ftiniz. Onu \u00e7\u0131kard\u0131n\u0131z bir ti\u015f\u00f6rt giydiniz. \u00d6yle bir ti\u015f\u00f6rt giydiniz ki \u00f6n\u00fcnde ABD, arkas\u0131nda AB yaz\u0131yor&#8221; dedi.<\/p>\n<p style=\"text-align: justify;\"><strong>&#8220;TSK ile oynamak ate\u015fle oynamakt\u0131r&#8221; <\/strong><\/p>\n<p style=\"text-align: justify;\">\u015eimdilerde de yeni bir ayr\u0131mc\u0131l\u0131k ve kampla\u015fma zemini haz\u0131rland\u0131\u011f\u0131n\u0131, kurumlar aras\u0131 \u00e7at\u0131\u015fman\u0131n gittik\u00e7e derinle\u015fti\u011fini belirten Bah\u00e7eli, yasama, y\u00fcr\u00fctme ve yarg\u0131 aras\u0131nda yeni cepheler olu\u015fturuldu\u011funu s\u00f6yledi.<\/p>\n<p style=\"text-align: justify;\">Hangi partiden olursa olsun bu topraklar\u0131n insan\u0131n\u0131n y\u00fcce milletin \u00f6z evlatlar\u0131 oldu\u011funu belirten Bah\u00e7eli, bu nedenle T\u00fcrk Silahl\u0131 Kuvvetlerine ve Mehmet\u00e7i\u011fe kar\u015f\u0131 \u00f6zel bir sevgisinin bulundu\u011funu s\u00f6yledi.<\/p>\n<p style=\"text-align: justify;\">Cumhurba\u015fkan\u0131 Abdullah G\u00fcl&#8217;\u00fcn 10 Mart 2009&#8217;da bir yurt d\u0131\u015f\u0131 gezisinde kendisine sorulan bir soruya &#8220;iyi g\u00fcnler olacak&#8221; ifadesini kulland\u0131\u011f\u0131n\u0131 hat\u0131rlatan Bah\u00e7eli, Cumhurba\u015fkan\u0131n\u0131n 3 A\u011fustos&#8217;ta YA\u015e \u00fcyelerine verdi\u011fi yemek sonras\u0131nda da bas\u0131na &#8220;her \u015fey normal&#8221; dedi\u011fini an\u0131msatt\u0131.<\/p>\n<p style=\"text-align: justify;\">Bah\u00e7eli, konu\u015fmas\u0131nda \u015funlar\u0131 kaydetti:<\/p>\n<p style=\"text-align: justify;\">&#8220;(Her \u015fey iyi olacak) dedin ter\u00f6r t\u0131rmand\u0131. T\u00fcrkiye&#8217;nin her taraf\u0131ndan iller i\u015fgal ediliyor, arabalar yok ediliyor, insanlar soka\u011fa \u00e7\u0131kam\u0131yor. \u015eimdi de &#8216;her \u015fey normaldir&#8217; diyorsun \u00fc\u00e7 g\u00fcnd\u00fcr TSK komutas\u0131z kalm\u0131\u015f durumda. Ne yap\u0131yorsun Say\u0131n Cumhurba\u015fkan\u0131. Krizin ve karga\u015fan\u0131n \u015fifresini mi kullan\u0131yorsun. Bir \u015fey konu\u015fuyorsun T\u00fcrkiye kar\u0131\u015f\u0131yor. TSK a\u015fa\u011f\u0131lan\u0131yor, hor g\u00f6r\u00fcl\u00fcyor, ak\u0131llar\u0131nca ku\u015fat\u0131l\u0131yor ve TSK darbeci potansiyeli olarak alg\u0131lan\u0131yor. T\u00fcrkiye \u015fu an TSK ile se\u00e7ilmi\u015f insanlar\u0131 aras\u0131nda yo\u011funla\u015fan ve derinle\u015fen bir gerginlik ya\u015f\u0131yor. B\u00f6yle bir gerginli\u011fin ya\u015fand\u0131\u011f\u0131 d\u00f6nemde ter\u00f6r t\u0131rman\u0131yor, Hakkari, Van ve Diyarbak\u0131r&#8217;da her g\u00fcn olaylar yap\u0131l\u0131yor.<\/p>\n<p style=\"text-align: justify;\">Tarihi bir tarihi hata i\u015fleniyor. Ne oluyor? Bir komutan veya komutanlar \u00fczerinden hangi tasarrufta bulunmaya \u00e7al\u0131\u015f\u0131yorsunuz. \u015eimdi de YA\u015e kararlar\u0131n\u0131n al\u0131naca\u011f\u0131 bir g\u00fcnde yeni bir oyuna giriyorsun. Ama sen ne yapt\u0131\u011f\u0131n\u0131n fark\u0131nda de\u011filsin. \u0130ktidarda olman\u0131n sarho\u015flu\u011fuyla ne yapaca\u011f\u0131n\u0131 bilmiyorsun.&#8221;<\/p>\n<p style=\"text-align: justify;\">Tehlikeli bir yola girildi\u011fine vurgu yapan Bah\u00e7eli, &#8220;Say\u0131n Cumhurba\u015fkan\u0131, Say\u0131n Ba\u015fbakan ve Say\u0131n Genelkurmay Ba\u015fkan\u0131 bir araya geliniz. TSK ile oynamak ate\u015fle oynamakt\u0131r. D\u00fcnyan\u0131n k\u00fcresel b\u00fct\u00fcn g\u00fc\u00e7leri g\u00f6zlerini dikmi\u015f b\u00f6yle bir zaafiyete hep bekliyorlar. Bu oyuna ve tuza\u011fa d\u00fc\u015fmemek laz\u0131m&#8221; dedi.<\/p>\n<p style=\"text-align: justify;\">TSK&#8217;nin gece g\u00fcnd\u00fcz ter\u00f6rle m\u00fccadele etti\u011fini ve \u00e7ekilen s\u0131k\u0131nt\u0131lar\u0131 bildiklerini dile getiren Bah\u00e7eli, &#8220;Bir YA\u015e karar\u0131nda A komutan B komutan oldu veya yarg\u0131 yoluyla su\u00e7 belli olmadan baz\u0131 su\u00e7lamalarla komuta heyetini zaafiyete u\u011fratacak bir davran\u0131\u015f\u0131 \u00f6nlemek i\u00e7in sizin, komuta heyetinizi kendinize g\u00f6re tanzim etmenizi istiyoruz. TSK&#8217;nin en bilgili, en yeti\u015fmi\u015f, cesaretli ve ak\u0131ll\u0131 komutanlar\u0131ndan bir heyet olu\u015fturursunuz. Gelecek g\u00fcnler karanl\u0131k g\u00f6z\u00fck\u00fcyor. \u00d6nce ter\u00f6r\u00fcn k\u00f6k\u00fcn\u00fc kaz\u0131y\u0131, sonra T\u00fcrkiye&#8217;yi g\u00fcvence alt\u0131na al\u0131n&#8221; \u015feklinde konu\u015ftu.<\/p>\n<p style=\"text-align: justify;\"><strong>Emekli Koramiral K\u0131yat&#8217;\u0131n iddias\u0131 <\/strong><\/p>\n<p style=\"text-align: justify;\">Devlet Bah\u00e7eli, 1993 ile 97 y\u0131llar\u0131 aras\u0131nda i\u015flenen faili me\u00e7huller i\u00e7in &#8220;devlet politikas\u0131yd\u0131&#8221; diyen emekli Koramiral Atilla K\u0131yat&#8217;a da sert tepki g\u00f6sterdi.<\/p>\n<p style=\"text-align: justify;\">Bah\u00e7eli K\u0131yat&#8217;\u0131n a\u00e7\u0131klamalar\u0131 i\u00e7in &#8220;al\u00e7ak\u00e7a iftiralar&#8221; diye konu\u015ftu.<\/p>\n<p style=\"text-align: justify;\"><span style=\"color: #888888;\">CNN T\u00dcRK<\/span><\/p>\n","protected":false},"excerpt":{"rendered":"<p style=\"text-align: center;\">\n<p style=\"text-align: justify;\">Milliyet\u00e7i Hareket Partisi Genel Ba\u015fkan\u0131 Devlet Bah\u00e7eli, T\u00fcrkiye&#8217;nin \u015fu an T\u00fcrk Silahl\u0131 Kuvvetleri (TSK) ile se\u00e7ilmi\u015f insanlar\u0131 aras\u0131nda yo\u011funla\u015fan ve derinle\u015fen bir gerginlik ya\u015fad\u0131\u011f\u0131n\u0131 s\u00f6yleyerek, &#8220;Say\u0131n Cumhurba\u015fkan\u0131, Say\u0131n Ba\u015fbakan ve say\u0131n Genelkurmay ba\u015fkan\u0131 bir araya geliniz. TSK ile oynamak ate\u015fle oynamakt\u0131r&#8221; dedi.<\/p>\n","protected":false},"author":1,"featured_media":0,"comment_status":"open","ping_status":"closed","sticky":false,"template":"","format":"standard","meta":{"footnotes":""},"categories":[105],"tags":[],"class_list":["post-24609","post","type-post","status-publish","format-standard","hentry","category-gundem","odd"],"_links":{"self":[{"href":"http:\/\/www.korhanyilmaz.com\/index.php?rest_route=\/wp\/v2\/posts\/24609","targetHints":{"allow":["GET"]}}],"collection":[{"href":"http:\/\/www.korhanyilmaz.com\/index.php?rest_route=\/wp\/v2\/posts"}],"about":[{"href":"http:\/\/www.korhanyilmaz.com\/index.php?rest_route=\/wp\/v2\/types\/post"}],"author":[{"embeddable":true,"href":"http:\/\/www.korhanyilmaz.com\/index.php?rest_route=\/wp\/v2\/users\/1"}],"replies":[{"embeddable":true,"href":"http:\/\/www.korhanyilmaz.com\/index.php?rest_route=%2Fwp%2Fv2%2Fcomments&post=24609"}],"version-history":[{"count":0,"href":"http:\/\/www.korhanyilmaz.com\/index.php?rest_route=\/wp\/v2\/posts\/24609\/revisions"}],"wp:attachment":[{"href":"http:\/\/www.korhanyilmaz.com\/index.php?rest_route=%2Fwp%2Fv2%2Fmedia&parent=24609"}],"wp:term":[{"taxonomy":"category","embeddable":true,"href":"http:\/\/www.korhanyilmaz.com\/index.php?rest_route=%2Fwp%2Fv2%2Fcategories&post=24609"},{"taxonomy":"post_tag","embeddable":true,"href":"http:\/\/www.korhanyilmaz.com\/index.php?rest_route=%2Fwp%2Fv2%2Ftags&post=24609"}],"curies":[{"name":"wp","href":"https:\/\/api.w.org\/{rel}","templated":true}]}}