{"id":24605,"date":"2010-08-07T00:03:38","date_gmt":"2010-08-07T00:03:38","guid":{"rendered":"http:\/\/www.korhanyilmaz.com\/?p=24605"},"modified":"2010-08-07T00:03:38","modified_gmt":"2010-08-07T00:03:38","slug":"yas-dugumunde-kritik-gorusme-sona-erdi","status":"publish","type":"post","link":"http:\/\/www.korhanyilmaz.com\/?p=24605","title":{"rendered":"YA\u015e d\u00fc\u011f\u00fcm\u00fcnde kritik g\u00f6r\u00fc\u015fme sona erdi"},"content":{"rendered":"<p><a href=\"http:\/\/www.korhanyilmaz.com\/wp-content\/uploads\/2010\/08\/033.jpg\"  class=\"lightview\"><img loading=\"lazy\" decoding=\"async\" class=\"size-full wp-image-24606 aligncenter\" src=\"http:\/\/www.korhanyilmaz.com\/wp-content\/uploads\/2010\/08\/033.jpg\" alt=\"\" width=\"292\" height=\"146\" \/><\/a><\/p>\n<p style=\"text-align: justify;\">Ba\u015fbakan Recep Tayyip Erdo\u011fan&#8217;\u0131n Genelkurmay Ba\u015fkan\u0131 Orgeneral \u0130lker Ba\u015fbu\u011f ile g\u00f6r\u00fc\u015fmesi sona erdi.<\/p>\n<p style=\"text-align: justify;\">Orgeneral Ba\u015fbu\u011f, Ba\u015fbakanl\u0131k Resmi Konutu&#8217;na saat 22.56&#8217;da geldi. Ba\u015fbu\u011f, Konut&#8217;tan saat 23.59&#8217;da ayr\u0131ld\u0131. <!--more--><\/p>\n<p style=\"text-align: justify;\">Ba\u015fbakan Erdo\u011fan, bu ak\u015fam Ba\u015fbakanl\u0131k Resmi Konutu&#8217;nda Savunma Bakan\u0131 Vecdi G\u00f6n\u00fcl ile de g\u00f6r\u00fc\u015ft\u00fc. G\u00f6r\u00fc\u015fme yakla\u015f\u0131k 15 dakika s\u00fcrd\u00fc.<\/p>\n<p style=\"text-align: justify;\">Ba\u015fbakan Erdo\u011fan, &#8220;Bu ak\u015fam Genelkurmay Ba\u015fkan\u0131 Orgeneral \u0130lker Ba\u015fbu\u011f ile bir g\u00f6r\u00fc\u015fme yapaca\u011f\u0131n\u0131&#8221;, g\u00f6r\u00fc\u015fme talebinin Ba\u015fbu\u011f&#8217;dan geldi\u011fini a\u00e7\u0131klam\u0131\u015ft\u0131.<\/p>\n<p style=\"text-align: justify;\"><strong>Bug\u00fcn neler ya\u015fand\u0131? <\/strong><\/p>\n<p style=\"text-align: justify;\">Ba\u015fbakan Erdo\u011fan, Ankara&#8217;dan Eski\u015fehir&#8217;e giderken Y\u00fcksek H\u0131zl\u0131 Tren&#8217;de gazetecilerin sorular\u0131n\u0131 yan\u0131tlad\u0131.<\/p>\n<p style=\"text-align: justify;\">Emeklili\u011fini isteyen Orgeneral Atilla I\u015f\u0131k&#8217;\u0131n talebinin hemen i\u015fleme konmayaca\u011f\u0131n\u0131 belirten Erdo\u011fan, &#8220;Kara Kuvvetleri Komutanl\u0131\u011f\u0131 i\u00e7in bana yeni bir isim gelmedi&#8221; dedi.<\/p>\n<p style=\"text-align: justify;\">Atamalarla ilgili ay sonuna kadar at\u0131labilecek ad\u0131mlar\u0131n s\u00f6z konusu oldu\u011funu ifade eden Erdo\u011fan, &#8220;Bu konuda herhangi bir s\u0131k\u0131nt\u0131 s\u00f6z konusu de\u011fil. TSK kurum olarak oturmu\u015ftur. Kurum olarak \u00e7al\u0131\u015fmas\u0131n\u0131 devam ettirebilir&#8221; dedi.<\/p>\n<p style=\"text-align: justify;\">Kara Kuvvetleri Komutanl\u0131\u011f\u0131 i\u00e7in kendisine yeni bir isim gelmedi\u011fini belirten Erdo\u011fan, Genelkurmay Ba\u015fkan\u0131&#8217;n\u0131n atanmas\u0131 konusunda da g\u00f6r\u00fc\u015fmelerin s\u00fcrd\u00fc\u011f\u00fcn\u00fc ve hen\u00fcz mutabakata var\u0131lmad\u0131\u011f\u0131n\u0131 s\u00f6yledi.<\/p>\n<p style=\"text-align: justify;\">Ak\u015fam Genelkurmay Ba\u015fkan\u0131 Orgeneral Ba\u015fbu\u011f ile de g\u00f6r\u00fc\u015fece\u011fini belirten Erdo\u011fan, Orgeneral Atilla I\u015f\u0131k&#8217;\u0131n emeklilik talebi hemen i\u015fleme konmayabilece\u011fini s\u00f6yledi; I\u015f\u0131k&#8217;\u0131n ay sonuna kadar g\u00f6revine devam edebilece\u011fine dikkat \u00e7ekti.<\/p>\n<p style=\"text-align: justify;\"><strong>&#8220;Uygun bulmad\u0131\u011f\u0131m teklifler oldu&#8221; <\/strong><\/p>\n<p style=\"text-align: justify;\">Erdo\u011fan, &#8220;Bu y\u0131lki toplant\u0131da Milli Savunma Bakan\u0131 ve benim de uygun bulmad\u0131\u011f\u0131m baz\u0131 teklifler oldu. Bunun d\u0131\u015f\u0131nda di\u011fer tayin ve terfi i\u015flemleri imzaland\u0131. Cumhurba\u015fkan\u0131m\u0131z da onad\u0131. Genelkurmay Ba\u015fkanl\u0131\u011f\u0131 konusunda&#8230; 30 A\u011fustos&#8217;a kadar g\u00f6revi var. 30 A\u011fustos&#8217;ta emeklili\u011fi s\u00f6z konusu. Ondan sonraki orgeneral&#8230; Yasalara g\u00f6re kuvvet komutan\u0131 olabilir. Genelkurmay Ba\u015fkan\u0131, Bakanlar Kurulu karar\u0131yla atan\u0131r. \u015eu anda g\u00f6r\u00fc\u015fmelerimiz devam ediyor. \u0130sim \u00fczerinde mutabakat sa\u011flan\u0131rsa kararname bir g\u00fcn i\u00e7erisinde \u00e7\u0131kar. Bu \u00f6nemli bir mesele de\u011fil&#8221; dedi.<\/p>\n<p style=\"text-align: justify;\">Ba\u015fbakan, &#8220;Kara Kuvvetleri Komutanl\u0131\u011f\u0131 olay\u0131 var. Bu konuda da Genelkurmay Ba\u015fkan\u0131m\u0131z\u0131n teklifi oldu. Bu teklif inha edilmemi\u015ftir. Burada farkl\u0131 bir ismi Genelkurmay Ba\u015fkan\u0131 bana teklif edebilir. Ama hen\u00fcz bir teklif bana gelmedi, bunu bekliyoruz. B\u00f6yle bir teklif gelirse de\u011ferlendirir, ad\u0131m\u0131m\u0131z\u0131 atar\u0131z&#8221; diye konu\u015ftu.<\/p>\n<p style=\"text-align: justify;\"><strong>Erdo\u011fan g\u00f6r\u00fc\u015fmenin konusunu bilmiyor <\/strong><\/p>\n<p style=\"text-align: justify;\">Bu ak\u015famki g\u00f6r\u00fc\u015fme teklifinin Org. Ba\u015fbu\u011f&#8217;dan geldi\u011fini ifade eden Erdo\u011fan, g\u00f6r\u00fc\u015fmenin konusunu bilmedi\u011fini s\u00f6yledi.<\/p>\n<p style=\"text-align: justify;\">Atamalarla ilgili ay sonuna kadar at\u0131labilecek ad\u0131mlar\u0131n s\u00f6z konusu oldu\u011funu ifade eden Erdo\u011fan, &#8220;Bu konuda herhangi bir s\u0131k\u0131nt\u0131 s\u00f6z konusu de\u011fil. TSK kurum olarak oturmu\u015ftur. Kurum olarak \u00e7al\u0131\u015fmas\u0131n\u0131 devam ettirebilir&#8221; dedi.<\/p>\n<p style=\"text-align: justify;\">Bir gazetecinin &#8220;Orgeneral Ba\u015fbu\u011f&#8217;un g\u00f6rev s\u00fcresinin uzat\u0131lmas\u0131 konusunda teklifte bulunulup bulunulmad\u0131\u011f\u0131n\u0131n&#8221; sorulmas\u0131 \u00fczerine de Erdo\u011fan, &#8220;Hay\u0131r \u00f6yle bir \u015fey s\u00f6z konusu de\u011fil&#8221; yan\u0131t\u0131 verdi.<\/p>\n<p style=\"text-align: justify;\">Atamalar konusunda kar\u015f\u0131l\u0131kl\u0131 mutabakat sa\u011flanmas\u0131n\u0131n daha sa\u011fl\u0131kl\u0131 olaca\u011f\u0131n\u0131 vurgulayan Erdo\u011fan, g\u00f6r\u00fc\u015fmelerin devam etti\u011fini, TSK&#8217;n\u0131n yasas\u0131 gere\u011fi her \u015feyin a\u00e7\u0131k ve net oldu\u011funu, kendilerinin de bu yasa \u00e7er\u00e7evesinde g\u00f6revlerini yerine getirmeye \u00e7al\u0131\u015ft\u0131klar\u0131n\u0131 ifade etti.<\/p>\n<p style=\"text-align: justify;\">Jandarma Genel Komutan\u0131 Orgeneral Atila I\u015f\u0131k&#8217;\u0131n Kara Kuvvetleri Komutanl\u0131\u011f\u0131na \u00f6nerilip \u00f6nerilmedi\u011finin sorulmas\u0131 \u00fczerine Erdo\u011fan, &#8220;\u00d6nerilmedi. Kendisinin emeklilik talebi s\u00f6z konusu. Emeklilik talebinin an\u0131nda i\u015fleme konulmas\u0131 da s\u00f6z konusu de\u011fil. Emeklilik talepleri ay sonuna kadar de\u011ferlendirilir, devam edebilir. Ama Milli Savunma Bakan\u0131m\u0131z\u0131n imzalad\u0131\u011f\u0131 anda kabul edilmi\u015f say\u0131l\u0131r&#8221; kar\u015f\u0131l\u0131\u011f\u0131n\u0131 verdi.<\/p>\n<p style=\"text-align: justify;\"><span style=\"color: #888888;\">CNN T\u00dcRK<\/span><\/p>\n","protected":false},"excerpt":{"rendered":"<\/p>\n<p style=\"text-align: justify;\">Ba\u015fbakan Recep Tayyip Erdo\u011fan&#8217;\u0131n Genelkurmay Ba\u015fkan\u0131 Orgeneral \u0130lker Ba\u015fbu\u011f ile g\u00f6r\u00fc\u015fmesi sona erdi.<\/p>\n<p style=\"text-align: justify;\">Orgeneral Ba\u015fbu\u011f, Ba\u015fbakanl\u0131k Resmi Konutu&#8217;na saat 22.56&#8217;da geldi. Ba\u015fbu\u011f, Konut&#8217;tan saat 23.59&#8217;da ayr\u0131ld\u0131. <\/p>\n","protected":false},"author":1,"featured_media":0,"comment_status":"open","ping_status":"closed","sticky":false,"template":"","format":"standard","meta":{"footnotes":""},"categories":[105],"tags":[],"class_list":["post-24605","post","type-post","status-publish","format-standard","hentry","category-gundem","odd"],"_links":{"self":[{"href":"http:\/\/www.korhanyilmaz.com\/index.php?rest_route=\/wp\/v2\/posts\/24605","targetHints":{"allow":["GET"]}}],"collection":[{"href":"http:\/\/www.korhanyilmaz.com\/index.php?rest_route=\/wp\/v2\/posts"}],"about":[{"href":"http:\/\/www.korhanyilmaz.com\/index.php?rest_route=\/wp\/v2\/types\/post"}],"author":[{"embeddable":true,"href":"http:\/\/www.korhanyilmaz.com\/index.php?rest_route=\/wp\/v2\/users\/1"}],"replies":[{"embeddable":true,"href":"http:\/\/www.korhanyilmaz.com\/index.php?rest_route=%2Fwp%2Fv2%2Fcomments&post=24605"}],"version-history":[{"count":0,"href":"http:\/\/www.korhanyilmaz.com\/index.php?rest_route=\/wp\/v2\/posts\/24605\/revisions"}],"wp:attachment":[{"href":"http:\/\/www.korhanyilmaz.com\/index.php?rest_route=%2Fwp%2Fv2%2Fmedia&parent=24605"}],"wp:term":[{"taxonomy":"category","embeddable":true,"href":"http:\/\/www.korhanyilmaz.com\/index.php?rest_route=%2Fwp%2Fv2%2Fcategories&post=24605"},{"taxonomy":"post_tag","embeddable":true,"href":"http:\/\/www.korhanyilmaz.com\/index.php?rest_route=%2Fwp%2Fv2%2Ftags&post=24605"}],"curies":[{"name":"wp","href":"https:\/\/api.w.org\/{rel}","templated":true}]}}