{"id":24602,"date":"2010-08-06T23:21:43","date_gmt":"2010-08-06T23:21:43","guid":{"rendered":"http:\/\/www.korhanyilmaz.com\/?p=24602"},"modified":"2010-08-06T23:21:43","modified_gmt":"2010-08-06T23:21:43","slug":"erdogan-obama-ile-telefonla-gorustu","status":"publish","type":"post","link":"http:\/\/www.korhanyilmaz.com\/?p=24602","title":{"rendered":"Erdo\u011fan, Obama ile telefonla g\u00f6r\u00fc\u015ft\u00fc"},"content":{"rendered":"<p style=\"text-align: center;\"><a href=\"http:\/\/www.korhanyilmaz.com\/wp-content\/uploads\/2010\/08\/032.jpg\"  class=\"lightview\"><img loading=\"lazy\" decoding=\"async\" class=\"size-full wp-image-24603 aligncenter\" src=\"http:\/\/www.korhanyilmaz.com\/wp-content\/uploads\/2010\/08\/032.jpg\" alt=\"\" width=\"307\" height=\"236\" \/><\/a><\/p>\n<p style=\"text-align: justify;\">Ba\u015fbakan Recep Tayyip Erdo\u011fan, ABD Ba\u015fkan\u0131 Barack Obama ile telefonla g\u00f6r\u00fc\u015ft\u00fc.<\/p>\n<p style=\"text-align: justify;\">Ba\u015fbakanl\u0131k Bas\u0131n Merkezi&#8217;nin internet sitesinden yap\u0131lan a\u00e7\u0131klamada, Ba\u015fbakan Erdo\u011fan&#8217;\u0131n bug\u00fcn ABD Ba\u015fkan\u0131 Obama ile bir telefon g\u00f6r\u00fc\u015fmesi ger\u00e7ekle\u015ftirdi\u011fi bildirildi. <!--more--><\/p>\n<p style=\"text-align: justify;\">A\u00e7\u0131klamada, &#8220;Say\u0131n Obama&#8217;n\u0131n aramas\u0131yla ger\u00e7ekle\u015fen g\u00f6r\u00fc\u015fmede ba\u015fta Irak olmak \u00fczere b\u00f6lgemizdeki geli\u015fmeler hakk\u0131nda kar\u015f\u0131l\u0131kl\u0131 g\u00f6r\u00fc\u015f al\u0131\u015fveri\u015finde bulunulmu\u015ftur&#8221; denildi.<\/p>\n<p style=\"text-align: justify;\"><span style=\"color: #888888;\">CNN T\u00dcRK<\/span><\/p>\n","protected":false},"excerpt":{"rendered":"<p style=\"text-align: center;\">\n<p style=\"text-align: justify;\">Ba\u015fbakan Recep Tayyip Erdo\u011fan, ABD Ba\u015fkan\u0131 Barack Obama ile telefonla g\u00f6r\u00fc\u015ft\u00fc.<\/p>\n<p style=\"text-align: justify;\">Ba\u015fbakanl\u0131k Bas\u0131n Merkezi&#8217;nin internet sitesinden yap\u0131lan a\u00e7\u0131klamada, Ba\u015fbakan Erdo\u011fan&#8217;\u0131n bug\u00fcn ABD Ba\u015fkan\u0131 Obama ile bir telefon g\u00f6r\u00fc\u015fmesi ger\u00e7ekle\u015ftirdi\u011fi bildirildi. <\/p>\n","protected":false},"author":1,"featured_media":0,"comment_status":"open","ping_status":"closed","sticky":false,"template":"","format":"standard","meta":{"footnotes":""},"categories":[105],"tags":[],"class_list":["post-24602","post","type-post","status-publish","format-standard","hentry","category-gundem","odd"],"_links":{"self":[{"href":"http:\/\/www.korhanyilmaz.com\/index.php?rest_route=\/wp\/v2\/posts\/24602","targetHints":{"allow":["GET"]}}],"collection":[{"href":"http:\/\/www.korhanyilmaz.com\/index.php?rest_route=\/wp\/v2\/posts"}],"about":[{"href":"http:\/\/www.korhanyilmaz.com\/index.php?rest_route=\/wp\/v2\/types\/post"}],"author":[{"embeddable":true,"href":"http:\/\/www.korhanyilmaz.com\/index.php?rest_route=\/wp\/v2\/users\/1"}],"replies":[{"embeddable":true,"href":"http:\/\/www.korhanyilmaz.com\/index.php?rest_route=%2Fwp%2Fv2%2Fcomments&post=24602"}],"version-history":[{"count":0,"href":"http:\/\/www.korhanyilmaz.com\/index.php?rest_route=\/wp\/v2\/posts\/24602\/revisions"}],"wp:attachment":[{"href":"http:\/\/www.korhanyilmaz.com\/index.php?rest_route=%2Fwp%2Fv2%2Fmedia&parent=24602"}],"wp:term":[{"taxonomy":"category","embeddable":true,"href":"http:\/\/www.korhanyilmaz.com\/index.php?rest_route=%2Fwp%2Fv2%2Fcategories&post=24602"},{"taxonomy":"post_tag","embeddable":true,"href":"http:\/\/www.korhanyilmaz.com\/index.php?rest_route=%2Fwp%2Fv2%2Ftags&post=24602"}],"curies":[{"name":"wp","href":"https:\/\/api.w.org\/{rel}","templated":true}]}}