{"id":24599,"date":"2010-08-06T16:45:32","date_gmt":"2010-08-06T16:45:32","guid":{"rendered":"http:\/\/www.korhanyilmaz.com\/?p=24599"},"modified":"2010-08-06T16:45:32","modified_gmt":"2010-08-06T16:45:32","slug":"basbakanin-mitingine-katilana-resmi-tatil","status":"publish","type":"post","link":"http:\/\/www.korhanyilmaz.com\/?p=24599","title":{"rendered":"Ba\u015fbakan&#8217;\u0131n mitingine kat\u0131lana resmi tatil!"},"content":{"rendered":"<p style=\"text-align: center;\"><a href=\"http:\/\/www.korhanyilmaz.com\/wp-content\/uploads\/2010\/08\/031.jpg\"  class=\"lightview\"><img loading=\"lazy\" decoding=\"async\" class=\"size-full wp-image-24600 aligncenter\" src=\"http:\/\/www.korhanyilmaz.com\/wp-content\/uploads\/2010\/08\/031.jpg\" alt=\"\" width=\"292\" height=\"224\" \/><\/a><\/p>\n<p style=\"text-align: justify;\">Ba\u015fbakan Recep Tayyip Erdo\u011fan d\u00fcn Ayd\u0131n&#8217;dayd\u0131, baz\u0131 a\u00e7\u0131l\u0131\u015flar yapt\u0131 halka hitap etti. \u015eimdi ise o miting \u00f6ncesinde S\u00f6ke \u0130l\u00e7e Milli E\u011fitim M\u00fcd\u00fcrl\u00fc\u011f\u00fc taraf\u0131ndan okullara g\u00f6nderilen g\u00f6revlendirme yaz\u0131s\u0131 tart\u0131\u015f\u0131l\u0131yor. \u0130ddiaya g\u00f6re Milli E\u011fitim  M\u00fcd\u00fcrl\u00fc\u011f\u00fc t\u00fcm okullara bir e-mail g\u00f6nderdi ve personelin a\u00e7\u0131l\u0131\u015flara kat\u0131lmas\u0131 istendi. Yaz\u0131da ayr\u0131ca kat\u0131l\u0131mc\u0131lar\u0131n g\u00f6revli izinli say\u0131laca\u011f\u0131 belirtildi.<!--more--><\/p>\n<p style=\"text-align: justify;\">&#8220;<strong>Ba\u015fbakan Erdo\u011fan&#8217;\u0131n mitingine kat\u0131l, g\u00f6revli ve izinli say\u0131l.<\/strong>&#8220;<\/p>\n<p style=\"text-align: justify;\">Tart\u0131\u015fma yaratacak bu \u00e7a\u011fr\u0131 S\u00f6ke \u0130l\u00e7e Milli E\u011fitim M\u00fcd\u00fcrl\u00fc\u011f\u00fc&#8217;nden okul y\u00f6neticiliklerine yap\u0131ld\u0131.<\/p>\n<p style=\"text-align: justify;\">\u0130ddiaya g\u00f6re S\u00f6ke \u0130l\u00e7e Milli E\u011fitim M\u00fcd\u00fcr\u00fc Mustafa Bu\u011fdayeken miting \u00f6ncesinde t\u00fcm okullara resmi yaz\u0131 g\u00f6ndererek personeli mitinge \u00e7a\u011f\u0131rd\u0131.<\/p>\n<p style=\"text-align: justify;\">Mailde ayr\u0131ca gidi\u015f-d\u00f6n\u00fc\u015f i\u00e7in otob\u00fcsler temin edildi\u011fi ve a\u00e7\u0131l\u0131\u015fa kat\u0131lacaklar\u0131n g\u00f6revli izinli say\u0131laca\u011f\u0131 belirtildi.<\/p>\n<p style=\"text-align: justify;\">E\u011fitim-\u0130\u015f Sendikas\u0131 Genel Ba\u015fkan\u0131 Y\u00fcksel Ad\u0131belli konuyla ilgili d\u00fczenledi\u011fi bas\u0131n toplant\u0131s\u0131nda at\u0131lan maili bas\u0131na a\u00e7\u0131klad\u0131. Ad\u0131belli, \u0130l\u00e7e Milli E\u011fitim M\u00fcd\u00fcr\u00fc ve Ayd\u0131n Valili\u011fi&#8217;ne de tepki g\u00f6sterdi.<\/p>\n<p style=\"text-align: justify;\">Ad\u0131belli, &#8220;S\u00f6ke \u0130l\u00e7e Milli E\u011fitim M\u00fcd\u00fcr\u00fc, AK Parti \u0130l\u00e7e Ba\u015fkan\u0131 m\u0131, il\u00e7e y\u00f6netim kurulu \u00fcyesi mi? Bunlar g\u00f6z\u00fcn\u00fc karartm\u0131\u015f. Devletin Valisi de, devletin b\u00fct\u00fcn kurumlar\u0131 da anayasa de\u011fi\u015fikli\u011fine evet dedirtmek i\u00e7in AKP ile i\u00e7 i\u00e7e olmu\u015f durumda&#8221; dedi.<\/p>\n<p style=\"text-align: justify;\">Kriz yaratan mailin alt\u0131nda imzas\u0131 bulunan Milli E\u011fitim M\u00fcd\u00fcr\u00fc Mustafa Bu\u011fdayeken mailin valilikten geldi\u011fini ve kendisinin okullara iletti\u011fini s\u00f6yledi.<\/p>\n<p style=\"text-align: justify;\"><strong>Valilik a\u00e7\u0131klamas\u0131 <\/strong><\/p>\n<p style=\"text-align: justify;\">Ancak Ayd\u0131n Valisi H\u00fcseyin Avni Co\u015f, Bu\u011fdayeken&#8217;i yalanlad\u0131, a\u00e7\u0131l\u0131\u015fa kat\u0131l\u0131mla ilgili herhangi bir yaz\u0131 yaz\u0131lmad\u0131\u011f\u0131n\u0131 s\u00f6yledi.<\/p>\n<p style=\"text-align: justify;\">Ayd\u0131n Valili\u011fi&#8217;nden yap\u0131lan yaz\u0131l\u0131 a\u00e7\u0131klamada, baz\u0131 gazetelerde yer alan, &#8220;Kamu personelinin t\u00f6rene kat\u0131labilmesi i\u00e7in izinli veya g\u00f6revli say\u0131ld\u0131klar\u0131na&#8221; ili\u015fkin haberlerin ger\u00e7e\u011fi yans\u0131tmad\u0131\u011f\u0131 belirtildi.<\/p>\n<p style=\"text-align: justify;\">A\u00e7\u0131klamada, Ba\u015fbakan Recep Tayyip Erdo\u011fan&#8217;\u0131n Ayd\u0131n&#8217;a sadece toplu a\u00e7\u0131l\u0131\u015f t\u00f6reni i\u00e7in te\u015frif etti\u011fi, parti mitingi yapmad\u0131\u011f\u0131 ifade edilerek, \u015funlar kaydedildi:<\/p>\n<p style=\"text-align: justify;\">&#8220;Bu t\u00f6rende aralar\u0131nda \u0130kizdere Baraj\u0131&#8217;n\u0131n ve milli e\u011fitim yat\u0131r\u0131mlar\u0131n\u0131n da oldu\u011fu toplam 280 milyon TL&#8217;ye mal olan 20 tesisin toplu a\u00e7\u0131l\u0131\u015f\u0131 ger\u00e7ekle\u015ftirilmi\u015ftir. Miting de\u011fil toplu a\u00e7\u0131l\u0131\u015f t\u00f6reni oldu\u011fu i\u00e7in, gerek t\u00f6ren platformunda, gerekse kat\u0131lan vatanda\u015flar\u0131m\u0131z\u0131n hi\u00e7 birinin elinde parti bayra\u011f\u0131, flamas\u0131 bulunmam\u0131\u015ft\u0131r. Kamu personelinin t\u00f6rene kat\u0131lmas\u0131 i\u00e7in Valilik\u00e7e hi\u00e7 bir alt kademeye emir verilmemi\u015f, yaz\u0131 yaz\u0131lmam\u0131\u015ft\u0131r.<\/p>\n<p style=\"text-align: justify;\">S\u00f6ke \u0130l\u00e7e Milli E\u011fitim M\u00fcd\u00fcrl\u00fc\u011f\u00fc&#8217;nce, il\u00e7edeki kurumlara g\u00f6nderildi\u011fi haberle\u015ftirilen elektronik postan\u0131n, net zincir arac\u0131l\u0131\u011f\u0131yla elektronik ortamda resmi okul ve kurumlara g\u00f6nderilen a\u00e7\u0131l\u0131\u015f t\u00f6reninin duyurusu oldu\u011fu, e\u011fitim yat\u0131r\u0131mlar\u0131n\u0131n da a\u00e7\u0131l\u0131\u015f\u0131 nedeniyle bilgilendirme amac\u0131yla g\u00f6nderildi\u011fi anla\u015f\u0131lm\u0131\u015ft\u0131r.&#8221;<\/p>\n<p style=\"text-align: justify;\">A\u00e7\u0131klamada, S\u00f6ke \u0130l\u00e7e Milli E\u011fitim M\u00fcd\u00fcr\u00fcn\u00fcn konuyla ilgili olarak bas\u0131na herhangi bir bilgi vermedi\u011fi, kendisine atfedilen beyanlar\u0131n ger\u00e7ek d\u0131\u015f\u0131 oldu\u011fu ifade edildi.<\/p>\n<p style=\"text-align: justify;\">E\u011fitim-\u0130\u015f sendikas\u0131 tart\u0131\u015fma yaratan maille ilgili su\u00e7 duyurusunda bulunacak.<\/p>\n<p style=\"text-align: justify;\"><span style=\"color: #888888;\">CNN T\u00dcRK<\/span><\/p>\n","protected":false},"excerpt":{"rendered":"<p style=\"text-align: center;\">\n<p style=\"text-align: justify;\">Ba\u015fbakan Recep Tayyip Erdo\u011fan d\u00fcn Ayd\u0131n&#8217;dayd\u0131, baz\u0131 a\u00e7\u0131l\u0131\u015flar yapt\u0131 halka hitap etti. \u015eimdi ise o miting \u00f6ncesinde S\u00f6ke \u0130l\u00e7e Milli E\u011fitim M\u00fcd\u00fcrl\u00fc\u011f\u00fc taraf\u0131ndan okullara g\u00f6nderilen g\u00f6revlendirme yaz\u0131s\u0131 tart\u0131\u015f\u0131l\u0131yor. \u0130ddiaya g\u00f6re Milli E\u011fitim M\u00fcd\u00fcrl\u00fc\u011f\u00fc t\u00fcm okullara bir e-mail g\u00f6nderdi ve personelin a\u00e7\u0131l\u0131\u015flara kat\u0131lmas\u0131 istendi. Yaz\u0131da ayr\u0131ca kat\u0131l\u0131mc\u0131lar\u0131n g\u00f6revli izinli say\u0131laca\u011f\u0131 belirtildi.<\/p>\n","protected":false},"author":1,"featured_media":0,"comment_status":"open","ping_status":"closed","sticky":false,"template":"","format":"standard","meta":{"footnotes":""},"categories":[105],"tags":[],"class_list":["post-24599","post","type-post","status-publish","format-standard","hentry","category-gundem","odd"],"_links":{"self":[{"href":"http:\/\/www.korhanyilmaz.com\/index.php?rest_route=\/wp\/v2\/posts\/24599","targetHints":{"allow":["GET"]}}],"collection":[{"href":"http:\/\/www.korhanyilmaz.com\/index.php?rest_route=\/wp\/v2\/posts"}],"about":[{"href":"http:\/\/www.korhanyilmaz.com\/index.php?rest_route=\/wp\/v2\/types\/post"}],"author":[{"embeddable":true,"href":"http:\/\/www.korhanyilmaz.com\/index.php?rest_route=\/wp\/v2\/users\/1"}],"replies":[{"embeddable":true,"href":"http:\/\/www.korhanyilmaz.com\/index.php?rest_route=%2Fwp%2Fv2%2Fcomments&post=24599"}],"version-history":[{"count":0,"href":"http:\/\/www.korhanyilmaz.com\/index.php?rest_route=\/wp\/v2\/posts\/24599\/revisions"}],"wp:attachment":[{"href":"http:\/\/www.korhanyilmaz.com\/index.php?rest_route=%2Fwp%2Fv2%2Fmedia&parent=24599"}],"wp:term":[{"taxonomy":"category","embeddable":true,"href":"http:\/\/www.korhanyilmaz.com\/index.php?rest_route=%2Fwp%2Fv2%2Fcategories&post=24599"},{"taxonomy":"post_tag","embeddable":true,"href":"http:\/\/www.korhanyilmaz.com\/index.php?rest_route=%2Fwp%2Fv2%2Ftags&post=24599"}],"curies":[{"name":"wp","href":"https:\/\/api.w.org\/{rel}","templated":true}]}}