{"id":24595,"date":"2010-08-05T20:23:17","date_gmt":"2010-08-05T20:23:17","guid":{"rendered":"http:\/\/www.korhanyilmaz.com\/?p=24595"},"modified":"2010-08-05T20:23:17","modified_gmt":"2010-08-05T20:23:17","slug":"erdogan-kimse-ordu-ile-aramiza-girmesin","status":"publish","type":"post","link":"http:\/\/www.korhanyilmaz.com\/?p=24595","title":{"rendered":"Erdo\u011fan: &#8220;Kimse ordu ile aram\u0131za girmesin&#8221;"},"content":{"rendered":"<p style=\"text-align: center;\"><a href=\"http:\/\/www.korhanyilmaz.com\/wp-content\/uploads\/2010\/08\/030.jpg\"  class=\"lightview\"><img loading=\"lazy\" decoding=\"async\" class=\"size-full wp-image-24596 aligncenter\" src=\"http:\/\/www.korhanyilmaz.com\/wp-content\/uploads\/2010\/08\/030.jpg\" alt=\"\" width=\"307\" height=\"236\" \/><\/a><\/p>\n<p style=\"text-align: justify;\">Ba\u015fbakan Recep Tayyip Erdo\u011fan, Denizli&#8217;de halka hitap ederken, 27 Nisan e-muht\u0131ras\u0131na at\u0131fta bulundu. H\u00fck\u00fcmet-asker ili\u015fkileriyle ilgili de konu\u015fan Erdo\u011fan, &#8220;Kimse bizi tuza\u011fa \u00e7ekmesin. Kimse bizi Ordu ile, Silahl\u0131 Kuvvetler ile H\u00fck\u00fcmetimiz aras\u0131nda, kendilerine g\u00f6re, bir gerginlik yaratman\u0131n gayreti i\u00e7erisine girmesin&#8221; dedi.<!--more--><\/p>\n<p style=\"text-align: justify;\">Ba\u015fbakan Erdo\u011fan, partisinin 29 Ekim Bulvar\u0131 \u00d6zay G\u00f6nl\u00fcm meydan\u0131nda d\u00fczenlenen mitinginde konu\u015ftu.<\/p>\n<p style=\"text-align: justify;\">Erdo\u011fan, &#8220;Biz, Anayasam\u0131zda kurumlar\u0131m\u0131zla ilgili yap\u0131lan tan\u0131m neyse, belirlenen neyse bu tan\u0131m\u0131n gere\u011fini bug\u00fcne kadar yerine getirdik, bundan sonra da bunlar\u0131 yerine getirmeye devam edece\u011fiz. Bizler birilerinin talimat\u0131na g\u00f6re de\u011fil, milletimizin sesine uyarak ad\u0131mlar\u0131m\u0131z\u0131 at\u0131yoruz&#8221; dedi.<\/p>\n<p style=\"text-align: justify;\"><strong>CHP&#8217;ye 27 Nisan e-muht\u0131ra \u00e7a\u011fr\u0131s\u0131 <\/strong><\/p>\n<p style=\"text-align: justify;\">Erdo\u011fan, &#8220;\u015eimdi de AK Parti ve eski Genelkurmay Ba\u015fkan\u0131 hakk\u0131nda 27 Nisan bildirisinden dolay\u0131 su\u00e7 duyurusunda bulunacaklarm\u0131\u015f. O g\u00fcn bizim nas\u0131l dik durdu\u011fumuzu, kendilerinin nas\u0131l \u00e7anak tuttu\u011funu bu aziz millet unutmad\u0131. Peki soruyorum, CHP, 27 Nisan bildirisinden dolay\u0131 kendisi hakk\u0131nda da su\u00e7 duyurusunda bulunacak m\u0131? &#8216;Ciddiye almad\u0131lar, \u00f6nemsemediler&#8217; diyen, &#8216;TSK duyarl\u0131l\u0131k i\u00e7inde&#8217; diyen eski genel ba\u015fkanlar\u0131 hakk\u0131nda su\u00e7 duyurusunda bulunacaklar m\u0131? Her sat\u0131r\u0131na imza atanlar hakk\u0131nda su\u00e7 duyurusunda bulunacaklar m\u0131? &#8216;T\u00fcrk Silahl\u0131 Kuvvetleri ciddi rahats\u0131zl\u0131k i\u00e7inde&#8217; diyen genel ba\u015fkan yard\u0131mc\u0131lar\u0131 Mustafa \u00d6zy\u00fcrek; &#8216;Bundan gerekli dersi \u00e7\u0131karmal\u0131lar&#8217; diyen genel ba\u015fkan yard\u0131mc\u0131lar\u0131 Cevdet Selvi hakk\u0131nda su\u00e7 duyurusunda bulunacaklar m\u0131? Madem darbelere bu kadar kar\u015f\u0131lar, &#8216;Ergenekon&#8217;un avukatl\u0131\u011f\u0131ndan \u00e7ekilecekler mi? Yarg\u0131 s\u00fcrecindeyken CHP&#8217;nin milletvekillerinin oralarda ne i\u015fi var? Madem darbelere, muht\u0131ralara bu kadar kar\u015f\u0131lar, madem bu kadar demokratlar, darbe iddialar\u0131n\u0131n olu\u015fturan yarg\u0131y\u0131 ele\u015ftirmekten, tehdit etmekten ve k\u0131\u015fk\u0131rtmaktan art\u0131k vazge\u00e7ecekler mi?&#8221; dedi.<\/p>\n<p style=\"text-align: justify;\">Erdo\u011fan, &#8220;Ben buradan Anamuhalefet Partisi Genel Ba\u015fkan\u0131na bir \u015fey daha s\u00f6yleyece\u011fim. Nerede konu\u015fsa, ne s\u00f6ylese, 12 Eyl\u00fclde Anayasa de\u011fi\u015fikli\u011fine &#8216;Evet&#8217; demenin gerek\u00e7elerini anlat\u0131yor. Ben eminim ki 12 Eyl\u00fclde kendisi de bu de\u011fi\u015fikli\u011fe gizli oy oldu\u011fu i\u00e7in &#8216;Evet&#8217; diyecek. Zaten &#8216;Hay\u0131r&#8217; derse, kendisini, s\u00f6ylediklerini, anlatt\u0131klar\u0131n\u0131 inkar etmi\u015f olur&#8221; dedi.<\/p>\n<p style=\"text-align: justify;\"><strong>MHP&#8217;ye &#8220;milliyet\u00e7ilik&#8221; dersi verdi <\/strong><\/p>\n<p style=\"text-align: justify;\">\u0130ktidara geldiklerinde g\u00fcndemi belirlenen bir T\u00fcrkiye bulundu\u011funu ancak AK Parti h\u00fck\u00fcmetinin yapt\u0131\u011f\u0131 \u00e7al\u0131\u015fmalarla T\u00fcrkiye&#8217;yi g\u00fcndem belirleyen bir \u00fclke konumuna y\u00fckselttiklerini vurgulayan Erdo\u011fan, &#8220;Bu i\u015f vizyon i\u015fidir, bu i\u015f y\u00fcrek i\u015fidir. Milliyet\u00e7ili\u011fi istismar edenlerin halini g\u00f6r\u00fcyorsunuz&#8230; Milliyet\u00e7ili\u011fi \u015fehitleri istismar etmek zannediyorlar. Milliyet\u00e7ili\u011fi k\u0131\u015fk\u0131rtma, tahrik zannediyorlar, hakaret etme, s\u00f6vme zannediyorlar. Milliyet\u00e7ilik, \u00fclkeye bir ufuk \u00e7izebilmektir, bir vizyon olu\u015fturabilmektir. Milliyet\u00e7ilik, \u00fclkeyi b\u00fcy\u00fctecek, geli\u015ftirecek politikalar ortaya koymakt\u0131r. Milliyet\u00e7ilik, tarih \u015fuuruna, millet \u015fuuruna sahip \u00e7\u0131kmakt\u0131r. Milliyet\u00e7ilik, halk\u0131n\u0131 sevmek, halk\u0131na, vatan\u0131na hizmet etmektir. Milliyet\u00e7ilik, &#8216;T\u00fcrkiye kazanacaksa, biz kaybetmeye raz\u0131y\u0131z&#8217; diyebilmektir&#8221; dedi.<\/p>\n<p style=\"text-align: justify;\">T\u00fcrkiye&#8217;yi i\u00e7ine kapatman\u0131n, d\u00fcnyadan koparman\u0131n milliyet\u00e7ilik olmad\u0131\u011f\u0131n\u0131 vurgulayan Erdo\u011fan, &#8220;T\u00fcrkiye&#8217;nin birlik ve b\u00fct\u00fcnl\u00fc\u011f\u00fcn\u00fc peki\u015ftirecek hizmetlere, ad\u0131mlara, projelere kar\u015f\u0131 \u00e7\u0131kmak milliyet\u00e7ilik de\u011fildir. Milli Birlik ve Karde\u015flik Projesi&#8217;ne kar\u015f\u0131 \u00e7\u0131kmak, \u00e7\u00f6z\u00fcms\u00fczl\u00fc\u011f\u00fc \u00e7\u00f6z\u00fcm gibi g\u00f6stermek milliyet\u00e7ilik de\u011fildir. Polis otolar\u0131n\u0131 yakmak, esnaf\u0131n d\u00fckkanlar\u0131na zarar vermek, masum insanlar\u0131 hedef g\u00f6stermek milliyet\u00e7ilik de\u011fildir&#8221; dedi.<\/p>\n<p style=\"text-align: justify;\">&#8220;MHP&#8217;nin Anayasa de\u011fi\u015fikli\u011fine neden, hangi gerek\u00e7eyle, hangi saikle kar\u015f\u0131 \u00e7\u0131kt\u0131\u011f\u0131n\u0131 bilen var m\u0131?&#8221; diye soran Ba\u015fbakan Erdo\u011fan, TBMM&#8217;de 411 oyla kabul edilen Anayasa de\u011fi\u015fikli\u011fine MHP&#8217;nin &#8216;evet&#8217; dedi\u011fini, bu de\u011fi\u015fikli\u011fin CHP&#8217;nin itiraz\u0131 nedeniyle Anayasa Mahkemesi&#8217;nden d\u00f6nd\u00fc\u011f\u00fcn\u00fc ifade etti.<\/p>\n<p style=\"text-align: justify;\">Erdo\u011fan, &#8220;Bug\u00fcn MHP \u00e7\u0131k\u0131yor, i\u015fte 411 ile evet dedi\u011fi konunun yolunu a\u00e7acak olan bu d\u00fczenlemeye &#8216;hay\u0131r&#8217; diyor. Bunlar\u0131 anlamak m\u00fcmk\u00fcn de\u011fil, ak\u015fam ba\u015fka sabah ba\u015fka&#8230; Anayasa Mahkemesi&#8217;nin yap\u0131s\u0131n\u0131n de\u011fi\u015fmesine, hukukta keyfili\u011fin art\u0131k sona ermesine \u015fimdi MHP kar\u015f\u0131 \u00e7\u0131k\u0131yor, \u00fcstelik de bunu CHP ile birlikte yap\u0131yor. Bunlar hi\u00e7bir araya gelir miydi? Ama \u015fimdi CHP, MHP, BDP, YARSAV, ter\u00f6r \u00f6rg\u00fct\u00fc hepsi ayn\u0131 istikamette bulu\u015ftular. Hepsi de ne diyorlar? Malum, &#8216;evet&#8217; demiyorlar. Ya o zaman samimi de\u011fillerdi, ya da \u015fimdi samimi de\u011filler. Bak\u0131n, buradan alt\u0131n\u0131 \u00e7izerek ifade ediyorum&#8230; \u015eu anki MHP y\u00f6netimi asla ve asla MHP taban\u0131n\u0131n hassasiyetlerine sahip \u00e7\u0131km\u0131yor. MHP \u00fcst y\u00f6netimi, asla ve asla MHP&#8217;ye g\u00f6n\u00fcl vermi\u015f karde\u015flerimin arzular\u0131n\u0131, taleplerini, isteklerini, en \u00f6nemlisi de hissiyat\u0131n\u0131 dikkate alm\u0131yor. Kendi arkada\u015flar\u0131na, kendi yol arkada\u015flar\u0131na, \u00fclk\u00fcda\u015flar\u0131na &#8216;zavall\u0131&#8217; diyecek kadar, &#8216;u\u015fak&#8217; diyecek kadar, burada edebimden a\u011fz\u0131ma alamayaca\u011f\u0131m hakaretler edecek kadar g\u00f6zleri kararm\u0131\u015f durumda. Bu \u00fcsluptaki, bu seviyedeki insanlar\u0131n T\u00fcrkiye&#8217;ye ne faydas\u0131 olabilir? Her \u015feye kar\u015f\u0131 olmay\u0131, her \u015feyi reddetmeyi siyaset zanneden bu insanlar\u0131n bu \u00fclkeye ne faydas\u0131 olabilir?&#8221; dedi.<\/p>\n<p style=\"text-align: justify;\">Ba\u015fbakan, &#8220;MHP&#8217;ye oy vermi\u015f karde\u015flerimin de bu hareketleri, bu izans\u0131zl\u0131\u011f\u0131, vicdans\u0131zl\u0131\u011f\u0131 g\u00f6rd\u00fcklerini biliyorum. Onlara sesleniyorum, bu proje AK Parti projesi, Tayyip Erdo\u011fan projesi de\u011fil, birka\u00e7 ki\u015finin haz\u0131rlad\u0131\u011f\u0131 proje de\u011fil. Burada iki se\u00e7enek var, ya milletin anayasas\u0131na &#8216;evet&#8217; diyeceksin ya da darbe anayasas\u0131na &#8216;evet&#8217; diyeceksin. MHP y\u00f6netimi milletin Anayasas\u0131&#8217;na &#8216;hay\u0131r&#8217; darbe anayasas\u0131na &#8216;evet&#8217; diyor. Yapt\u0131klar\u0131 bu. Onun i\u00e7in 12 Eyl\u00fcle kadar durmak yok yola devam. Denizli&#8217;de MHP&#8217;ye oy vermi\u015f vatanda\u015flar\u0131m, ellerini vicdanlar\u0131na koysunlar. 12 Eyl\u00fcl&#8217;\u00fcn ac\u0131s\u0131n\u0131 onlar da \u00e7ok \u00e7ekti&#8221; dedi.<\/p>\n<p style=\"text-align: justify;\"><strong>&#8220;Evet&#8221; diyenlere cad\u0131 av\u0131 ba\u015flat\u0131ld\u0131&#8221;<\/strong><\/p>\n<p style=\"text-align: justify;\">12 Eyl\u00fcl&#8217;\u00fcn ac\u0131s\u0131n\u0131 en derin, en a\u011f\u0131r \u015fekilde ya\u015fam\u0131\u015f olan herkesin, 12 Eyl\u00fcl Anayasas\u0131&#8217;ndaki bu de\u011fi\u015fikli\u011fe &#8216;evet&#8217; diyece\u011fine inand\u0131\u011f\u0131n\u0131 belirten Erdo\u011fan, 27 May\u0131slar\u0131, 12 Martlar\u0131, 12 Eyl\u00fclleri, 28 \u015eubatlar\u0131 g\u00f6ren, bilen, okuyan, ya\u015fayan herkesin, g\u00fcr bir sesle demokrasiye sahip \u00e7\u0131kaca\u011f\u0131na, milli iradeyi zaafa u\u011fratan bu t\u00fcr m\u00fcdahalelerin ya\u015fanmamas\u0131 i\u00e7in &#8216;evet&#8217; diyece\u011fine y\u00fcrekten inand\u0131\u011f\u0131n\u0131 vurgulad\u0131.<\/p>\n<p style=\"text-align: justify;\">Erdo\u011fan, &#8220;Verilecek her &#8216;hay\u0131r&#8217; oyunun kimin ekme\u011fine ya\u011f s\u00fcrece\u011fini, kimin de\u011firmenine su ta\u015f\u0131yaca\u011f\u0131n\u0131 aziz milletim l\u00fctfen iyi de\u011ferlendirsin, iyi analiz etsin.<\/p>\n<p style=\"text-align: justify;\">G\u00f6r\u00fcyorsunuz&#8230; Demokrasi diyenler, parti i\u00e7i demokrasi diyenler, \u00f6zg\u00fcrl\u00fck diyenler, \u015fimdi &#8216;evet&#8217; diyenlere kar\u015f\u0131 cad\u0131 av\u0131 ba\u015flatt\u0131lar, &#8216;evet&#8217; diyen kendi arkada\u015flar\u0131n\u0131 lin\u00e7 etmeye ba\u015flad\u0131lar. Belediye Ba\u015fkanlar\u0131 vicdan\u0131n\u0131n sesine kulak veriyor, sa\u011fduyuyla hareket ediyor, &#8216;evet&#8217; diyece\u011fim diyor, hep birlikte \u00fczerine gidiyorlar. Kendi parti arkada\u015flar\u0131 vicdan\u0131yla konu\u015fuyor, do\u011frular\u0131 konu\u015fuyor, &#8216;evet&#8217; diyece\u011fim diyor, hemen ihra\u00e7 istemiyle disipline sevk ediyorlar&#8221; dedi.<\/p>\n<p style=\"text-align: justify;\"><span style=\"color: #888888;\">CNN T\u00dcRK<\/span><\/p>\n","protected":false},"excerpt":{"rendered":"<p style=\"text-align: center;\">\n<p style=\"text-align: justify;\">Ba\u015fbakan Recep Tayyip Erdo\u011fan, Denizli&#8217;de halka hitap ederken, 27 Nisan e-muht\u0131ras\u0131na at\u0131fta bulundu. H\u00fck\u00fcmet-asker ili\u015fkileriyle ilgili de konu\u015fan Erdo\u011fan, &#8220;Kimse bizi tuza\u011fa \u00e7ekmesin. Kimse bizi Ordu ile, Silahl\u0131 Kuvvetler ile H\u00fck\u00fcmetimiz aras\u0131nda, kendilerine g\u00f6re, bir gerginlik yaratman\u0131n gayreti i\u00e7erisine girmesin&#8221; dedi.<\/p>\n","protected":false},"author":1,"featured_media":0,"comment_status":"open","ping_status":"closed","sticky":false,"template":"","format":"standard","meta":{"footnotes":""},"categories":[105],"tags":[],"class_list":["post-24595","post","type-post","status-publish","format-standard","hentry","category-gundem","odd"],"_links":{"self":[{"href":"http:\/\/www.korhanyilmaz.com\/index.php?rest_route=\/wp\/v2\/posts\/24595","targetHints":{"allow":["GET"]}}],"collection":[{"href":"http:\/\/www.korhanyilmaz.com\/index.php?rest_route=\/wp\/v2\/posts"}],"about":[{"href":"http:\/\/www.korhanyilmaz.com\/index.php?rest_route=\/wp\/v2\/types\/post"}],"author":[{"embeddable":true,"href":"http:\/\/www.korhanyilmaz.com\/index.php?rest_route=\/wp\/v2\/users\/1"}],"replies":[{"embeddable":true,"href":"http:\/\/www.korhanyilmaz.com\/index.php?rest_route=%2Fwp%2Fv2%2Fcomments&post=24595"}],"version-history":[{"count":0,"href":"http:\/\/www.korhanyilmaz.com\/index.php?rest_route=\/wp\/v2\/posts\/24595\/revisions"}],"wp:attachment":[{"href":"http:\/\/www.korhanyilmaz.com\/index.php?rest_route=%2Fwp%2Fv2%2Fmedia&parent=24595"}],"wp:term":[{"taxonomy":"category","embeddable":true,"href":"http:\/\/www.korhanyilmaz.com\/index.php?rest_route=%2Fwp%2Fv2%2Fcategories&post=24595"},{"taxonomy":"post_tag","embeddable":true,"href":"http:\/\/www.korhanyilmaz.com\/index.php?rest_route=%2Fwp%2Fv2%2Ftags&post=24595"}],"curies":[{"name":"wp","href":"https:\/\/api.w.org\/{rel}","templated":true}]}}