{"id":24591,"date":"2010-08-06T06:32:43","date_gmt":"2010-08-06T06:32:43","guid":{"rendered":"http:\/\/www.korhanyilmaz.com\/?p=24591"},"modified":"2010-08-06T06:32:43","modified_gmt":"2010-08-06T06:32:43","slug":"basbakanin-can-guvenligi-yok","status":"publish","type":"post","link":"http:\/\/www.korhanyilmaz.com\/?p=24591","title":{"rendered":"&#8216;Ba\u015fbakan&#8217;\u0131n can g\u00fcvenli\u011fi yok&#8217;"},"content":{"rendered":"<p style=\"text-align: center;\"><a href=\"http:\/\/www.korhanyilmaz.com\/wp-content\/uploads\/2010\/08\/029.jpg\"  class=\"lightview\"><img loading=\"lazy\" decoding=\"async\" class=\"size-full wp-image-24592 aligncenter\" src=\"http:\/\/www.korhanyilmaz.com\/wp-content\/uploads\/2010\/08\/029.jpg\" alt=\"\" width=\"420\" height=\"210\" \/><\/a><\/p>\n<p style=\"text-align: justify;\">Sak\u0131k mitingde yapt\u0131\u011f\u0131 konu\u015fmada, K\u00fcrtlerin ezildi\u011fini, T\u00fcrklerin \u00f6zg\u00fcr oldu\u011funu ileri s\u00fcrd\u00fc.<\/p>\n<p style=\"text-align: justify;\">BDP \u0130zmir\u2019de \u2018Referandumu boykot\u2019 mitingi d\u00fczenledi. \u0130zmir\u2019e gelen BDP Mu\u015f Milletvekili S\u0131rr\u0131 Sak\u0131k ile kapat\u0131lan DTP\u2019nin Genel Ba\u015fkan\u0131 Ahmet T\u00fcrk ve eski milletvekili Aysel Tu\u011fluk Bornova giri\u015finde partililer taraf\u0131ndan kar\u015f\u0131land\u0131. <!--more--><\/p>\n<p style=\"text-align: justify;\">S\u0131rr\u0131 Sak\u0131k mitingde yapt\u0131\u011f\u0131 konu\u015fmada, K\u00fcrtlerin ezildi\u011fini, T\u00fcrklerin ise kimli\u011fi ve k\u00fclt\u00fcr\u00fcn\u00fcn \u00f6zg\u00fcr oldu\u011funu ileri s\u00fcrd\u00fc. Referanduma giden anayasada K\u00fcrtlerin, Alevilerin, \u00c7erkezlerin haklar\u0131n\u0131n yer almad\u0131\u011f\u0131n\u0131 iddia eden Sak\u0131k, \u201c\u0130\u00e7inde \u00f6zg\u00fcrl\u00fck, bar\u0131\u015f, demokrasi ve K\u00fcrtlerin olmad\u0131\u011f\u0131 anayasay\u0131 onaylam\u0131yoruz, boykot ediyoruz. \u0130\u00e7inde K\u00fcrtlerin olmad\u0131\u011f\u0131 anayasa bizim anayasam\u0131z de\u011fildir\u201d dedi. \u0130neg\u00f6l ve D\u00f6rtyol\u2019da meydana gelen olaylar\u0131 hat\u0131rlatan Sak\u0131k, \u201cK\u00fcrtlerin can ve mal g\u00fcvenli\u011fi yoksa Ba\u015fbakan\u2019\u0131n da yoktur. Arkas\u0131nda ordu bulunan Genelkurmay Ba\u015fkan\u0131\u2019n\u0131n da yoktur. Bu bir tehdit de\u011fil, tespittir\u201d dedi.<\/p>\n<p style=\"text-align: justify;\"><span style=\"color: #888888;\">Vatan<\/span><\/p>\n","protected":false},"excerpt":{"rendered":"<p style=\"text-align: center;\">\n<p style=\"text-align: justify;\">Sak\u0131k mitingde yapt\u0131\u011f\u0131 konu\u015fmada, K\u00fcrtlerin ezildi\u011fini, T\u00fcrklerin \u00f6zg\u00fcr oldu\u011funu ileri s\u00fcrd\u00fc.<\/p>\n<p style=\"text-align: justify;\">BDP \u0130zmir\u2019de \u2018Referandumu boykot\u2019 mitingi d\u00fczenledi. \u0130zmir\u2019e gelen BDP Mu\u015f Milletvekili S\u0131rr\u0131 Sak\u0131k ile kapat\u0131lan DTP\u2019nin Genel Ba\u015fkan\u0131 Ahmet T\u00fcrk ve eski milletvekili Aysel Tu\u011fluk Bornova giri\u015finde partililer taraf\u0131ndan kar\u015f\u0131land\u0131. <\/p>\n","protected":false},"author":1,"featured_media":0,"comment_status":"open","ping_status":"closed","sticky":false,"template":"","format":"standard","meta":{"footnotes":""},"categories":[105],"tags":[],"class_list":["post-24591","post","type-post","status-publish","format-standard","hentry","category-gundem","odd"],"_links":{"self":[{"href":"http:\/\/www.korhanyilmaz.com\/index.php?rest_route=\/wp\/v2\/posts\/24591","targetHints":{"allow":["GET"]}}],"collection":[{"href":"http:\/\/www.korhanyilmaz.com\/index.php?rest_route=\/wp\/v2\/posts"}],"about":[{"href":"http:\/\/www.korhanyilmaz.com\/index.php?rest_route=\/wp\/v2\/types\/post"}],"author":[{"embeddable":true,"href":"http:\/\/www.korhanyilmaz.com\/index.php?rest_route=\/wp\/v2\/users\/1"}],"replies":[{"embeddable":true,"href":"http:\/\/www.korhanyilmaz.com\/index.php?rest_route=%2Fwp%2Fv2%2Fcomments&post=24591"}],"version-history":[{"count":0,"href":"http:\/\/www.korhanyilmaz.com\/index.php?rest_route=\/wp\/v2\/posts\/24591\/revisions"}],"wp:attachment":[{"href":"http:\/\/www.korhanyilmaz.com\/index.php?rest_route=%2Fwp%2Fv2%2Fmedia&parent=24591"}],"wp:term":[{"taxonomy":"category","embeddable":true,"href":"http:\/\/www.korhanyilmaz.com\/index.php?rest_route=%2Fwp%2Fv2%2Fcategories&post=24591"},{"taxonomy":"post_tag","embeddable":true,"href":"http:\/\/www.korhanyilmaz.com\/index.php?rest_route=%2Fwp%2Fv2%2Ftags&post=24591"}],"curies":[{"name":"wp","href":"https:\/\/api.w.org\/{rel}","templated":true}]}}