{"id":24583,"date":"2010-08-05T14:00:20","date_gmt":"2010-08-05T14:00:20","guid":{"rendered":"http:\/\/www.korhanyilmaz.com\/?p=24583"},"modified":"2010-08-05T14:00:20","modified_gmt":"2010-08-05T14:00:20","slug":"erdoganin-gundeminde-aydin-menderes-vardi","status":"publish","type":"post","link":"http:\/\/www.korhanyilmaz.com\/?p=24583","title":{"rendered":"Erdo\u011fan&#8217;\u0131n g\u00fcndeminde Ayd\u0131n Menderes vard\u0131"},"content":{"rendered":"<p style=\"text-align: center;\"><a href=\"http:\/\/www.korhanyilmaz.com\/wp-content\/uploads\/2010\/08\/028.jpg\"  class=\"lightview\"><img loading=\"lazy\" decoding=\"async\" class=\"size-full wp-image-24584 aligncenter\" src=\"http:\/\/www.korhanyilmaz.com\/wp-content\/uploads\/2010\/08\/028.jpg\" alt=\"\" width=\"292\" height=\"190\" \/><\/a><\/p>\n<p style=\"text-align: justify;\">Ba\u015fbakan Recep Tayyip Erdo\u011fan, Ayd\u0131n&#8217;da toplu a\u00e7\u0131l\u0131\u015f t\u00f6reninde konu\u015ftu. A\u00e7\u0131l\u0131\u015f konu\u015fmas\u0131n\u0131 referandum mitingine \u00e7eviren Erdo\u011fan&#8217;\u0131n hedefinde muhalefet vard\u0131. Konu\u015fmas\u0131nda s\u0131k s\u0131k Adnan Menderes&#8217;i anan Erdo\u011fan, &#8220;Bana Menderes&#8217;in ak\u0131betini hat\u0131rlat\u0131yorlar, bir can\u0131m\u0131z var, bunu da Allah&#8217;tan ba\u015fkas\u0131 alamaz&#8221; dedi.<!--more--><\/p>\n<p style=\"text-align: justify;\">\u00c7e\u015fitli tesislerin a\u00e7\u0131lmas\u0131 i\u00e7in Ayd\u0131n&#8217;a gelen Erdo\u011fan, \u0130stasyon Meydan\u0131&#8217;nda d\u00fczenlenen mitingde, tesislerin Ayd\u0131nl\u0131lara hay\u0131rl\u0131 u\u011furlu olmas\u0131n\u0131 temenni etti.<\/p>\n<p style=\"text-align: justify;\">Ba\u015fbakan Erdo\u011fan, &#8220;Ayd\u0131n&#8217;\u0131n kendilerine, \u00c7aka Bey&#8217;in, Umur Bey&#8217;in, en \u00f6nemlisi de bir yi\u011fidin, bir \u00f6zg\u00fcrl\u00fck kahraman\u0131n\u0131n, bir demokrasi \u015fehidi merhum Adnan Menderes&#8217;in emaneti oldu\u011funu&#8221; s\u00f6yledi. Erdo\u011fan, &#8220;Merhum Menderes, siyaset meydan\u0131na \u00e7\u0131kt\u0131, yi\u011fit\u00e7e, mert\u00e7e, efelere yak\u0131\u015f\u0131r \u015fekilde demokrasi, \u00f6zg\u00fcrl\u00fck ve millet i\u00e7in &#8216;yeter&#8217; dedi, &#8216;yeter s\u00f6z milletindir&#8217; dedi&#8221; diye konu\u015ftu.<\/p>\n<p style=\"text-align: justify;\">Bu emaneti y\u00fcklenerek bu yola \u00e7\u0131kt\u0131klar\u0131n\u0131, 7.5 y\u0131ld\u0131r da bu emanete g\u00f6zleri gibi bakt\u0131klar\u0131n\u0131 ifade eden Ba\u015fbakan Erdo\u011fan, \u015f\u00f6yle devam etti:<\/p>\n<p style=\"text-align: justify;\">&#8220;\u0130leri demokrasiye &#8216;evet&#8217; diyoruz. \u00d6zg\u00fcrl\u00fcklere &#8216;evet&#8217; diyoruz. G\u00fc\u00e7l\u00fc T\u00fcrkiye&#8217;ye &#8216;evet&#8217; diyoruz. Yeniden b\u00fcy\u00fck T\u00fcrkiye&#8217;ye &#8216;evet&#8217; diyoruz. T\u0131pk\u0131 Adnan Menderes gibi hayk\u0131r\u0131yoruz, &#8216;yeter&#8217; diyoruz, yeter, &#8216;s\u00f6z de, karar da milletindir&#8217; diyoruz. \u0130dam\u0131ndan \u00f6nce merhum Menderes \u015funlar\u0131 s\u00f6ylemi\u015fti: \u0130dam edilmek i\u00e7in ortada hi\u00e7bir sebep yok. \u00d6l\u00fcme kadar metanetle gitti\u011fimi, silahlar\u0131n g\u00f6lgesinde ya\u015fayan efendilerinize s\u00f6yleyebilecek misiniz? Adnan Menderes&#8217;in \u00f6l\u00fcs\u00fc sizi ebediyete kadar takip edecek ve sizi silip s\u00fcp\u00fcrecek.&#8221;<\/p>\n<p style=\"text-align: justify;\">Ba\u015fbakan Erdo\u011fan, 12 Eyl\u00fcl 2010 tarihinin merhum Adnan Menderes&#8217;in vasiyetinin yerine getirilece\u011fi, Menderes&#8217;in u\u011fruna can verdi\u011fi milli iradenin ve demokrasi m\u00fccadelesinin g\u00fc\u00e7 kazanaca\u011f\u0131 tarih olaca\u011f\u0131n\u0131 \u00f6ne s\u00fcrd\u00fc.<\/p>\n<p style=\"text-align: justify;\">Baz\u0131 \u00e7evrelerin kendilerine Adnan Menderes&#8217;in ak\u0131betini hat\u0131rlatt\u0131\u011f\u0131n\u0131, CHP ve MHP&#8217;nin de s\u00fcrekli olarak Y\u00fcce Divan&#8217;dan s\u00f6z ettiklerini an\u0131msatan Erdo\u011fan, \u015funlar\u0131 s\u00f6yledi:<\/p>\n<p style=\"text-align: justify;\">&#8220;Ben Y\u00fcce Divan ile korkmam. Biz bu yola beyaz g\u00f6mle\u011fimizi giyerek \u00e7\u0131kt\u0131k, bunu b\u00f6yle bilin. Biz bu yola ba\u015f\u0131m\u0131z\u0131 koyduk. Hak dedik, hukuk dedik, demokrasi dedik, \u00f6zg\u00fcrl\u00fckler dedik. Ruhumuzu, bedenimizi biz bu u\u011furda vakfettik. Bir can\u0131m\u0131z var, bunu da Allah&#8217;tan ba\u015fka kimse alamaz. Bunu da millet u\u011fruna feda etmekten korkmay\u0131z.&#8221;<\/p>\n<p style=\"text-align: justify;\">Ba\u015fbakan Erdo\u011fan, kendisinin sadece kendine oy verenlerin de\u011fil, 73 milyon vatanda\u015f\u0131n ba\u015fbakan\u0131 oldu\u011funu ve bu anlay\u0131\u015fla konu\u015ftu\u011funu ifade ederek, 12 Eyl\u00fcl\u00fcn se\u00e7im de\u011fil, bir halk oylamas\u0131 oldu\u011funu hat\u0131rlatt\u0131 ve anayasa de\u011fi\u015fikli\u011finin bir partinin ya da bir ka\u00e7 ki\u015finin projesi olmad\u0131\u011f\u0131n\u0131, millet projesi oldu\u011funu s\u00f6yledi. 12 Eyl\u00fclde vatanda\u015flardan partilere de\u011fil, kendi geleceklerine oy vermelerini isteyen Erdo\u011fan, &#8220;Ya darbe anayasas\u0131, ya millet anayasas\u0131 diyece\u011fiz&#8221; dedi.<\/p>\n<p style=\"text-align: justify;\"><span style=\"color: #888888;\">CNN T\u00dcRK<\/span><\/p>\n","protected":false},"excerpt":{"rendered":"<p style=\"text-align: center;\">\n<p style=\"text-align: justify;\">Ba\u015fbakan Recep Tayyip Erdo\u011fan, Ayd\u0131n&#8217;da toplu a\u00e7\u0131l\u0131\u015f t\u00f6reninde konu\u015ftu. A\u00e7\u0131l\u0131\u015f konu\u015fmas\u0131n\u0131 referandum mitingine \u00e7eviren Erdo\u011fan&#8217;\u0131n hedefinde muhalefet vard\u0131. Konu\u015fmas\u0131nda s\u0131k s\u0131k Adnan Menderes&#8217;i anan Erdo\u011fan, &#8220;Bana Menderes&#8217;in ak\u0131betini hat\u0131rlat\u0131yorlar, bir can\u0131m\u0131z var, bunu da Allah&#8217;tan ba\u015fkas\u0131 alamaz&#8221; dedi.<\/p>\n","protected":false},"author":1,"featured_media":0,"comment_status":"open","ping_status":"closed","sticky":false,"template":"","format":"standard","meta":{"footnotes":""},"categories":[105],"tags":[],"class_list":["post-24583","post","type-post","status-publish","format-standard","hentry","category-gundem","odd"],"_links":{"self":[{"href":"http:\/\/www.korhanyilmaz.com\/index.php?rest_route=\/wp\/v2\/posts\/24583","targetHints":{"allow":["GET"]}}],"collection":[{"href":"http:\/\/www.korhanyilmaz.com\/index.php?rest_route=\/wp\/v2\/posts"}],"about":[{"href":"http:\/\/www.korhanyilmaz.com\/index.php?rest_route=\/wp\/v2\/types\/post"}],"author":[{"embeddable":true,"href":"http:\/\/www.korhanyilmaz.com\/index.php?rest_route=\/wp\/v2\/users\/1"}],"replies":[{"embeddable":true,"href":"http:\/\/www.korhanyilmaz.com\/index.php?rest_route=%2Fwp%2Fv2%2Fcomments&post=24583"}],"version-history":[{"count":0,"href":"http:\/\/www.korhanyilmaz.com\/index.php?rest_route=\/wp\/v2\/posts\/24583\/revisions"}],"wp:attachment":[{"href":"http:\/\/www.korhanyilmaz.com\/index.php?rest_route=%2Fwp%2Fv2%2Fmedia&parent=24583"}],"wp:term":[{"taxonomy":"category","embeddable":true,"href":"http:\/\/www.korhanyilmaz.com\/index.php?rest_route=%2Fwp%2Fv2%2Fcategories&post=24583"},{"taxonomy":"post_tag","embeddable":true,"href":"http:\/\/www.korhanyilmaz.com\/index.php?rest_route=%2Fwp%2Fv2%2Ftags&post=24583"}],"curies":[{"name":"wp","href":"https:\/\/api.w.org\/{rel}","templated":true}]}}