{"id":24580,"date":"2010-08-05T12:46:39","date_gmt":"2010-08-05T12:46:39","guid":{"rendered":"http:\/\/www.korhanyilmaz.com\/?p=24580"},"modified":"2010-08-05T12:46:39","modified_gmt":"2010-08-05T12:46:39","slug":"ozun-baykal-hakkinda-inceleme-yetkisi-yok","status":"publish","type":"post","link":"http:\/\/www.korhanyilmaz.com\/?p=24580","title":{"rendered":"&#8220;\u00d6z&#8217;\u00fcn Baykal hakk\u0131nda inceleme yetkisi yok&#8221;"},"content":{"rendered":"<p style=\"text-align: center;\"><a href=\"http:\/\/www.korhanyilmaz.com\/wp-content\/uploads\/2010\/08\/027.jpg\"  class=\"lightview\"><img loading=\"lazy\" decoding=\"async\" class=\"size-full wp-image-24581 aligncenter\" src=\"http:\/\/www.korhanyilmaz.com\/wp-content\/uploads\/2010\/08\/027.jpg\" alt=\"\" width=\"292\" height=\"191\" \/><\/a><\/p>\n<p style=\"text-align: justify;\">\u0130stanbul Cumhuriyet Ba\u015fsavc\u0131s\u0131 Aykut Cengiz Engin, milletvekilleri hakk\u0131nda inceleme, soru\u015fturma yapmak ve fezleke d\u00fczenlemek yetkisinin bizzat Cumhuriyet Ba\u015fsavc\u0131s\u0131 veya onun g\u00f6revlendirece\u011fi Ba\u015fsavc\u0131 Vekiline ait oldu\u011funu belirterek, &#8220;Bu sebeplerle \u0130stanbul Cumhuriyet Savc\u0131s\u0131 Zekeriya \u00d6z&#8217;\u00fcn herhangi bir milletvekili ve dolay\u0131s\u0131yla Say\u0131n Baykal hakk\u0131nda inceleme, soru\u015fturma yapmas\u0131 ve fezleke d\u00fczenlemesi s\u00f6z konusu olamaz&#8221; dedi.<!--more--><\/p>\n<p style=\"text-align: justify;\">Ba\u015fsavc\u0131 Engin, \u0130stanbul Cumhuriyet Savc\u0131s\u0131 Zekeriya \u00d6z&#8217;\u00fcn, &#8220;Ergenekon&#8221; soru\u015fturmas\u0131 kapsam\u0131nda adil yarg\u0131lamay\u0131 etkilemeye te\u015febb\u00fcs iddias\u0131na ili\u015fkin eski CHP  Genel Ba\u015fkan\u0131 Deniz Baykal hakk\u0131nda inceleme ba\u015flatt\u0131\u011f\u0131n\u0131n sorulmas\u0131 \u00fczerine yapt\u0131\u011f\u0131 a\u00e7\u0131klamada, Adalet Bakanl\u0131\u011f\u0131n\u0131n 20.01.2006 tarihli &#8220;yasama dokunulmazl\u0131\u011f\u0131n\u0131n kald\u0131r\u0131lmas\u0131 ile ilgili i\u015flemler&#8221; ba\u015fl\u0131kl\u0131 genelgesini hat\u0131rlatt\u0131.<\/p>\n<p style=\"text-align: justify;\">Genelge gere\u011fince milletvekilleri hakk\u0131nda inceleme, soru\u015fturma yapmak vefezleke d\u00fczenleme yetkisi ve g\u00f6revinin bizzat Cumhuriyet Ba\u015fsavc\u0131s\u0131 veya onung\u00f6revlendirdi\u011fi Ba\u015fsavc\u0131 Vekiline ait bulundu\u011funu belirten Engin, &#8220;Bu sebeplerle ad\u0131 ge\u00e7en Cumhuriyet Savc\u0131s\u0131n\u0131n herhangi bir milletvekili ve dolay\u0131s\u0131yla say\u0131n Baykal hakk\u0131nda inceleme, soru\u015fturma yapmas\u0131 ve fezleke d\u00fczenlemesi s\u00f6z konusu olamaz&#8221; diye konu\u015ftu.<\/p>\n<p style=\"text-align: justify;\"><strong>Muammer Ayd\u0131n: &#8220;\u00d6z, gizlili\u011fi ihlal etmi\u015ftir&#8221; <\/strong><\/p>\n<p style=\"text-align: justify;\">\u0130stanbul Barosu Ba\u015fkan\u0131 Muammer Ayd\u0131n, Cumhuriyet Savc\u0131s\u0131 Zekeriya \u00d6z&#8217;\u00fcn ve \u0130stanbul Cumhuriyet Ba\u015fsavc\u0131s\u0131 Aykut Cengiz Engin&#8217;in a\u00e7\u0131klamalar\u0131n\u0131 CNN T\u00dcRK&#8217;e de\u011ferlendirdi.<\/p>\n<p style=\"text-align: justify;\">Ayd\u0131n, &#8220;Dokunulmazl\u0131\u011f\u0131 kald\u0131r\u0131lana kadar bir milletvekili hakk\u0131nda bir i\u015flem yap\u0131lamaz&#8221; derken, Zekeriya \u00d6z&#8217;\u00fcn b\u00f6yle bir yetkisi olmad\u0131\u011f\u0131n\u0131 da s\u00f6zlerine ekledi.<\/p>\n<p style=\"text-align: justify;\">Soru\u015fturma gizlili\u011fine dikkat \u00e7eken Ayd\u0131n, Savc\u0131 \u00d6z&#8217;\u00fcn bizzat bu gizlili\u011fi ihlal etti\u011finin alt\u0131n\u0131 \u00e7izdi ve 2007&#8217;den bu yana yap\u0131lan haz\u0131rl\u0131k soru\u015fturmalar\u0131nda s\u00fcrekli olarak gizlilik ihlalleri yap\u0131ld\u0131\u011f\u0131n\u0131 kaydetti.<\/p>\n<p style=\"text-align: justify;\">\u0130\u015fte Muammer Ayd\u0131n&#8217;\u0131n CNN T\u00dcRK&#8217;e yapt\u0131\u011f\u0131 a\u00e7\u0131klaman\u0131n tamam\u0131&#8230;<\/p>\n<p style=\"text-align: justify;\"><strong>Haluk Ko\u00e7, savc\u0131ya dikkat \u00e7ekti <\/strong><\/p>\n<p style=\"text-align: justify;\">CHP Genel Ba\u015fkan Yard\u0131mc\u0131s\u0131 Haluk Ko\u00e7, eski CHP Genel Ba\u015fkan\u0131 Deniz Baykal ile ilgili ba\u015flat\u0131lan incelemeye ili\u015fkin olarak, &#8220;Biz bir \u015feyler sorgularken bu yetkili savc\u0131 s\u00fcrekli olarak birtak\u0131m yeni boyutlar kat\u0131yor olaya&#8221; dedi.<\/p>\n<p style=\"text-align: justify;\">Ko\u00e7, CHP Gaziantep \u0130l Binas\u0131nda d\u00fczenledi\u011fi bas\u0131n toplant\u0131s\u0131nda, bir gazetecinin Deniz Baykal hakk\u0131ndaki incelemeye ili\u015fkin sorusu \u00fczerine \u015f\u00f6yle konu\u015ftu:<\/p>\n<p style=\"text-align: justify;\">&#8220;Biz bir \u015feyler sorgularken bu yetkili savc\u0131 s\u00fcrekli olarak birtak\u0131m yeni boyutlar kat\u0131yor olaya. Bir telefon konu\u015fmas\u0131ndan yola \u00e7\u0131karak bir \u00f6nceki Say\u0131n Genel Ba\u015fkan\u0131m\u0131z Deniz Baykal hakk\u0131nda da bir fezleke haz\u0131rland\u0131\u011f\u0131 iddialar\u0131 var. Say\u0131n Baykal&#8217;\u0131n deyimiyle &#8216;yeni bir Ergenekon safsatas\u0131.&#8217; Ben yad\u0131rg\u0131yorum. Bir partinin o d\u00f6nem g\u00f6rev yapan bir genel ba\u015fkan\u0131 tabii ki bir eski adalet bakan\u0131yla konu\u015fabilir. Ortada y\u00fcr\u00fcmekte olan bir davayla ilgili al\u0131nacak karar\u0131n ka\u00e7 ki\u015fiyle al\u0131nabilece\u011fi konusunda bir \u00e7eli\u015fki varm\u0131\u015f, 6 m\u0131 7 mi, bu soruyu sorabilir, b\u00fct\u00fcn bunlar \u00e7ok do\u011fal diyaloglar, olmas\u0131 gereken diyaloglar.<\/p>\n<p style=\"text-align: justify;\">Ben \u00e7ok merak ediyorum, Say\u0131n Ba\u015fbakan&#8217;\u0131n gizli kapakl\u0131 g\u00f6r\u00fc\u015fmelerinde ya\u015fanan bu s\u00fcre\u00e7le ilgili ne gibi telkinleri oluyor, ne gibi yorumlar\u0131 oluyor, ne gibi y\u00f6nlendirmeleri oluyor. Herhalde g\u00fcn\u00fc geldi\u011finde ger\u00e7ek bir hukuk devleti \u00e7er\u00e7evesinde bunlar\u0131n da hesab\u0131 sorulacakt\u0131r.&#8221;<\/p>\n<p style=\"text-align: justify;\"><span style=\"color: #888888;\">CNN T\u00dcRK<\/span><\/p>\n","protected":false},"excerpt":{"rendered":"<p style=\"text-align: center;\">\n<p style=\"text-align: justify;\">\u0130stanbul Cumhuriyet Ba\u015fsavc\u0131s\u0131 Aykut Cengiz Engin, milletvekilleri hakk\u0131nda inceleme, soru\u015fturma yapmak ve fezleke d\u00fczenlemek yetkisinin bizzat Cumhuriyet Ba\u015fsavc\u0131s\u0131 veya onun g\u00f6revlendirece\u011fi Ba\u015fsavc\u0131 Vekiline ait oldu\u011funu belirterek, &#8220;Bu sebeplerle \u0130stanbul Cumhuriyet Savc\u0131s\u0131 Zekeriya \u00d6z&#8217;\u00fcn herhangi bir milletvekili ve dolay\u0131s\u0131yla Say\u0131n Baykal hakk\u0131nda inceleme, soru\u015fturma yapmas\u0131 ve fezleke d\u00fczenlemesi s\u00f6z konusu olamaz&#8221; <\/p>\n","protected":false},"author":1,"featured_media":0,"comment_status":"open","ping_status":"closed","sticky":false,"template":"","format":"standard","meta":{"footnotes":""},"categories":[105],"tags":[],"class_list":["post-24580","post","type-post","status-publish","format-standard","hentry","category-gundem","odd"],"_links":{"self":[{"href":"http:\/\/www.korhanyilmaz.com\/index.php?rest_route=\/wp\/v2\/posts\/24580","targetHints":{"allow":["GET"]}}],"collection":[{"href":"http:\/\/www.korhanyilmaz.com\/index.php?rest_route=\/wp\/v2\/posts"}],"about":[{"href":"http:\/\/www.korhanyilmaz.com\/index.php?rest_route=\/wp\/v2\/types\/post"}],"author":[{"embeddable":true,"href":"http:\/\/www.korhanyilmaz.com\/index.php?rest_route=\/wp\/v2\/users\/1"}],"replies":[{"embeddable":true,"href":"http:\/\/www.korhanyilmaz.com\/index.php?rest_route=%2Fwp%2Fv2%2Fcomments&post=24580"}],"version-history":[{"count":0,"href":"http:\/\/www.korhanyilmaz.com\/index.php?rest_route=\/wp\/v2\/posts\/24580\/revisions"}],"wp:attachment":[{"href":"http:\/\/www.korhanyilmaz.com\/index.php?rest_route=%2Fwp%2Fv2%2Fmedia&parent=24580"}],"wp:term":[{"taxonomy":"category","embeddable":true,"href":"http:\/\/www.korhanyilmaz.com\/index.php?rest_route=%2Fwp%2Fv2%2Fcategories&post=24580"},{"taxonomy":"post_tag","embeddable":true,"href":"http:\/\/www.korhanyilmaz.com\/index.php?rest_route=%2Fwp%2Fv2%2Ftags&post=24580"}],"curies":[{"name":"wp","href":"https:\/\/api.w.org\/{rel}","templated":true}]}}