{"id":24553,"date":"2010-08-05T00:14:02","date_gmt":"2010-08-05T00:14:02","guid":{"rendered":"http:\/\/www.korhanyilmaz.com\/?p=24553"},"modified":"2010-08-05T00:14:02","modified_gmt":"2010-08-05T00:14:02","slug":"yasla-ilgili-ilk-aciklama-adalet-bakanindan","status":"publish","type":"post","link":"http:\/\/www.korhanyilmaz.com\/?p=24553","title":{"rendered":"YA\u015e&#8217;la ilgili ilk a\u00e7\u0131klama Adalet Bakan\u0131&#8217;ndan"},"content":{"rendered":"<p style=\"text-align: center;\"><a href=\"http:\/\/www.korhanyilmaz.com\/wp-content\/uploads\/2010\/08\/026.jpg\"  class=\"lightview\"><img loading=\"lazy\" decoding=\"async\" class=\"size-full wp-image-24554 aligncenter\" src=\"http:\/\/www.korhanyilmaz.com\/wp-content\/uploads\/2010\/08\/026.jpg\" alt=\"\" width=\"307\" height=\"236\" \/><\/a><\/p>\n<p style=\"text-align: justify;\">Adalet Bakan\u0131 Sadullah Ergin, Y\u00fcksek Askeri \u015eura&#8217;n\u0131n (YA\u015e) Anayasa ve yasalar \u00e7er\u00e7evesinde yap\u0131lan bir kurul \u00e7al\u0131\u015fmas\u0131 oldu\u011funu belirterek, &#8220;Dolay\u0131s\u0131yla mevzuat \u00e7er\u00e7evesinde bu ak\u015fam itibar\u0131yla \u00f6nemli bir k\u0131sm\u0131 tamamlanm\u0131\u015f durumda. Birka\u00e7 tane belki tamamlanmas\u0131 gereken husus var. Gene hepimizi ba\u011flayan Anayasa ve yasalar \u00e7er\u00e7evesinde bunlar \u00e7\u00f6z\u00fcl\u00fcr&#8221; dedi. <!--more--><\/p>\n<p style=\"text-align: justify;\">Bir televizyon kanal\u0131na konu\u015fan Ergin, Y\u00fcksek Askeri \u015eura toplant\u0131lar\u0131na ili\u015fkin sorular\u0131 yan\u0131tlad\u0131.<\/p>\n<p style=\"text-align: justify;\">Kendisinin Adalet Bakan\u0131 oldu\u011funa ve YA\u015e&#8217;ta do\u011frudan bulunmad\u0131\u011f\u0131na i\u015faret eden Ergin, &#8220;Bu s\u00fcre\u00e7 i\u00e7erisinde benim do\u011frudan bulunmam s\u00f6z konusu de\u011fil. Zaman zaman belki bilgi talep edilmi\u015ftir, o bilgiyi sunmak i\u00e7in gidip gelmi\u015fizdir, ama Y\u00fcksek Askeri \u015eura&#8217;da Say\u0131n Ba\u015fbakan ve Milli Savunma Bakan\u0131m\u0131z do\u011frudan bulunuyor&#8221; dedi.<\/p>\n<p style=\"text-align: justify;\">Gerek YA\u015e&#8217;\u0131n kurulu\u015fu ile ilgili yasan\u0131n, gerek TSK&#8217;n\u0131n personel yasas\u0131n\u0131n ve Anayasa&#8217;n\u0131n 117. maddesindeki genel \u00e7er\u00e7evenin \u015eura&#8217;n\u0131n \u00e7al\u0131\u015fmas\u0131n\u0131 belirleyen mevzuat oldu\u011funu anlatan Ergin, &#8220;Bu \u00e7er\u00e7evede bir s\u00fcre\u00e7 i\u015fledi, i\u015flemeye devam ediyor. Bu anlamda kendi mecras\u0131nda ak\u0131p giden bir s\u00fcre\u00e7. Benim Adalet Bakan\u0131 olarak bu s\u00fcrecin herhangi bir yerinde olmam gibi bir \u015fey s\u00f6z konusu de\u011fil, ama benim bakanl\u0131\u011f\u0131m\u0131 ilgilendiren belli hususlar olursa enforme etme noktas\u0131nda ihtiya\u00e7 duyulan bilgiler varsa onlar\u0131 payla\u015fmak \u00fczere elbette gidi\u015f geli\u015flerimiz olabilir&#8221; diye konu\u015ftu.<\/p>\n<p style=\"text-align: justify;\">&#8220;TSK ile ilgili kanun, Anayasan\u0131n maddeleri a\u00e7\u0131k, ama bunlara ra\u011fmen herhalde bir g\u00f6r\u00fc\u015f fark\u0131 vard\u0131. Bu nereden kaynakland\u0131&#8221; sorusu \u00fczerine Ergin, Y\u00fcksek Askeri \u015eura&#8217;n\u0131n heyet halinde yap\u0131lan bir \u00e7al\u0131\u015fma oldu\u011funu ve mevzuata g\u00f6re birka\u00e7 \u00e7e\u015fit karar al\u0131nabildi\u011fini anlatt\u0131.<\/p>\n<p style=\"text-align: justify;\">Ama atama ve terfi kararlar\u0131n\u0131n bir teklif oldu\u011funu ve Ba\u015fbakan&#8217;\u0131n imzas\u0131 ve Cumhurba\u015fkan\u0131&#8217;n\u0131n onay\u0131 ile uygulamaya kondu\u011funu ifade eden Ergin, &#8220;\u015eu ana kadar ya\u015fanm\u0131\u015f olan s\u00fcre\u00e7 ve belki eksik kald\u0131\u011f\u0131 d\u00fc\u015f\u00fcn\u00fclen boyut da bu \u00e7er\u00e7evede tamamlanacakt\u0131r. Hepsi Anayasam\u0131za, mevzuata uygun olarak devam eder&#8221; dedi.<\/p>\n<p style=\"text-align: justify;\"><strong>Kara Kuvvetleri Komutanl\u0131\u011f\u0131 atamas\u0131 <\/strong><\/p>\n<p style=\"text-align: justify;\">&#8220;Kara Kuvvetleri Komutanl\u0131\u011f\u0131na gelmesi beklenen Hasan I\u011fs\u0131z atanmad\u0131, ki h\u00fck\u00fcmetin istemedi\u011fi s\u00f6ylenmi\u015fti. Hakk\u0131nda internet and\u0131c\u0131 davas\u0131 var. Kara Kuvvetlerine neden atama yap\u0131lmad\u0131, Hasan I\u011fs\u0131z ile ilgili durum \u00e7ok merak ediliyor. Yarg\u0131 ile ilgili sorun oldu\u011fu i\u00e7in mi yoksa ba\u015fka gerek\u00e7eleri var m\u0131?&#8221; sorusuna Ergin, \u015eura&#8217;da neler g\u00f6r\u00fc\u015f\u00fcld\u00fc\u011f\u00fcn\u00fc bilmedi\u011fini s\u00f6yledi. Ergin, \u015eura&#8217;n\u0131n heyet halinde yap\u0131lan bir \u00e7al\u0131\u015fma oldu\u011funu, bu \u00e7al\u0131\u015fman\u0131n mevzuat \u00e7er\u00e7evesinde y\u00fcr\u00fct\u00fcld\u00fc\u011f\u00fcn\u00fc yineledi.<\/p>\n<p style=\"text-align: justify;\">Bu heyetin atama ve terfiler hakk\u0131nda teklif haz\u0131rlad\u0131\u011f\u0131n\u0131 anlatan Ergin, &#8220;Bu teklif haz\u0131rlan\u0131r, ilgili sinsileden ge\u00e7er. Bunlar zincirleme bir karar s\u00fcrecidir. \u0130lgili bakan, Ba\u015fbakan ve Cumhurba\u015fkan\u0131&#8230; Bu karar s\u00fcreci i\u00e7erisinde elbette ki bu makamlar sembolik imza makamlar\u0131 de\u011fil. Bu karar s\u00fcrecinin birer par\u00e7as\u0131 her bir a\u015famas\u0131. Dolay\u0131s\u0131yla bunlar Anayasa ve yasal bir \u00e7al\u0131\u015fma metodu i\u00e7inde yap\u0131lan hususlar. Dolay\u0131s\u0131yla burada teklif yap\u0131lm\u0131\u015f olabilir, bu teklif i\u00e7erisinde belli unsurlar onay makamlar\u0131 taraf\u0131ndan uygun g\u00f6r\u00fclmemi\u015f olabilir. Ben detaylar\u0131n\u0131 bilmedi\u011fim i\u00e7in sadece ihtimalle konu\u015fuyorum. Anayasa ve yasalar \u00e7er\u00e7evesinde bunlar tamamlanacakt\u0131r. Burada olaya ola\u011fan\u00fcst\u00fc bir boyut katmay\u0131 gerektirecek \u00e7ok fazla bir \u015fey oldu\u011funu d\u00fc\u015f\u00fcnm\u00fcyorum&#8221; dedi.<\/p>\n<p style=\"text-align: justify;\">&#8220;\u00dc\u00e7-d\u00f6rt g\u00fcnd\u00fcr ya\u015fad\u0131\u011f\u0131m\u0131za bir devlet krizi diyebilir miyiz?&#8221; sorusunu Ergin, &#8220;Anayasa ve yasalar \u00e7er\u00e7evesinde yap\u0131lan bir kurul \u00e7al\u0131\u015fmas\u0131, bir \u015fura \u00e7al\u0131\u015fmas\u0131. Dolay\u0131s\u0131yla mevzuat \u00e7er\u00e7evesinde bu ak\u015fam itibar\u0131yla \u00f6nemli bir k\u0131sm\u0131 tamamlanm\u0131\u015f durumda. Birka\u00e7 tane belki tamamlanmas\u0131 gereken husus var. Gene hepimizi ba\u011flayan Anayasa ve yasalar \u00e7er\u00e7evesinde bunlar \u00e7\u00f6z\u00fcl\u00fcr&#8221; diye yan\u0131tlad\u0131.<\/p>\n<p style=\"text-align: justify;\"><strong>&#8220;Hukukta her zaman yorum fark\u0131 m\u00fcmk\u00fcn&#8221; <\/strong><\/p>\n<p style=\"text-align: justify;\">&#8220;Anla\u015f\u0131lan bu yasalar asl\u0131nda bir krizi \u00e7\u00f6zmekte \u00e7ok yard\u0131mc\u0131 olmad\u0131, \u00e7\u00fcnk\u00fc hukuk bir yerden sonra galiba yoruma m\u0131 kal\u0131yor? Haklar\u0131nda iddianame bulunan subaylar\u0131n terfileriyle ilgili ne yap\u0131laca\u011f\u0131na dair \u00fc\u00e7 ayr\u0131 rapor al\u0131nd\u0131\u011f\u0131 s\u00f6yleniyor, ama galiba raporlar da birbirini tutmad\u0131. Bir hukuki problem var m\u0131yd\u0131?&#8221; sorusu \u00fczerine Ergin, \u015funlar\u0131 s\u00f6yledi:<\/p>\n<p style=\"text-align: justify;\">&#8220;Hukukta her zaman yorum fark\u0131 m\u00fcmk\u00fcn. Bu, y\u00fcksek yarg\u0131n\u0131n i\u00e7tihatlar\u0131na da yans\u0131r zaman zaman, ancak bana g\u00f6re burada o yorum farklar\u0131ndan kaynaklanan bir durum de\u011fil, bu, heyetin kurucu unsurlar\u0131ndand\u0131r. Hem Milli Savunma Bakan\u0131, hem Ba\u015fbakan, hem Cumhurba\u015fkan\u0131. Dolay\u0131s\u0131yla burada s\u00fcrecin par\u00e7as\u0131 olan unsurlar\u0131n m\u00fcdahalesi s\u00f6z konusu. D\u0131\u015fardan ba\u015fka bir m\u00fcdahale olsa ola\u011fan\u00fcst\u00fc bir \u015fey s\u00f6z konusu olacak, ama bu b\u00fct\u00fcn\u00fc olu\u015fturan par\u00e7alar\u0131n her biri kendi yetki alan\u0131 i\u00e7erisinde bu \u00e7al\u0131\u015fmaya katk\u0131 da verebilir, m\u00fcdahale de edebilir. Buna bir anormallik \u00f6zellikle ithaf etmek \u00e7ok do\u011fru de\u011fil.&#8221;<\/p>\n<p style=\"text-align: justify;\">&#8220;Say\u0131n I\u011fs\u0131z ile ilgili iddialar var. \u0130smi ge\u00e7en komutanlar\u0131n, subaylar\u0131n terfi ettirilmemesi noktas\u0131nda kesin bir tav\u0131r tak\u0131nd\u0131\u011f\u0131n\u0131z g\u00f6r\u00fcl\u00fcyor. Neden b\u00f6yle bir tav\u0131r i\u00e7erisine girdiniz?&#8221; sorusu \u00fczerine Ergin, &#8220;Benim \u015eura&#8217;da konu\u015fulan hususlar\u0131 bilebilme \u015fans\u0131m yok. Say\u0131n Ba\u015fbakan\u0131n, Say\u0131n Cumhurba\u015fkan\u0131n\u0131n, Say\u0131n Milli Savunma Bakan\u0131m\u0131z\u0131n hangi saiklerle bu \u015fekilde hareket etti\u011fini bilebilme durumum yok. B\u00fct\u00fcn bunlar YA\u015e \u00e7er\u00e7evesinde, o \u015fura heyetinde tart\u0131\u015f\u0131lan konular. D\u0131\u015fardan birtak\u0131m yorumlar yap\u0131l\u0131yor, herkes farkl\u0131 yorum getirebilir, de\u011ferlendirme yapabilir, ancak en do\u011frusunu kurulun i\u00e7erisinde olanlar daha iyi bilirler. Burada ben isimler \u00fczerinden bir de\u011ferlendirme yapmay\u0131 do\u011fru bulmam&#8221; dedi.<\/p>\n<p style=\"text-align: justify;\">&#8220;Bu yarg\u0131 s\u00fcreci terfiye engel mi?&#8221; sorusu \u00fczerine Ergin, personel yasas\u0131n\u0131n 65. maddesinde &#8220;tutuklama, tutukland\u0131ktan sonra serbest b\u0131rak\u0131lma, serbest b\u0131rak\u0131lmas\u0131na ra\u011fmen yarg\u0131lama s\u00fcreci devam ediyorsa ya da kesinle\u015fmemi\u015fse terfiye engel olaca\u011f\u0131&#8221; y\u00f6n\u00fcnde bir d\u00fczenleme oldu\u011funu anlatt\u0131.<\/p>\n<p style=\"text-align: justify;\">Ergin, &#8220;Ancak buna kar\u015f\u0131n farkl\u0131 m\u00fctalaalar da var. Dolay\u0131s\u0131yla hukuki m\u00fctalaalar bir noktada bulu\u015fmayabilir, farkl\u0131 yorumlar s\u00f6z konusu olabilir. Bana g\u00f6re \u015fu andaki tabloyu olu\u015fturan bu m\u00fctalaalar de\u011fil, genel konsepttir. \u015eura i\u00e7erisindeki sivil kanat diyebilece\u011fimiz Bakan, Ba\u015fbakan ve Cumhurba\u015fkan\u0131n\u0131n hareket etmesini sa\u011flayan unsurlar ile askerin hareketini sa\u011flayan saikler farkl\u0131 farkl\u0131d\u0131r. Her biri kendi a\u00e7\u0131s\u0131ndan belki izah edilebilir makul gerek\u00e7elere dayan\u0131yorlar&#8221; dedi.<\/p>\n<p style=\"text-align: justify;\">&#8220;Ba\u015fbakanl\u0131k g\u00f6r\u00fc\u015f bildirdi mi bu konuda?&#8221; sorusu \u00fczerine Ergin, &#8220;Ba\u015fbakanl\u0131k M\u00fcste\u015farl\u0131\u011f\u0131nda yap\u0131lan bir \u00e7al\u0131\u015fma var idi. Orada hem Milli Savunma Bakanl\u0131\u011f\u0131n\u0131n, hem Adalet Bakanl\u0131\u011f\u0131n\u0131n hem de Ba\u015fbakanl\u0131\u011f\u0131n hukuk\u00e7ular\u0131 bir m\u00fc\u015fterek \u00e7al\u0131\u015fma yapt\u0131lar&#8221; dedi.<\/p>\n<p style=\"text-align: justify;\">YA\u015e toplant\u0131s\u0131 yeme\u011fi ile ilgili bas\u0131ndaki foto\u011fraflar an\u0131msat\u0131larak, &#8220;Askerle h\u00fck\u00fcmet aras\u0131nda kavga var deniyor. Ger\u00e7ekten b\u00f6yle bir tablo mu var?&#8221; sorusuna Ergin, &#8220;Bu t\u00fcr g\u00f6r\u00fcnt\u00fclere \u00e7ok fazla aldanmamak laz\u0131m. O an, 5 saniye, 10-20 saniye anl\u0131k g\u00f6r\u00fcnt\u00fclere bakarak sonu\u00e7 \u00e7\u0131karmak, anlamland\u0131rmak sizi do\u011fru yere vard\u0131rmaz&#8221; yan\u0131t\u0131n\u0131 verdi.<\/p>\n<p style=\"text-align: justify;\"><span style=\"color: #888888;\">CNN T\u00dcRK<\/span><\/p>\n","protected":false},"excerpt":{"rendered":"<p style=\"text-align: center;\">\n<p style=\"text-align: justify;\">Adalet Bakan\u0131 Sadullah Ergin, Y\u00fcksek Askeri \u015eura&#8217;n\u0131n (YA\u015e) Anayasa ve yasalar \u00e7er\u00e7evesinde yap\u0131lan bir kurul \u00e7al\u0131\u015fmas\u0131 oldu\u011funu belirterek, &#8220;Dolay\u0131s\u0131yla mevzuat \u00e7er\u00e7evesinde bu ak\u015fam itibar\u0131yla \u00f6nemli bir k\u0131sm\u0131 tamamlanm\u0131\u015f durumda. Birka\u00e7 tane belki tamamlanmas\u0131 gereken husus var. Gene hepimizi ba\u011flayan Anayasa ve yasalar \u00e7er\u00e7evesinde bunlar \u00e7\u00f6z\u00fcl\u00fcr&#8221; dedi. <\/p>\n","protected":false},"author":1,"featured_media":0,"comment_status":"open","ping_status":"closed","sticky":false,"template":"","format":"standard","meta":{"footnotes":""},"categories":[105],"tags":[],"class_list":["post-24553","post","type-post","status-publish","format-standard","hentry","category-gundem","odd"],"_links":{"self":[{"href":"http:\/\/www.korhanyilmaz.com\/index.php?rest_route=\/wp\/v2\/posts\/24553","targetHints":{"allow":["GET"]}}],"collection":[{"href":"http:\/\/www.korhanyilmaz.com\/index.php?rest_route=\/wp\/v2\/posts"}],"about":[{"href":"http:\/\/www.korhanyilmaz.com\/index.php?rest_route=\/wp\/v2\/types\/post"}],"author":[{"embeddable":true,"href":"http:\/\/www.korhanyilmaz.com\/index.php?rest_route=\/wp\/v2\/users\/1"}],"replies":[{"embeddable":true,"href":"http:\/\/www.korhanyilmaz.com\/index.php?rest_route=%2Fwp%2Fv2%2Fcomments&post=24553"}],"version-history":[{"count":0,"href":"http:\/\/www.korhanyilmaz.com\/index.php?rest_route=\/wp\/v2\/posts\/24553\/revisions"}],"wp:attachment":[{"href":"http:\/\/www.korhanyilmaz.com\/index.php?rest_route=%2Fwp%2Fv2%2Fmedia&parent=24553"}],"wp:term":[{"taxonomy":"category","embeddable":true,"href":"http:\/\/www.korhanyilmaz.com\/index.php?rest_route=%2Fwp%2Fv2%2Fcategories&post=24553"},{"taxonomy":"post_tag","embeddable":true,"href":"http:\/\/www.korhanyilmaz.com\/index.php?rest_route=%2Fwp%2Fv2%2Ftags&post=24553"}],"curies":[{"name":"wp","href":"https:\/\/api.w.org\/{rel}","templated":true}]}}