{"id":24543,"date":"2010-08-04T23:22:02","date_gmt":"2010-08-04T23:22:02","guid":{"rendered":"http:\/\/www.korhanyilmaz.com\/?p=24543"},"modified":"2010-08-04T23:22:02","modified_gmt":"2010-08-04T23:22:02","slug":"yas-kararlari-sasirtti","status":"publish","type":"post","link":"http:\/\/www.korhanyilmaz.com\/?p=24543","title":{"rendered":"YA\u015e kararlar\u0131 \u015fa\u015f\u0131rtt\u0131!.."},"content":{"rendered":"<p style=\"text-align: center;\"><a href=\"http:\/\/www.korhanyilmaz.com\/wp-content\/uploads\/2010\/08\/025.jpg\"  class=\"lightview\"><img loading=\"lazy\" decoding=\"async\" class=\"size-full wp-image-24544 aligncenter\" src=\"http:\/\/www.korhanyilmaz.com\/wp-content\/uploads\/2010\/08\/025.jpg\" alt=\"\" width=\"307\" height=\"236\" \/><\/a><\/p>\n<p style=\"text-align: justify;\">&#8220;Balyoz&#8221; davas\u0131n\u0131n g\u00f6lgesinde ger\u00e7ekle\u015ftirilen Y\u00fcksek Askeri \u015eura toplant\u0131s\u0131ndan nihayet karar \u00e7\u0131kt\u0131. Cumhurba\u015fkan\u0131 Abdullah G\u00fcl, YA\u015e kararlar\u0131n\u0131 onaylad\u0131. S\u00fcrpriz olarak nitelendirilen kararlara g\u00f6re, Genelkurmay Ba\u015fkanl\u0131\u011f\u0131 ve Kara Kuvvetleri Komutanl\u0131\u011f\u0131&#8217;na atama yap\u0131lmad\u0131. Atamalar\u0131n yar\u0131n yap\u0131lmas\u0131 bekleniyor.<!--more--><\/p>\n<p style=\"text-align: justify;\"><strong> <\/strong>Genelkurmay Ba\u015fkanl\u0131\u011f\u0131&#8217;na ili\u015fkin ataman\u0131n yap\u0131lmamas\u0131n\u0131n gerek\u00e7esi olarak Kara Kuvvetleri Komutanl\u0131\u011f\u0131&#8217;na atama yap\u0131lmamas\u0131 g\u00f6steriliyor.<\/p>\n<p style=\"text-align: justify;\">Atama yap\u0131lmad\u0131 \u00e7\u00fcnk\u00fc, internet and\u0131c\u0131 iddias\u0131yla g\u00fcndeme gelen ve Kara Kuvvetleri   Komutanl\u0131\u011f\u0131&#8217;na  atanmas\u0131 beklenen 1. Ordu Komutan\u0131 Orgeneral Hasan   I\u011fs\u0131z&#8217;\u0131n ad\u0131  listede yok.<\/p>\n<p style=\"text-align: justify;\">Kara Kuvvetleri Komutanl\u0131\u011f\u0131&#8217;na Atilla I\u015f\u0131k&#8217;\u0131n atanabilece\u011fi konu\u015fuluyor.<\/p>\n<p style=\"text-align: justify;\">Karar listesinde ihra\u00e7 ve temdit (g\u00f6rev s\u00fcresini uzatma) listesi de bulunmuyor.<strong><\/strong> &#8220;Balyoz&#8221; san\u0131\u011f\u0131 11 general de terfi edemedi.<\/p>\n<p style=\"text-align: justify;\"><strong>TSK&#8217;n\u0131n \u00fcst kademelerindeki atamalar \u015f\u00f6yle:<\/strong><\/p>\n<p style=\"text-align: justify;\"><strong><\/strong>* Jandarma Genel Komutan\u0131  Orgeneral Atila I\u015f\u0131k&#8217;\u0131n yerine 2. Ordu Komutan\u0131 Orgeneral Necdet \u00d6zel,<\/p>\n<p style=\"text-align: justify;\">* Kara Kuvvetleri EDOK Komutan\u0131 Orgeneral Erdal Ceylano\u011flu 1. Ordu  Komutanl\u0131\u011f\u0131&#8217;na,<\/p>\n<p style=\"text-align: justify;\">* EDOK Komutanl\u0131\u011f\u0131&#8217;na 3. Ordu Komutan\u0131 Orgeneral  Sald\u0131ray Berk,<\/p>\n<p style=\"text-align: justify;\">* Korgeneral Yal\u00e7\u0131n Ataman Orgeneralli\u011fe y\u00fckselerek 3. Ordu Komutanl\u0131\u011f\u0131&#8217;na,<\/p>\n<p style=\"text-align: justify;\">* Korgeneral Servet Y\u00f6r\u00fck Orgeneralli\u011fe y\u00fckselerek 2. Ordu Komutanl\u0131\u011f\u0131&#8217;na getirildi.<\/p>\n<p style=\"text-align: justify;\">*  Deniz Kuvvetleri Komutan\u0131 Oramiral E\u015fref U\u011fur Yi\u011fit ile Hava Kuvvetleri   Komutan\u0131 Orgeneral Hasan Aksay ise g\u00f6revlerini birer y\u0131l daha   s\u00fcrd\u00fcrecek.<\/p>\n<p style=\"text-align: justify;\"><span style=\"background-color: #ffff00;\"><span style=\"color: #993300;\"><strong>YA\u015e KARARLARI TAM L\u0130STE<\/strong><\/span><\/span><\/p>\n<p style=\"text-align: justify;\">Y\u00fcksek  Askeri \u015eura karar\u0131 ile 30 A\u011fustos 2010 tarihinden ge\u00e7erli olmak \u00fczere  bir \u00fcst r\u00fctbeye y\u00fckselen general ve amiraller ile general ve amiralli\u011fe  y\u00fckselen albaylar \u015funlar:<\/p>\n<p style=\"text-align: justify;\"><span style=\"color: #993300;\"><strong>KARA KUVVETLER\u0130 KOMUTANLI\u011eI<\/strong><\/span><\/p>\n<p style=\"text-align: justify;\">Orgeneralli\u011fe Y\u00fckselen Korgeneraller<br \/>\n&#8212;&#8212;&#8212;&#8212;&#8212;&#8212;&#8212;&#8212;&#8212;&#8212;&#8212;&#8212;<br \/>\nKorgeneral Yal\u00e7\u0131n Ataman<br \/>\nKorgeneral Servet Y\u00f6r\u00fck<\/p>\n<p style=\"text-align: justify;\">Korgeneralli\u011fe Y\u00fckselen T\u00fcmgeneraller<br \/>\n&#8212;&#8212;&#8212;&#8212;&#8212;&#8212;&#8212;&#8212;&#8212;&#8212;&#8212;&#8212;-<br \/>\nT\u00fcmgeneral Abdullah Recep<br \/>\nT\u00fcmgeneral Kamil Ba\u015fo\u011flu<br \/>\nT\u00fcmgeneral H\u00fcseyin Kenan H\u00fcsn\u00fco\u011flu<br \/>\nT\u00fcmgeneral Orhan Akba\u015f<\/p>\n<p style=\"text-align: justify;\">T\u00fcmgeneralli\u011fe Y\u00fckselen Tu\u011fgeneraller<br \/>\n&#8212;&#8212;&#8212;&#8212;&#8212;&#8212;&#8212;&#8212;&#8212;&#8212;&#8212;&#8212;-<br \/>\nTu\u011fgeneral \u0130brahim Y\u0131lmaz<br \/>\nTu\u011fgeneral \u015eenol Alparslan<br \/>\nTu\u011fgeneral Y\u0131lmaz Uyar<br \/>\nTu\u011fgeneral U\u011fur Tar\u00e7\u0131n<br \/>\nTu\u011fgeneral Tayfun \u00d6zden<br \/>\nTu\u011fgeneral Mehmet Faruk \u015eeng\u00fcn<br \/>\nTu\u011fgeneral \u0130smail Metin Temel<br \/>\nTu\u011fgeneral \u015eeref \u00d6ngay<br \/>\nTu\u011fgeneral Sad\u0131k \u00c7elik\u00f6rs<br \/>\nTu\u011fgeneral Metin G\u00fcrak<br \/>\nTu\u011fgeneral Salih Ulusoy<br \/>\nTu\u011fgeneral H\u0131fz\u0131 \u00c7ubuklu<\/p>\n<p style=\"text-align: justify;\">Tu\u011fgeneralli\u011fe Y\u00fckselen Albaylar<br \/>\n&#8212;&#8212;&#8212;&#8212;&#8212;&#8212;&#8212;&#8212;&#8212;&#8212;&#8211;<br \/>\nTop\u00e7u Kurmay Albay Muharrem Metin \u00d6zbek<br \/>\nHava Savunma Kurmay Albay Muzaffer S\u00f6nmez<br \/>\nPiyade Kurmay Albay Mehmet Aky\u00fcrek<br \/>\nPiyade Kurmay Albay Mustafa Uzun<br \/>\nTop\u00e7u Kurmay Albay \u00d6mer \u015eevki Gen\u00e7t\u00fcrk<br \/>\nTop\u00e7u Kurmay Albay H\u00fcseyin Hamdi Erg\u00fcn<br \/>\nTop\u00e7u Kurmay Albay Mehmet \u00d6zo\u011flu<br \/>\nTank Kurmay Albay Atilla \u015eirin<br \/>\nTank Kurmay Albay Memduh Hakbilen<br \/>\nHava Savunma Kurmay Albay Yavuz Selim Kahveci<br \/>\nTop\u00e7u Kurmay Albay Halil \u0130brahim Ergin<br \/>\nTop\u00e7u Kurmay Albay Sinan Yayla<br \/>\nMuhabere Kurmay Albay Mustafa Aysan<br \/>\nKara Pilot Kurmay Albay Hakan At\u0131n\u00e7<br \/>\nTop\u00e7u Kurmay Albay Kahraman G\u00fcne\u015f<br \/>\nTank Kurmay Albay Rafet Sevin\u00e7 \u015ea\u015fmaz<br \/>\nPiyade Kurmay Albay Metin Akkaya<br \/>\nTop\u00e7u Kurmay Albay Abdullah Baysar<br \/>\nTop\u00e7u Kurmay Albay Mehmet Haluk Y\u0131ld\u0131zdan<br \/>\nTank Kurmay Albay Veli Tarakc\u0131<br \/>\nPiyade Kurmay Albay Levent K\u00f6se<br \/>\nPiyade Albay Kemal Korkmaz<br \/>\nTop\u00e7u Albay Erkan Atalay<br \/>\n\u0130stihkam Albay R\u0131za \u00c7a\u011fatay Erdo\u011fan<\/p>\n<p style=\"text-align: justify;\"><span style=\"color: #993300;\"><strong>DEN\u0130Z KUVVETLER\u0130 KOMUTANLI\u011eI<\/strong><br \/>\n<\/span><br \/>\nKoramiralli\u011fe Y\u00fckselen T\u00fcmamiraller<br \/>\n&#8212;&#8212;&#8212;&#8212;&#8212;&#8212;&#8212;&#8212;&#8212;&#8212;&#8212;&#8211;<br \/>\nT\u00fcmamiral Deniz Cora<\/p>\n<p style=\"text-align: justify;\">T\u00fcmamiralli\u011fe Y\u00fckselen Tu\u011famiraller<br \/>\n&#8212;&#8212;&#8212;&#8212;&#8212;&#8212;&#8212;&#8212;&#8212;&#8212;&#8212;&#8211;<br \/>\nTu\u011famiral Erdem Caner Bener<br \/>\nTu\u011famiral Ahmet Sinan Ertu\u011frul<\/p>\n<p style=\"text-align: justify;\">Tu\u011famiralli\u011fe Y\u00fckselen Albaylar<br \/>\n&#8212;&#8212;&#8212;&#8212;&#8212;&#8212;&#8212;&#8212;&#8212;&#8212;-<br \/>\nDeniz Kurmay Albay \u00d6mer Faruk Harmanc\u0131k<br \/>\nDeniz Kurmay Albay Sinan Azmi Tosun<br \/>\nDeniz Kurmay Albay \u015eafak Y\u00fcrekli<br \/>\nDeniz Kurmay Albay Fahri Can Y\u0131ld\u0131r\u0131m<br \/>\nDeniz Kurmay Albay Hasan Do\u011fan<br \/>\nDeniz Kurmay Albay Ali Sadi \u00dcnsal<br \/>\nDeniz M\u00fchendis Albay Mehmet \u015eevki \u015eekerefeli<\/p>\n<p style=\"text-align: justify;\"><span style=\"color: #993300;\"><strong>HAVA KUVVETLER\u0130 KOMUTANLI\u011eI<\/strong><\/span><\/p>\n<p style=\"text-align: justify;\">Korgeneralli\u011fe Y\u00fckselen T\u00fcmgeneraller<br \/>\n&#8212;&#8212;&#8212;&#8212;&#8212;&#8212;&#8212;&#8212;&#8212;&#8212;&#8212;&#8212;-<br \/>\nT\u00fcmgeneral Turgut Atman<br \/>\nT\u00fcmgeneral Nejat Bilgin<\/p>\n<p style=\"text-align: justify;\">T\u00fcmgeneralli\u011fe Y\u00fckselen Tu\u011fgeneraller<br \/>\n&#8212;&#8212;&#8212;&#8212;&#8212;&#8212;&#8212;&#8212;&#8212;&#8212;&#8212;&#8212;-<br \/>\nTu\u011fgeneral Hasan H\u00fcseyin Demirarslan<br \/>\nTu\u011fgeneral Nihat K\u00f6kmen<br \/>\nTu\u011fgeneral B\u00fclent Kocababu\u00e7<br \/>\nTu\u011fgeneral Ali Demiral<br \/>\nTu\u011fgeneral Ayhan G\u00fcm\u00fc\u015f<\/p>\n<p style=\"text-align: justify;\">Tu\u011fgeneralli\u011fe Y\u00fckselen Albaylar<br \/>\n&#8212;&#8212;&#8212;&#8212;&#8212;&#8212;&#8212;&#8212;&#8212;&#8212;&#8211;<br \/>\nHava Pilot Kurmay Albay \u0130dris Aksoy<br \/>\nHava Pilot Kurmay Albay Hakan Ta\u015fkesen<br \/>\nHava Pilot Kurmay Albay Mehmet Eldem<br \/>\nHava Pilot Kurmay Albay Mehmet U\u011fur Balk\u0131\u015f<br \/>\nHava Pilot Kurmay Albay Kubilay Balo\u011flu<br \/>\nHava Pilot Kurmay Albay Mehmet Cahit Bak\u0131r<br \/>\nHava Pilot Kurmay Albay \u0130smail Yal\u00e7\u0131n<br \/>\nHava U\u00e7ak Bak\u0131m Kurmay Albay G\u00f6ksel Kahya<\/p>\n<p style=\"text-align: justify;\"><span style=\"color: #993300;\"><strong>JANDARMA GENEL KOMUTANLI\u011eI<\/strong><\/span><\/p>\n<p style=\"text-align: justify;\">T\u00fcmgeneralli\u011fe Y\u00fckselen Tu\u011fgeneraller<br \/>\n&#8212;&#8212;&#8212;&#8212;&#8212;&#8212;&#8212;&#8212;&#8212;&#8212;&#8212;&#8212;-<br \/>\nTu\u011fgeneral Yusuf Kaya<br \/>\nTu\u011fgeneral Ata Kalkan<\/p>\n<p style=\"text-align: justify;\">Tu\u011fgeneralli\u011fe Y\u00fckselen Albaylar<br \/>\n&#8212;&#8212;&#8212;&#8212;&#8212;&#8212;&#8212;&#8212;&#8212;&#8212;&#8211;<br \/>\nJandarma Kurmay Albay Ali \u00c7ardakc\u0131<br \/>\nJandarma Kurmay Albay Salih Karata\u015f<br \/>\nJandarma Kurmay Albay G\u00fcray Alpar<br \/>\nJandarma Kurmay Albay Nam\u0131k Boran<\/p>\n<p style=\"text-align: justify;\"><span style=\"color: #993300;\"><strong>G\u00dcLHANE ASKER\u0130 TIP AKADEM\u0130S\u0130 KOMUTANLI\u011eI<\/strong><\/span><\/p>\n<p style=\"text-align: justify;\">Tu\u011fgeneralli\u011fe Y\u00fckselen Albaylar<br \/>\n&#8212;&#8212;&#8212;&#8212;&#8212;&#8212;&#8212;&#8212;&#8212;&#8212;&#8211;<br \/>\nProf. Tabip Albay Fikret Arpac\u0131<br \/>\nProf. Tabip Albay Yusuf Peker<br \/>\nProf. Tabip Albay Ufuk Demirk\u0131l\u0131\u00e7<br \/>\nProf. Hava Tabip Albay Can Polat Eyig\u00fcn<\/p>\n<p style=\"text-align: justify;\">Tu\u011famiralli\u011fe Y\u00fckselen Albay<br \/>\n&#8212;&#8212;&#8212;&#8212;&#8212;&#8212;&#8212;&#8212;&#8212;&#8212;&#8211;<br \/>\nProf. Deniz Tabip Albay Bekir S\u0131tk\u0131 Cebeci<\/p>\n<p style=\"text-align: justify;\"><span style=\"color: #993300;\"><strong>ASKER\u0130 YARGITAY<\/strong><\/span><\/p>\n<p style=\"text-align: justify;\">Tu\u011fgeneralli\u011fe Y\u00fckselen Albay<br \/>\n&#8212;&#8212;&#8212;&#8212;&#8212;&#8212;&#8212;&#8212;&#8212;&#8212;&#8211;<br \/>\nAskeri Hakim Albay Hasan Dengiz<\/p>\n<p style=\"text-align: justify;\"><span style=\"color: #993300;\"><strong>ASKER\u0130 Y\u00dcKSEK \u0130DARE MAHKEMES\u0130<\/strong><\/span><\/p>\n<p style=\"text-align: justify;\">Tu\u011fgeneralli\u011fe Y\u00fckselen Albay<br \/>\n&#8212;&#8212;&#8212;&#8212;&#8212;&#8212;&#8212;&#8212;&#8212;&#8212;&#8211;<br \/>\nAskeri Hakim Albay Abdullah Arslan<\/p>\n<p style=\"text-align: justify;\">Genelkurmay Ba\u015fkan\u0131, kuvvet komutanlar\u0131 ile di\u011fer general ve amiral  atama  i\u015flemleri, Y\u00fcksek Askeri \u015eura faaliyetleri d\u0131\u015f\u0131nda \u00f6zel kanunlarla   belirlenen esas ve usullere g\u00f6re yap\u0131l\u0131yor.<strong><\/strong><\/p>\n<hr style=\"text-align: justify;\" \/>\n<p style=\"text-align: justify;\"><strong>4. g\u00fcn neler ya\u015fand\u0131?<\/strong><\/p>\n<p style=\"text-align: justify;\">\n<p style=\"text-align: justify;\">\u015eura&#8217;n\u0131n normal olmad\u0131\u011f\u0131, \u00e7ok  de\u011fil Cumhurba\u015fkan\u0131 Abdullah G\u00fcl&#8217;\u00fcn s\u00f6zlerinden 5 saat sonra ortaya  \u00e7\u0131kt\u0131. G\u00fcl, d\u00fcnk\u00fc toplant\u0131n\u0131n ard\u0131ndan a\u00e7\u0131klama yapm\u0131\u015f ve her \u015fey gayet  normal&#8221; demi\u015fti.<\/p>\n<p style=\"text-align: justify;\">D\u00fcn gece Ankara ayaktayd\u0131. Askerler de, h\u00fck\u00fcmet de&#8230; Y\u00fcksek Askeri \u015eura, o \u015eura&#8217;ya damgas\u0131n\u0131 vuran Balyoz ve Ergenekon nedeniyle&#8230;<\/p>\n<p style=\"text-align: justify;\">Kulislere  gece yar\u0131s\u0131 s\u0131zd\u0131, ard arda yap\u0131lan g\u00f6r\u00fc\u015fmelere ra\u011fmen uzla\u015fman\u0131n  olmad\u0131\u011f\u0131 toplant\u0131n\u0131n bitmedi\u011fi, \u015eura&#8217;n\u0131n son g\u00fcn\u00fcnde a\u00e7\u0131klama  olmayabilece\u011fi&#8230;<\/p>\n<p style=\"text-align: justify;\">CNN T\u00dcRK gece yar\u0131s\u0131 duyurdu. Zaten her y\u0131l\u0131n aksine ne \u00c7ankaya K\u00f6\u015fk\u00fc, ne de Ba\u015fbakanl\u0131k \u015eura ile ilgili duyuru ge\u00e7ti.<\/p>\n<p style=\"text-align: justify;\">Oysa Ba\u015fbakan&#8217;\u0131n resmi program\u0131nda \u015eura&#8217;ya kat\u0131laca\u011f\u0131 yer almal\u0131yd\u0131.<\/p>\n<p style=\"text-align: justify;\">Cumhurba\u015fkan\u0131&#8217;nkinde ise \u015eura kararlar\u0131na onay vermek i\u00e7in Savunma Bakan\u0131 ile Genelkurmay Ba\u015fkan\u0131&#8217;n\u0131 kabul edece\u011fi&#8230;<\/p>\n<p style=\"text-align: justify;\"><strong>\u0130lk duyan siz oldunuz!<\/strong><\/p>\n<p style=\"text-align: justify;\"><strong><\/strong>G\u00fcne bilinmezlerle ba\u015flad\u0131 Ankara ve toplant\u0131n\u0131n resmen bitmedi\u011fini de yine CNN T\u00dcRK duyurdu.<\/p>\n<p style=\"text-align: justify;\">\u015eura,  askeri \u00fcyeler ve Savunma Bakan\u0131&#8217;n\u0131n kat\u0131l\u0131m\u0131yla d\u00f6rd\u00fcnc\u00fc g\u00fcn  toplant\u0131s\u0131na ba\u015flad\u0131\u011f\u0131nda saat 09.30&#8217;du. \u0130ki d\u00fc\u011f\u00fcm\u00fcn \u00e7\u00f6z\u00fcl\u00fcp  \u00e7\u00f6z\u00fclemeyece\u011fi i\u00e7in g\u00f6zler yeniden Karargah&#8217;a \u00e7evrildi.<\/p>\n<p style=\"text-align: justify;\">O d\u00fc\u011f\u00fcmlerden biri internet and\u0131c\u0131&#8230; Ve o soru\u015fturma kapsam\u0131nda ifadeye \u00e7a\u011fr\u0131lan Birinci Ordu  Komutan\u0131 Orgeneral Hasan I\u011fs\u0131z.\u00a0 I\u011fs\u0131z &#8216;\u0131n team\u00fclere g\u00f6re Kara  kuvvetleri Komutan\u0131 olmas\u0131 gerekiyor. Ama Ankara kulislerine g\u00f6re,  h\u00fck\u00fcmet istemiyor, Genelkurmay geri ad\u0131m atm\u0131yor.<\/p>\n<p style=\"text-align: justify;\">O d\u00fc\u011f\u00fcmlerden di\u011ferinin ad\u0131 &#8220;Balyoz&#8221;&#8230; 102 subaya ili\u015fkin yakalama karar\u0131n\u0131n tam da \u015eura toplant\u0131s\u0131 \u00f6ncesinde \u00e7\u0131kmas\u0131. Genelkurmay Ba\u015fkan\u0131, Cumhurba\u015fkan\u0131&#8217;na da, Ba\u015fbakan&#8217;a da bu karar\u0131n &#8216;zedeleyici&#8217; oldu\u011funu s\u00f6yledi.<\/p>\n<p style=\"text-align: justify;\">Bununla  kalmad\u0131, haz\u0131rlanan raporu da sundu; &#8220;Hukuki de\u011fil, bunu kabul edersek,  gelecek y\u0131llarda benzer s\u00fcre\u00e7ler ya\u015fanabilir ve YA\u015e s\u00fcrecine mahkemeler  dahil olabilir&#8221; diyen raporu.<\/p>\n<p style=\"text-align: justify;\">Ve h\u00fck\u00fcmet de devredeydi. Y\u00fcksek  Askeri \u015eura toplant\u0131s\u0131 s\u00fcrerken, Ba\u015fbakan evinden \u00e7\u0131kt\u0131, Resmi Konut&#8217;a  ge\u00e7ti. Adalet Bakan\u0131 Sadullah Ergin ile g\u00f6r\u00fc\u015ft\u00fc. Saat 10.30&#8217;du. G\u00f6r\u00fc\u015fme  yar\u0131m saat s\u00fcrd\u00fc.<\/p>\n<p style=\"text-align: justify;\">Saat 12.00&#8217;de Y\u00fcksek Askeri \u015eura toplant\u0131s\u0131na  \u00f6\u011fle yeme\u011fi aras\u0131 verildi. Karargah&#8217;tan tek bir isim ayr\u0131ld\u0131. Kara  Kuvvetleri Komutan\u0131 Orgeneral I\u015f\u0131k Ko\u015faner.<\/p>\n<p style=\"text-align: justify;\">Genelkurmay Ba\u015fkanl\u0131\u011f\u0131 koltu\u011funa oturmas\u0131 beklenen Org. Ko\u015faner saat 13.30&#8217;ta geri  d\u00f6nd\u00fc. Toplant\u0131 da yeniden ba\u015flad\u0131. \u0130\u00e7eride saat 15.00&#8217;e kadar kald\u0131.  15.00&#8217;te yeniden ayr\u0131ld\u0131 Karargah&#8217;tan. Onu art arda generaller izledi.<\/p>\n<p style=\"text-align: justify;\"><strong>Ak\u015fama kadar zirve yap\u0131ld\u0131<\/strong><\/p>\n<p style=\"text-align: justify;\">Y\u00fcksek Askeri \u015eura&#8217;n\u0131n d\u00f6rd\u00fcnc\u00fc g\u00fcn toplant\u0131s\u0131 sona erdi, ama g\u00f6r\u00fc\u015fme trafi\u011fi bitmedi.<\/p>\n<p style=\"text-align: justify;\">Sabah  saatlerinde a\u00e7\u0131klanmas\u0131 beklenen YA\u015e kararlar\u0131, terfi krizinin   atlat\u0131lamamas\u0131 nedeniyle ak\u015fam saatlerine kald\u0131. YA\u015e toplant\u0131s\u0131n\u0131n 4. ve   son g\u00fcn\u00fc yine zirvelerle ge\u00e7ti.<\/p>\n<p style=\"text-align: justify;\">Toplant\u0131n\u0131n sona ermesinin   ard\u0131ndan \u0130\u00e7i\u015fleri Bakan\u0131 Be\u015fir Atalay ve Milli Savunma Bakan\u0131 Vecdi   G\u00f6n\u00fcl Ba\u015fbakan Erdo\u011fan ile Ba\u015fbakanl\u0131k&#8217;ta g\u00f6r\u00fc\u015ft\u00fc. Ve s\u00fcrpriz a\u00e7\u0131klama   bu zirvelerin ard\u0131ndan geldi.<\/p>\n<p style=\"text-align: justify;\">Milli Savunma Bakan\u0131 G\u00f6n\u00fcl, YA\u015e kararlar\u0131n\u0131 Ba\u015fbakan&#8217;a sundu. Erdo\u011fan ile G\u00f6n\u00fcl&#8217;\u00fcn g\u00f6r\u00fc\u015fmesi yakla\u015f\u0131k 2,5 saat s\u00fcrd\u00fc.<\/p>\n<p style=\"text-align: justify;\"><span style=\"color: #888888;\">CNN T\u00dcRK<\/span><\/p>\n","protected":false},"excerpt":{"rendered":"<p style=\"text-align: center;\">\n<p style=\"text-align: justify;\">&#8220;Balyoz&#8221; davas\u0131n\u0131n g\u00f6lgesinde ger\u00e7ekle\u015ftirilen Y\u00fcksek Askeri \u015eura toplant\u0131s\u0131ndan nihayet karar \u00e7\u0131kt\u0131. Cumhurba\u015fkan\u0131 Abdullah G\u00fcl, YA\u015e kararlar\u0131n\u0131 onaylad\u0131. S\u00fcrpriz olarak nitelendirilen kararlara g\u00f6re, Genelkurmay Ba\u015fkanl\u0131\u011f\u0131 ve Kara Kuvvetleri Komutanl\u0131\u011f\u0131&#8217;na atama yap\u0131lmad\u0131. Atamalar\u0131n yar\u0131n yap\u0131lmas\u0131 bekleniyor.<\/p>\n","protected":false},"author":1,"featured_media":0,"comment_status":"open","ping_status":"closed","sticky":false,"template":"","format":"standard","meta":{"footnotes":""},"categories":[105],"tags":[],"class_list":["post-24543","post","type-post","status-publish","format-standard","hentry","category-gundem","odd"],"_links":{"self":[{"href":"http:\/\/www.korhanyilmaz.com\/index.php?rest_route=\/wp\/v2\/posts\/24543","targetHints":{"allow":["GET"]}}],"collection":[{"href":"http:\/\/www.korhanyilmaz.com\/index.php?rest_route=\/wp\/v2\/posts"}],"about":[{"href":"http:\/\/www.korhanyilmaz.com\/index.php?rest_route=\/wp\/v2\/types\/post"}],"author":[{"embeddable":true,"href":"http:\/\/www.korhanyilmaz.com\/index.php?rest_route=\/wp\/v2\/users\/1"}],"replies":[{"embeddable":true,"href":"http:\/\/www.korhanyilmaz.com\/index.php?rest_route=%2Fwp%2Fv2%2Fcomments&post=24543"}],"version-history":[{"count":0,"href":"http:\/\/www.korhanyilmaz.com\/index.php?rest_route=\/wp\/v2\/posts\/24543\/revisions"}],"wp:attachment":[{"href":"http:\/\/www.korhanyilmaz.com\/index.php?rest_route=%2Fwp%2Fv2%2Fmedia&parent=24543"}],"wp:term":[{"taxonomy":"category","embeddable":true,"href":"http:\/\/www.korhanyilmaz.com\/index.php?rest_route=%2Fwp%2Fv2%2Fcategories&post=24543"},{"taxonomy":"post_tag","embeddable":true,"href":"http:\/\/www.korhanyilmaz.com\/index.php?rest_route=%2Fwp%2Fv2%2Ftags&post=24543"}],"curies":[{"name":"wp","href":"https:\/\/api.w.org\/{rel}","templated":true}]}}