{"id":24521,"date":"2010-08-04T19:35:20","date_gmt":"2010-08-04T19:35:20","guid":{"rendered":"http:\/\/www.korhanyilmaz.com\/?p=24521"},"modified":"2010-08-04T19:35:20","modified_gmt":"2010-08-04T19:35:20","slug":"kritik-yas-kararlari-basbakana-sunuldu","status":"publish","type":"post","link":"http:\/\/www.korhanyilmaz.com\/?p=24521","title":{"rendered":"Kritik YA\u015e kararlar\u0131 Ba\u015fbakan&#8217;a sunuldu"},"content":{"rendered":"<p style=\"text-align: center;\"><a href=\"http:\/\/www.korhanyilmaz.com\/wp-content\/uploads\/2010\/08\/021.jpg\"  class=\"lightview\"><img loading=\"lazy\" decoding=\"async\" class=\"aligncenter size-full wp-image-24523\" src=\"http:\/\/www.korhanyilmaz.com\/wp-content\/uploads\/2010\/08\/021.jpg\" alt=\"\" width=\"307\" height=\"236\" \/><\/a><\/p>\n<p style=\"text-align: justify;\">&#8220;Balyoz&#8221; davas\u0131 g\u00f6lgesinde ger\u00e7ekle\u015ftirilen Y\u00fcksek Askeri \u015eura toplant\u0131s\u0131ndan nihayet karar \u00e7\u0131kt\u0131. Zirve \u00fcst\u00fcne zirve ile ge\u00e7en bir s\u00fcrecin ard\u0131ndan Milli Savunma Bakan\u0131 Vecdi G\u00f6n\u00fcl, YA\u015e kararlar\u0131n\u0131 Ba\u015fbakan Recep Tayyip Erdo\u011fan&#8217;a sundu.<!--more--><\/p>\n<p style=\"text-align: justify;\">Sabah saatlerinde a\u00e7\u0131klanmas\u0131 beklenen YA\u015e kararlar\u0131, terfi krizinin atlat\u0131lamamas\u0131 nedeniyle ak\u015fam saatlerine kald\u0131. YA\u015e toplant\u0131s\u0131n\u0131n 4. ve son g\u00fcn\u00fc yine zirvelerle ge\u00e7ti.<\/p>\n<p style=\"text-align: justify;\">Toplant\u0131n\u0131n sona ermesinin ard\u0131ndan \u0130\u00e7i\u015fleri Bakan\u0131 Be\u015fir Atalay ve Milli Savunma Bakan\u0131 Vecdi G\u00f6n\u00fcl Ba\u015fbakan Erdo\u011fan ile Ba\u015fbakanl\u0131k&#8217;ta g\u00f6r\u00fc\u015ft\u00fc. Ve s\u00fcrpriz a\u00e7\u0131klama bu zirvelerin ard\u0131ndan geldi.<\/p>\n<p style=\"text-align: justify;\">Milli Savunma Bakan\u0131 G\u00f6n\u00fcl, YA\u015e kararlar\u0131n\u0131 Ba\u015fbakan&#8217;a sundu. Erdo\u011fan ile G\u00f6n\u00fcl&#8217;\u00fcn g\u00f6r\u00fc\u015fmesi yakla\u015f\u0131k 2,5 saat s\u00fcrd\u00fc.<\/p>\n<p style=\"text-align: justify;\">\u015eimdi, Ba\u015fbakan Erdo\u011fan&#8217;\u0131n kararlar\u0131n alt\u0131na imza at\u0131p atmayaca\u011f\u0131 merak konusu.<\/p>\n<p style=\"text-align: justify;\"><span style=\"color: #888888;\">CNN T\u00dcRK<\/span><\/p>\n","protected":false},"excerpt":{"rendered":"<p style=\"text-align: center;\">\n<p style=\"text-align: justify;\">&#8220;Balyoz&#8221; davas\u0131 g\u00f6lgesinde ger\u00e7ekle\u015ftirilen Y\u00fcksek Askeri \u015eura toplant\u0131s\u0131ndan nihayet karar \u00e7\u0131kt\u0131. Zirve \u00fcst\u00fcne zirve ile ge\u00e7en bir s\u00fcrecin ard\u0131ndan Milli Savunma Bakan\u0131 Vecdi G\u00f6n\u00fcl, YA\u015e kararlar\u0131n\u0131 Ba\u015fbakan Recep Tayyip Erdo\u011fan&#8217;a sundu.<\/p>\n","protected":false},"author":1,"featured_media":0,"comment_status":"open","ping_status":"closed","sticky":false,"template":"","format":"standard","meta":{"footnotes":""},"categories":[105],"tags":[],"class_list":["post-24521","post","type-post","status-publish","format-standard","hentry","category-gundem","odd"],"_links":{"self":[{"href":"http:\/\/www.korhanyilmaz.com\/index.php?rest_route=\/wp\/v2\/posts\/24521","targetHints":{"allow":["GET"]}}],"collection":[{"href":"http:\/\/www.korhanyilmaz.com\/index.php?rest_route=\/wp\/v2\/posts"}],"about":[{"href":"http:\/\/www.korhanyilmaz.com\/index.php?rest_route=\/wp\/v2\/types\/post"}],"author":[{"embeddable":true,"href":"http:\/\/www.korhanyilmaz.com\/index.php?rest_route=\/wp\/v2\/users\/1"}],"replies":[{"embeddable":true,"href":"http:\/\/www.korhanyilmaz.com\/index.php?rest_route=%2Fwp%2Fv2%2Fcomments&post=24521"}],"version-history":[{"count":0,"href":"http:\/\/www.korhanyilmaz.com\/index.php?rest_route=\/wp\/v2\/posts\/24521\/revisions"}],"wp:attachment":[{"href":"http:\/\/www.korhanyilmaz.com\/index.php?rest_route=%2Fwp%2Fv2%2Fmedia&parent=24521"}],"wp:term":[{"taxonomy":"category","embeddable":true,"href":"http:\/\/www.korhanyilmaz.com\/index.php?rest_route=%2Fwp%2Fv2%2Fcategories&post=24521"},{"taxonomy":"post_tag","embeddable":true,"href":"http:\/\/www.korhanyilmaz.com\/index.php?rest_route=%2Fwp%2Fv2%2Ftags&post=24521"}],"curies":[{"name":"wp","href":"https:\/\/api.w.org\/{rel}","templated":true}]}}