{"id":24517,"date":"2010-08-04T17:51:54","date_gmt":"2010-08-04T17:51:54","guid":{"rendered":"http:\/\/www.korhanyilmaz.com\/?p=24517"},"modified":"2010-08-04T17:51:54","modified_gmt":"2010-08-04T17:51:54","slug":"kilicdaroglu-asker-siyasetin-disinda-tutulmali","status":"publish","type":"post","link":"http:\/\/www.korhanyilmaz.com\/?p=24517","title":{"rendered":"K\u0131l\u0131\u00e7daro\u011flu: &#8220;Asker siyasetin d\u0131\u015f\u0131nda tutulmal\u0131&#8221;"},"content":{"rendered":"<p style=\"text-align: justify;\"><a href=\"http:\/\/www.korhanyilmaz.com\/wp-content\/uploads\/2010\/08\/020.jpg\"  class=\"lightview\"><img loading=\"lazy\" decoding=\"async\" class=\"aligncenter size-full wp-image-24519\" src=\"http:\/\/www.korhanyilmaz.com\/wp-content\/uploads\/2010\/08\/020.jpg\" alt=\"\" width=\"292\" height=\"196\" \/><\/a><\/p>\n<p style=\"text-align: justify;\">YA\u015e&#8217;taki krizle ilgili CHP lideri Kemal K\u0131l\u0131\u00e7daro\u011flu da konu\u015ftu. CHP  lideri, &#8220;Team\u00fcllere siyaset\u00e7ilerin kar\u0131\u015fmas\u0131 do\u011fru de\u011fil. Yanl\u0131\u015fl\u0131k varsa bu hat\u0131rlat\u0131l\u0131r. Ama askeri siyasetin d\u0131\u015f\u0131nda tutmak laz\u0131m. Kar\u0131\u015f\u0131r m\u00fcdahale ederseniz onlar\u0131 siyasetin i\u00e7ine \u00e7ekersiniz&#8221; dedi.<\/p>\n<p style=\"text-align: justify;\">K\u0131l\u0131\u00e7daro\u011flu, CHP Parti Meclisi (PM) toplant\u0131s\u0131ndan \u00e7\u0131k\u0131\u015f\u0131nda bas\u0131n mensuplar\u0131n\u0131n sorular\u0131n\u0131 yan\u0131tlad\u0131. <!--more--><\/p>\n<p style=\"text-align: justify;\">Bir gazetecinin &#8220;Toplant\u0131da kriz ya\u015fand\u0131 m\u0131?&#8221; sorusuna K\u0131l\u0131\u00e7daro\u011flu, &#8220;Ortada ne bir kriz var ne de bir \u015fey var. Aram\u0131zda herhangi bir sorun da s\u00f6z konusu de\u011fil. Se\u00e7im yap\u0131ld\u0131, mesele de bitti. Se\u00e7im neden bug\u00fcn yap\u0131ld\u0131? Parti meclisi bug\u00fcn toplanabildi&#8221; yan\u0131t\u0131n\u0131 verdi.<\/p>\n<p style=\"text-align: justify;\">K\u0131l\u0131\u00e7daro\u011flu, bir gazetecinin, &#8220;E\u015fref Erdem&#8217;in disiplin kuruluna sevk edilmesine&#8221; ili\u015fkin sorusu \u00fczerine, &#8220;Parti meclisimizde 3 arkada\u015f\u0131m\u0131z\u0131n ba\u015fvurusu \u00fczerine ba\u015fkanl\u0131k da dilek\u00e7eyi kabul etti. Oya sunduk, b\u00f6yle bir sonu\u00e7 \u00e7\u0131kt\u0131. Burada yapaca\u011f\u0131m\u0131z fazla bir \u015fey yoktu. Partinin \u00f6nemli bir organ\u0131 parti meclisi, b\u00f6yle bir karar ald\u0131. Say\u0131n Genel Sekreterimiz \u00d6nder Sav, &#8216;ihra\u00e7 istemiyle gelen dilek\u00e7enin \u00e7ok a\u011f\u0131r oldu\u011funu, e\u011fer uygunsa daha hafif bir yapt\u0131r\u0131m uygulanmas\u0131 gerekti\u011fi&#8217; y\u00f6n\u00fcnde fikir beyan etti. Bu g\u00f6r\u00fc\u015f\u00fc de oya sunduk. \u015eu anda bu \u015fekliyle \u00e7\u0131kt\u0131&#8221; diye konu\u015ftu.<\/p>\n<p style=\"text-align: justify;\">K\u0131l\u0131\u00e7daro\u011flu, bir gazetecinin, &#8220;YA\u015e&#8217;ta derin bir kriz var, neler s\u00f6yleyeceksiniz&#8221; sorusunu \u015f\u00f6yle cevapland\u0131rd\u0131:<\/p>\n<p style=\"text-align: justify;\">&#8220;Daha \u00f6nce de ifade etmi\u015ftim. Ordunun hem terfi hem emeklilik sisteminde team\u00fclleri vard\u0131r. Bu team\u00fcllere siyasilerin kar\u0131\u015fmas\u0131 do\u011fru de\u011fil. Kurumlar\u0131 kurum yapan onlar\u0131n gelenekleri ve team\u00fclleridir. E\u011fer bu team\u00fcllerde bir aksakl\u0131k varsa, bir yanl\u0131\u015fl\u0131k varsa o hat\u0131rlat\u0131labilir. Yoksa siyaset\u00e7ilerin askerlerin terfilerine, onlar\u0131n emeklilik sistemine m\u00fcdahale etmeleri do\u011fru de\u011fildir. Do\u011fru olmad\u0131\u011f\u0131n\u0131 hep g\u00f6rd\u00fck. Askeri m\u00fcmk\u00fcn oldu\u011fu kadar siyasetin d\u0131\u015f\u0131nda tutmam\u0131z laz\u0131m. E\u011fer team\u00fcllerin i\u00e7ine girerseniz, m\u00fcdahale ederseniz onu siyasetin i\u00e7ine \u00e7ekmi\u015f olursunuz. T\u00fcrkiye&#8217;de asker siyasete bula\u015ft\u0131\u011f\u0131 zaman bunun faturas\u0131n\u0131 halk \u00f6demi\u015ftir. O nedenle politikac\u0131lar\u0131n, Say\u0131n Ba\u015fbakan&#8217;\u0131n, Say\u0131n Cumhurba\u015fkan\u0131&#8217;n\u0131n bu konuda daha dikkatli \u00fcslup kullanmalar\u0131, team\u00fcllere m\u00fcdahale etmemeleri gerekir.&#8221;<\/p>\n<p style=\"text-align: justify;\">Bir ba\u015fka gazetecinin, &#8220;Ergenekon savc\u0131s\u0131 Zekeriya \u00d6z&#8217;\u00fcn Deniz Baykal ile ilgili soru\u015fturma ba\u015flatt\u0131. Bunu nas\u0131l de\u011ferlendiriyorsunuz&#8221; sorusu \u00fczerine de K\u0131l\u0131\u00e7daro\u011flu, &#8220;Elde hi\u00e7bir veri, bilgi olmadan benim a\u00e7\u0131klama yapmam do\u011fru olmaz. Bakal\u0131m nedir, ben de merak ediyorum&#8221; dedi.<\/p>\n<p style=\"text-align: justify;\"><span style=\"color: #888888;\">CNN T\u00dcRK<\/span><\/p>\n","protected":false},"excerpt":{"rendered":"<p style=\"text-align: justify;\">\n<p style=\"text-align: justify;\">YA\u015e&#8217;taki krizle ilgili CHP lideri Kemal K\u0131l\u0131\u00e7daro\u011flu da konu\u015ftu. CHP lideri, &#8220;Team\u00fcllere siyaset\u00e7ilerin kar\u0131\u015fmas\u0131 do\u011fru de\u011fil. Yanl\u0131\u015fl\u0131k varsa bu hat\u0131rlat\u0131l\u0131r. Ama askeri siyasetin d\u0131\u015f\u0131nda tutmak laz\u0131m. Kar\u0131\u015f\u0131r m\u00fcdahale ederseniz onlar\u0131 siyasetin i\u00e7ine \u00e7ekersiniz&#8221; dedi.<\/p>\n<p style=\"text-align: justify;\">K\u0131l\u0131\u00e7daro\u011flu, CHP Parti Meclisi (PM) toplant\u0131s\u0131ndan \u00e7\u0131k\u0131\u015f\u0131nda bas\u0131n mensuplar\u0131n\u0131n sorular\u0131n\u0131 yan\u0131tlad\u0131. <\/p>\n","protected":false},"author":1,"featured_media":0,"comment_status":"open","ping_status":"closed","sticky":false,"template":"","format":"standard","meta":{"footnotes":""},"categories":[105],"tags":[],"class_list":["post-24517","post","type-post","status-publish","format-standard","hentry","category-gundem","odd"],"_links":{"self":[{"href":"http:\/\/www.korhanyilmaz.com\/index.php?rest_route=\/wp\/v2\/posts\/24517","targetHints":{"allow":["GET"]}}],"collection":[{"href":"http:\/\/www.korhanyilmaz.com\/index.php?rest_route=\/wp\/v2\/posts"}],"about":[{"href":"http:\/\/www.korhanyilmaz.com\/index.php?rest_route=\/wp\/v2\/types\/post"}],"author":[{"embeddable":true,"href":"http:\/\/www.korhanyilmaz.com\/index.php?rest_route=\/wp\/v2\/users\/1"}],"replies":[{"embeddable":true,"href":"http:\/\/www.korhanyilmaz.com\/index.php?rest_route=%2Fwp%2Fv2%2Fcomments&post=24517"}],"version-history":[{"count":0,"href":"http:\/\/www.korhanyilmaz.com\/index.php?rest_route=\/wp\/v2\/posts\/24517\/revisions"}],"wp:attachment":[{"href":"http:\/\/www.korhanyilmaz.com\/index.php?rest_route=%2Fwp%2Fv2%2Fmedia&parent=24517"}],"wp:term":[{"taxonomy":"category","embeddable":true,"href":"http:\/\/www.korhanyilmaz.com\/index.php?rest_route=%2Fwp%2Fv2%2Fcategories&post=24517"},{"taxonomy":"post_tag","embeddable":true,"href":"http:\/\/www.korhanyilmaz.com\/index.php?rest_route=%2Fwp%2Fv2%2Ftags&post=24517"}],"curies":[{"name":"wp","href":"https:\/\/api.w.org\/{rel}","templated":true}]}}