{"id":24514,"date":"2010-08-04T18:45:55","date_gmt":"2010-08-04T18:45:55","guid":{"rendered":"http:\/\/www.korhanyilmaz.com\/?p=24514"},"modified":"2010-08-04T18:45:55","modified_gmt":"2010-08-04T18:45:55","slug":"bdp-biz-yok-sayan-anayasa-cope-gidecek","status":"publish","type":"post","link":"http:\/\/www.korhanyilmaz.com\/?p=24514","title":{"rendered":"BDP: &#8220;Bizi yok sayan anayasa \u00e7\u00f6pe gidecek&#8221;"},"content":{"rendered":"<p><a href=\"http:\/\/www.korhanyilmaz.com\/wp-content\/uploads\/2010\/08\/019.jpg\"  class=\"lightview\"><img loading=\"lazy\" decoding=\"async\" class=\"aligncenter size-full wp-image-24515\" src=\"http:\/\/www.korhanyilmaz.com\/wp-content\/uploads\/2010\/08\/019.jpg\" alt=\"\" width=\"292\" height=\"200\" \/><\/a><\/p>\n<p style=\"text-align: justify;\">BDP Genel Ba\u015fkan Yard\u0131mc\u0131s\u0131 G\u00fcltan K\u0131\u015fanak, &#8220;Bizi inkar eden, bizi yok sayan, bizim ana dilimizi inkar eden, yasaklayan bu anayasay\u0131 t\u00fcmden tarihin \u00e7\u00f6pl\u00fc\u011f\u00fcne atmak i\u00e7in o sand\u0131klar\u0131 bo\u015f g\u00f6nderece\u011fiz&#8221; dedi. <!--more--><\/p>\n<p style=\"text-align: justify;\">K\u0131\u015fanak, Gaziantep Vatan Mahallesi&#8217;nde partililere y\u00f6nelik yapt\u0131\u011f\u0131 konu\u015fmada, \u00f6n\u00fcm\u00fczde bir referandum oldu\u011funu belirtti.<\/p>\n<p style=\"text-align: justify;\">Bug\u00fcn K\u00fcrtlerin, kad\u0131nlar\u0131n, emek\u00e7ilerin demokratlar\u0131n ve demokrat M\u00fcsl\u00fcmanlar\u0131n, vicdan\u0131 ve insanl\u0131\u011f\u0131 olan herkesin bu anayasay\u0131 art\u0131k \u00e7\u00f6pe atman\u0131n zaman\u0131n\u0131n geldi\u011fini \u00f6ne s\u00fcren K\u0131\u015fanak, yeni anayasayla darbecilerden hesap sorulaca\u011f\u0131n\u0131n s\u00f6ylendi\u011fini, bunun do\u011fru olmad\u0131\u011f\u0131n\u0131 savundu.<\/p>\n<p style=\"text-align: justify;\">Ba\u015fbakan Recep Tayyip Erdo\u011fan&#8217;\u0131n bu darbe anayasan\u0131n \u00f6mr\u00fcn\u00fc uzatmak i\u00e7in halk\u0131 bir oyunla kand\u0131rmaya \u00e7al\u0131\u015ft\u0131\u011f\u0131n\u0131 ileri s\u00fcren K\u0131\u015fanak, &#8220;Biz 12 Eyl\u00fcl&#8217;\u00fcn ma\u011fdurlar\u0131 olarak 12 Eyl\u00fcl&#8217;\u00fcn zulm\u00fcne u\u011fram\u0131\u015f bir halk olarak gereken cevab\u0131 verece\u011fiz, o sand\u0131klar\u0131 bo\u015f g\u00f6nderece\u011fiz. Bunlar\u0131 unutmad\u0131\u011f\u0131m\u0131z i\u00e7in, bu bask\u0131y\u0131 bu zulm\u00fc bu i\u015fkenceyi unutmad\u0131\u011f\u0131m\u0131z i\u00e7in bizi inkar eden, bizi yok sayan, bizim ana dilimizi inkar eden, yasaklayan bu anayasay\u0131 t\u00fcmden tarihin \u00e7\u00f6pl\u00fc\u011f\u00fcne atmak i\u00e7in o sand\u0131klar\u0131 bo\u015f g\u00f6nderece\u011fiz. \u00c7\u00fcnk\u00fc o sand\u0131klara girecek olan evet oylar\u0131 12 Eyl\u00fcl anayasas\u0131n\u0131n \u00f6mr\u00fcn\u00fc uzatacak&#8221; dedi.<\/p>\n<p style=\"text-align: justify;\">AK Parti, MHP ve CHP&#8217;nin politikalar\u0131n\u0131n ayn\u0131 oldu\u011funu savunan K\u0131\u015fanak, &#8220;Bunlar\u0131n \u00fc\u00e7\u00fc ayn\u0131 ipte oynayan cambazlar. AKP&#8217;si, MHP&#8217;si, CHP&#8217;si de. \u0130\u015fleri darbecilerin de\u011firmenine su ta\u015f\u0131mak&#8221; dedi.<\/p>\n<p style=\"text-align: justify;\">K\u0131\u015fanak, h\u00fck\u00fcmetin icraatlar\u0131n\u0131 ele\u015ftirdi, 8 y\u0131ll\u0131k d\u00f6nemde i\u015fsizli\u011fin ve yoksullu\u011fun artt\u0131\u011f\u0131n\u0131, K\u00fcrt sorununun \u00e7\u00f6z\u00fclmedi\u011fini s\u00f6yledi.<\/p>\n<p style=\"text-align: justify;\"><span style=\"color: #888888;\">CNN T\u00dcRK<\/span><\/p>\n","protected":false},"excerpt":{"rendered":"<\/p>\n<p style=\"text-align: justify;\">BDP Genel Ba\u015fkan Yard\u0131mc\u0131s\u0131 G\u00fcltan K\u0131\u015fanak, &#8220;Bizi inkar eden, bizi yok sayan, bizim ana dilimizi inkar eden, yasaklayan bu anayasay\u0131 t\u00fcmden tarihin \u00e7\u00f6pl\u00fc\u011f\u00fcne atmak i\u00e7in o sand\u0131klar\u0131 bo\u015f g\u00f6nderece\u011fiz&#8221; dedi. <\/p>\n","protected":false},"author":1,"featured_media":0,"comment_status":"open","ping_status":"closed","sticky":false,"template":"","format":"standard","meta":{"footnotes":""},"categories":[105],"tags":[],"class_list":["post-24514","post","type-post","status-publish","format-standard","hentry","category-gundem","odd"],"_links":{"self":[{"href":"http:\/\/www.korhanyilmaz.com\/index.php?rest_route=\/wp\/v2\/posts\/24514","targetHints":{"allow":["GET"]}}],"collection":[{"href":"http:\/\/www.korhanyilmaz.com\/index.php?rest_route=\/wp\/v2\/posts"}],"about":[{"href":"http:\/\/www.korhanyilmaz.com\/index.php?rest_route=\/wp\/v2\/types\/post"}],"author":[{"embeddable":true,"href":"http:\/\/www.korhanyilmaz.com\/index.php?rest_route=\/wp\/v2\/users\/1"}],"replies":[{"embeddable":true,"href":"http:\/\/www.korhanyilmaz.com\/index.php?rest_route=%2Fwp%2Fv2%2Fcomments&post=24514"}],"version-history":[{"count":0,"href":"http:\/\/www.korhanyilmaz.com\/index.php?rest_route=\/wp\/v2\/posts\/24514\/revisions"}],"wp:attachment":[{"href":"http:\/\/www.korhanyilmaz.com\/index.php?rest_route=%2Fwp%2Fv2%2Fmedia&parent=24514"}],"wp:term":[{"taxonomy":"category","embeddable":true,"href":"http:\/\/www.korhanyilmaz.com\/index.php?rest_route=%2Fwp%2Fv2%2Fcategories&post=24514"},{"taxonomy":"post_tag","embeddable":true,"href":"http:\/\/www.korhanyilmaz.com\/index.php?rest_route=%2Fwp%2Fv2%2Ftags&post=24514"}],"curies":[{"name":"wp","href":"https:\/\/api.w.org\/{rel}","templated":true}]}}