{"id":24510,"date":"2010-08-04T15:37:32","date_gmt":"2010-08-04T15:37:32","guid":{"rendered":"http:\/\/www.korhanyilmaz.com\/?p=24510"},"modified":"2010-08-04T15:37:32","modified_gmt":"2010-08-04T15:37:32","slug":"baykala-yargiya-baski-incelemesi","status":"publish","type":"post","link":"http:\/\/www.korhanyilmaz.com\/?p=24510","title":{"rendered":"Baykal&#8217;a &#8216;yarg\u0131ya bask\u0131&#8217; incelemesi"},"content":{"rendered":"<p style=\"text-align: center;\"><a href=\"http:\/\/www.korhanyilmaz.com\/wp-content\/uploads\/2010\/08\/018.jpg\"  class=\"lightview\"><img loading=\"lazy\" decoding=\"async\" class=\"aligncenter size-full wp-image-24511\" src=\"http:\/\/www.korhanyilmaz.com\/wp-content\/uploads\/2010\/08\/018.jpg\" alt=\"\" width=\"307\" height=\"236\" \/><\/a><\/p>\n<p style=\"text-align: justify;\">Eski CHP Genel Ba\u015fkan\u0131 Deniz Baykal&#8217;\u0131n da aralar\u0131nda bulundu\u011fu bir\u00e7ok ki\u015fi hakk\u0131nda &#8220;Ergenekon&#8221; soru\u015fturmas\u0131 kapsam\u0131nda &#8220;adil yarg\u0131lamay\u0131 etkilemeye te\u015febb\u00fcs&#8221; iddias\u0131na ili\u015fkin inceleme ba\u015flat\u0131ld\u0131\u011f\u0131 bildirildi. <!--more--><\/p>\n<p style=\"text-align: justify;\">Be\u015fikta\u015f&#8217;taki \u0130stanbul Adliyesi&#8217;ne giri\u015fi s\u0131ras\u0131nda bir bas\u0131n mensubunun &#8220;Baykal hakk\u0131nda fezleke haz\u0131rlad\u0131n\u0131z m\u0131?&#8221; \u015feklinde soru y\u00f6neltti\u011fi \u0130stanbul Cumhuriyet Savc\u0131s\u0131 Zekeriya \u00d6z, &#8220;adil yarg\u0131lamay\u0131 etkilemeye te\u015febb\u00fcs etme&#8221; iddias\u0131na ili\u015fkin bir\u00e7ok ki\u015fi hakk\u0131nda inceleme yap\u0131ld\u0131\u011f\u0131n\u0131 s\u00f6yledi.<\/p>\n<p style=\"text-align: justify;\">\u00d6z, Baykal&#8217;\u0131n milletvekili olmas\u0131 nedeniyle bu konudaki yasal prosed\u00fcr incelendikten sonra durumunun de\u011ferlendirilece\u011fini, \u015fu anda haz\u0131rlanm\u0131\u015f bir fezlekenin s\u00f6z konusu olmad\u0131\u011f\u0131n\u0131 bildirdi.<\/p>\n<p style=\"text-align: justify;\"><strong>CHP&#8217;li Ate\u015f: &#8220;Deli sa\u00e7mas\u0131&#8230;&#8221; <\/strong><\/p>\n<p style=\"text-align: justify;\">\u0130ncelemeye, parti kanad\u0131ndan da tepkiler geliyor. CHP Ankara Milletvekili Y\u0131lmaz Ate\u015f, &#8220;Bu tamamen deli sa\u00e7mas\u0131 bir a\u00e7\u0131klama&#8221; dedi.<\/p>\n<p style=\"text-align: justify;\">CHP Genel Merkezi&#8217;nde gazetecilerin sorular\u0131n\u0131 yan\u0131tlayan Ate\u015f, T\u00fcrkiye&#8217;nin bir hukuk devleti oldu\u011funu belirterek, &#8220;hayat\u0131n\u0131 darbelere kar\u015f\u0131 adayan bir liderin, durup dururken sa\u00e7ma sapan bir gerek\u00e7eyle hakk\u0131nda soru\u015fturma a\u00e7\u0131l\u0131yor deyip kamuoyunu aya\u011fa kald\u0131rman\u0131n bir anlam\u0131 olmad\u0131\u011f\u0131n\u0131&#8221; s\u00f6yledi.<\/p>\n<p style=\"text-align: justify;\">Ate\u015f, &#8220;E\u011fer b\u00f6yle bir \u015fey varsa kamuoyu mu olu\u015fturmak istiyor, onun mu \u00fczerine gitmek istiyor&#8230; O nedenle bu tamamen deli sa\u00e7mas\u0131 bir a\u00e7\u0131klama. Dileriz ki T\u00fcrkiye&#8217;de hukuk egemen olur. Gazeteci Erg\u00fcn Poyraz, tam 4 y\u0131l oldu g\u00f6zalt\u0131na al\u0131nal\u0131. Halen neyle su\u00e7land\u0131\u011f\u0131 bilinmiyor. Yazd\u0131\u011f\u0131 kitap \u00f6zg\u00fcr \u015fekilde piyasada sat\u0131l\u0131yor ama yazar\u0131 4 y\u0131ld\u0131r i\u00e7eride&#8221; diye konu\u015ftu.<\/p>\n<p style=\"text-align: justify;\"><span style=\"color: #888888;\">CNN T\u00dcRK<\/span><\/p>\n","protected":false},"excerpt":{"rendered":"<p style=\"text-align: center;\">\n<p style=\"text-align: justify;\">Eski CHP Genel Ba\u015fkan\u0131 Deniz Baykal&#8217;\u0131n da aralar\u0131nda bulundu\u011fu bir\u00e7ok ki\u015fi hakk\u0131nda &#8220;Ergenekon&#8221; soru\u015fturmas\u0131 kapsam\u0131nda &#8220;adil yarg\u0131lamay\u0131 etkilemeye te\u015febb\u00fcs&#8221; iddias\u0131na ili\u015fkin inceleme ba\u015flat\u0131ld\u0131\u011f\u0131 bildirildi. <\/p>\n","protected":false},"author":1,"featured_media":0,"comment_status":"open","ping_status":"closed","sticky":false,"template":"","format":"standard","meta":{"footnotes":""},"categories":[105],"tags":[],"class_list":["post-24510","post","type-post","status-publish","format-standard","hentry","category-gundem","odd"],"_links":{"self":[{"href":"http:\/\/www.korhanyilmaz.com\/index.php?rest_route=\/wp\/v2\/posts\/24510","targetHints":{"allow":["GET"]}}],"collection":[{"href":"http:\/\/www.korhanyilmaz.com\/index.php?rest_route=\/wp\/v2\/posts"}],"about":[{"href":"http:\/\/www.korhanyilmaz.com\/index.php?rest_route=\/wp\/v2\/types\/post"}],"author":[{"embeddable":true,"href":"http:\/\/www.korhanyilmaz.com\/index.php?rest_route=\/wp\/v2\/users\/1"}],"replies":[{"embeddable":true,"href":"http:\/\/www.korhanyilmaz.com\/index.php?rest_route=%2Fwp%2Fv2%2Fcomments&post=24510"}],"version-history":[{"count":0,"href":"http:\/\/www.korhanyilmaz.com\/index.php?rest_route=\/wp\/v2\/posts\/24510\/revisions"}],"wp:attachment":[{"href":"http:\/\/www.korhanyilmaz.com\/index.php?rest_route=%2Fwp%2Fv2%2Fmedia&parent=24510"}],"wp:term":[{"taxonomy":"category","embeddable":true,"href":"http:\/\/www.korhanyilmaz.com\/index.php?rest_route=%2Fwp%2Fv2%2Fcategories&post=24510"},{"taxonomy":"post_tag","embeddable":true,"href":"http:\/\/www.korhanyilmaz.com\/index.php?rest_route=%2Fwp%2Fv2%2Ftags&post=24510"}],"curies":[{"name":"wp","href":"https:\/\/api.w.org\/{rel}","templated":true}]}}