{"id":24506,"date":"2010-08-04T16:35:13","date_gmt":"2010-08-04T16:35:13","guid":{"rendered":"http:\/\/www.korhanyilmaz.com\/?p=24506"},"modified":"2010-08-04T16:35:13","modified_gmt":"2010-08-04T16:35:13","slug":"gursel-tekinin-istedigi-oldu","status":"publish","type":"post","link":"http:\/\/www.korhanyilmaz.com\/?p=24506","title":{"rendered":"G\u00fcrsel Tekin&#8217;in istedi\u011fi oldu"},"content":{"rendered":"<p style=\"text-align: center;\"><a href=\"http:\/\/www.korhanyilmaz.com\/wp-content\/uploads\/2010\/08\/017.jpg\"  class=\"lightview\"><img loading=\"lazy\" decoding=\"async\" class=\"aligncenter size-full wp-image-24507\" src=\"http:\/\/www.korhanyilmaz.com\/wp-content\/uploads\/2010\/08\/017.jpg\" alt=\"\" width=\"307\" height=\"236\" \/><\/a><\/p>\n<p style=\"text-align: justify;\">CHP Parti Meclisi MYK \u00fcyeli\u011fi se\u00e7iminde tek aday olan CHP Parti Meclisi (PM) \u00fcyesi G\u00fcrsel Tekin, 48 oyla \u00fcyeli\u011fe se\u00e7ildi.<\/p>\n<p style=\"text-align: justify;\">Genel Ba\u015fkan Kemal K\u0131l\u0131\u00e7daro\u011flu ba\u015fkanl\u0131\u011f\u0131nda, parti genel merkezinde yap\u0131lan toplant\u0131da 76 \u00fcye oy kulland\u0131. 48 ki\u015finin oyunu alan Tekin, MYK \u00fcyesi oldu. <!--more--><\/p>\n<p style=\"text-align: justify;\">G\u00fcrsel Tekin, CHP&#8217;nin iktidar olabilmesi i\u00e7in elinden gelen b\u00fct\u00fcn gayreti sarfedece\u011fini s\u00f6yledi.<\/p>\n<p style=\"text-align: justify;\">Tekin, PM toplant\u0131s\u0131 sonras\u0131nda gazetecilere yapt\u0131\u011f\u0131 a\u00e7\u0131klamada, toplant\u0131da herhangi bir gerginli\u011fin s\u00f6z konusu olmad\u0131\u011f\u0131n\u0131 s\u00f6yledi.<\/p>\n<p style=\"text-align: justify;\">Tekin, toplant\u0131da 53 \u00fcyenin oy kulland\u0131\u011f\u0131n\u0131, bunlardan 48&#8217;inin oyunu alarak MYK&#8217;ya girdi\u011fini s\u00f6yledi. Oy veren, vermeyen b\u00fct\u00fcn \u00fcyelere te\u015fekk\u00fcr eden Tekin s\u00f6zlerini \u015f\u00f6yle s\u00fcrd\u00fcrd\u00fc:<\/p>\n<p style=\"text-align: justify;\">&#8220;Bundan sonraki s\u00fcre\u00e7te G\u00fcrsel Tekin&#8217;e onur verici bir g\u00f6rev verildi. Genel Ba\u015fkan\u0131ma \u00e7ok \u00e7ok te\u015fekk\u00fcr ediyorum. CHP taban\u0131n\u0131, ailesini ve K\u0131l\u0131\u00e7daro\u011flu&#8217;nu mahcup etmeyece\u011fim. B\u00fct\u00fcn g\u00fcc\u00fcmle \u00f6n\u00fcm\u00fczdeki s\u00fcre\u00e7te 12 Eyl\u00fcl Anayasas\u0131&#8217;yla ilgili m\u00fccadele edece\u011fiz. Daha sonra da CHP&#8217;nin iktidar olabilmesi i\u00e7in elimden gelen b\u00fct\u00fcn gayreti sarfedece\u011fim.&#8221;<\/p>\n<p style=\"text-align: justify;\">Bir gazetecinin, &#8220;CHP Parti Meclisinde neden 48 oy ald\u0131n\u0131z, bu az de\u011fil mi? \u00d6nder Sav ile aran\u0131zda herhangi bir sorun var m\u0131&#8221; sorusuna \u015fu yan\u0131t\u0131 verdi:<\/p>\n<p style=\"text-align: justify;\">&#8220;Tek aday oldu\u011fu i\u00e7in baz\u0131 arkada\u015flar\u0131m\u0131z erken ayr\u0131ld\u0131. Onun i\u00e7in 53 arkada\u015f\u0131m\u0131zdan 48&#8217;i oy verdi. O konuda bir s\u0131k\u0131nt\u0131 yok. CHP ailesi i\u00e7erisinde herhangi bir k\u0131rg\u0131nl\u0131k, darg\u0131nl\u0131k s\u00f6z konusu de\u011fil. Kimseyle aramda bir sorun yoktur. Genel Sekreterimle de partimin b\u00fct\u00fcn yetkilileriyle de aram son derece iyidir.&#8221;<\/p>\n<p style=\"text-align: justify;\">Bir gazetecinin CHP Genel Sekreteri \u00d6nder Sav ile ayn\u0131 kat\u0131 payla\u015f\u0131p payla\u015fmayaca\u011f\u0131n\u0131 sormas\u0131 \u00fczerine de Tekin, &#8220;Ayn\u0131 yuvay\u0131 payla\u015f\u0131p da ayn\u0131 kat\u0131 payla\u015fmamak olur mu&#8221; dedi.<\/p>\n<p style=\"text-align: justify;\">CHP \u0130stanbul Milletvekili ve PM \u00fcyesi \u00c7etin Soysal da, bir gazetecinin, neden aday olmad\u0131\u011f\u0131na ili\u015fkin sorusu \u00fczerine, &#8220;Aday olaca\u011f\u0131m\u0131 hi\u00e7bir \u015fekilde a\u00e7\u0131klamad\u0131m. Aday olaca\u011f\u0131m y\u00f6n\u00fcnde de bir \u00e7aba i\u00e7inde olmad\u0131m. Say\u0131n Genel Ba\u015fkan\u0131m\u0131z MYK&#8217;da daha \u00f6nce a\u00e7\u0131klad\u0131\u011f\u0131 eski \u0130stanbul \u0130l Ba\u015fkan\u0131 G\u00fcrsel Tekin ile birlikte \u00e7al\u0131\u015faca\u011f\u0131n\u0131 ifade etmi\u015fti. Bug\u00fcn de Parti Meclisi&#8217;miz o y\u00f6nde karar vermi\u015ftir&#8221; dedi.<\/p>\n<p style=\"text-align: justify;\">Soysal, &#8220;Genel Ba\u015fkan\u0131m\u0131z\u0131n bu konudaki \u00e7al\u0131\u015fma arkada\u015f\u0131n\u0131 se\u00e7mesi ve bu konuda kendisiyle uyum i\u00e7erisinde partimizin iktidara gelece\u011fi bu s\u00fcre\u00e7te bir dayan\u0131\u015fma i\u00e7inde olabilece\u011fi ko\u015fullar\u0131 yaratan kimlerse bizim de o \u00e7al\u0131\u015fmay\u0131, o katk\u0131y\u0131 vermemiz gerekiyor. Bu konuda Genel Ba\u015fkan\u0131n daha \u00f6nce de ifade etti\u011fi gibi \u00e7al\u0131\u015fma arkada\u015f\u0131n\u0131 belirlemesine katk\u0131 sa\u011flad\u0131k&#8221; diye konu\u015ftu.<\/p>\n<p style=\"text-align: justify;\">Bir ba\u015fka gazetecinin PM toplant\u0131s\u0131n\u0131n gergin ge\u00e7ip ge\u00e7medi\u011fine ili\u015fkin sorusu \u00fczerine Soysal, \u015funlar\u0131 s\u00f6yledi:<\/p>\n<p style=\"text-align: justify;\">&#8220;Toplant\u0131da her hangi bir gerginlik yok. Gergin olmas\u0131 i\u00e7in de bir neden yok. CHP bu s\u00fcre\u00e7te \u00e7ok \u00f6nemli bir \u00e7al\u0131\u015fma y\u00fcr\u00fct\u00fcyor. \u00d6n\u00fcm\u00fczde 12 Eyl\u00fcl var. Bir referandum s\u00fcreci var. Genel Ba\u015fkan\u0131m\u0131z Anadolu&#8217;nun d\u00f6rt bir yan\u0131nda yo\u011fun bir \u00e7al\u0131\u015fma temposu i\u00e7erisindeyken burada b\u00f6yle bir kriz yaratmak do\u011fru de\u011fil, hakl\u0131 de\u011fil. Burada Genel Sekreterimizin \u00e7ok \u00f6nemli katk\u0131s\u0131 oldu.&#8221;<\/p>\n<p style=\"text-align: justify;\"><strong>Tekin: &#8220;Demokrasilerde her t\u00fcrl\u00fc s\u00fcrpriz olur&#8221; <\/strong><\/p>\n<p style=\"text-align: justify;\">G\u00fcrsel Tekin, PM toplant\u0131s\u0131na kat\u0131lmak \u00fczere CHP Genel Merkezi&#8217;ne geli\u015finde de gazetecilerin sorular\u0131n\u0131 yan\u0131tlad\u0131.<\/p>\n<p style=\"text-align: justify;\">Bir gazetecinin, PM&#8217;de yap\u0131lmas\u0131 beklenen genel ba\u015fkan yard\u0131mc\u0131l\u0131\u011f\u0131 se\u00e7imine ili\u015fkin de\u011ferlendirmesini sormas\u0131 \u00fczerine Tekin, &#8220;Parti i\u00e7i demokrasiye inanan bir insan\u0131n 25 y\u0131ll\u0131k siyasi ya\u015fam\u0131nda bu m\u00fccadeleyi verdim. Bu a\u00e7\u0131dan hi\u00e7bir teredd\u00fct\u00fcm yok&#8221; dedi.<\/p>\n<p style=\"text-align: justify;\">Bir ba\u015fka gazetecinin, &#8220;Genel ba\u015fkan yard\u0131mc\u0131l\u0131\u011f\u0131na aday m\u0131s\u0131n\u0131z?&#8221; sorusunu Tekin, &#8220;Say\u0131n genel ba\u015fkan\u0131m\u0131z gerekli a\u00e7\u0131klamay\u0131 yapt\u0131&#8221; \u015feklinde yan\u0131tlad\u0131.<\/p>\n<p style=\"text-align: justify;\">Tekin, &#8220;CHP PM&#8217;de genel ba\u015fkan yard\u0131mc\u0131l\u0131\u011f\u0131 se\u00e7iminde bir s\u00fcrpriz olur mu&#8221; sorusuna ise &#8220;Demokrasilerde her t\u00fcrl\u00fc s\u00fcrpriz olur&#8221; kar\u015f\u0131l\u0131\u011f\u0131n\u0131 verdi.<\/p>\n<p style=\"text-align: justify;\">CHP \u0130stanbul Milletvekili ve PM \u00fcyesi \u00c7etin Soysal da, bir gazetecinin &#8220;CHP PM&#8217;de genel ba\u015fkan yard\u0131mc\u0131l\u0131\u011f\u0131 se\u00e7iminde G\u00fcrsel Tekin&#8217;e rakip olarak aday olaca\u011f\u0131n\u0131z s\u00f6yleniyor. Neler s\u00f6yleyeceksiniz&#8221; sorusu \u00fczerine &#8220;PM&#8217;de g\u00f6rece\u011fiz&#8221; dedi.<\/p>\n<p style=\"text-align: justify;\"><span style=\"color: #888888;\">CNN T\u00dcRK<\/span><\/p>\n","protected":false},"excerpt":{"rendered":"<p style=\"text-align: center;\">\n<p style=\"text-align: justify;\">CHP Parti Meclisi MYK \u00fcyeli\u011fi se\u00e7iminde tek aday olan CHP Parti Meclisi (PM) \u00fcyesi G\u00fcrsel Tekin, 48 oyla \u00fcyeli\u011fe se\u00e7ildi.<\/p>\n<p style=\"text-align: justify;\">Genel Ba\u015fkan Kemal K\u0131l\u0131\u00e7daro\u011flu ba\u015fkanl\u0131\u011f\u0131nda, parti genel merkezinde yap\u0131lan toplant\u0131da 76 \u00fcye oy kulland\u0131. 48 ki\u015finin oyunu alan Tekin, MYK \u00fcyesi oldu. <\/p>\n","protected":false},"author":1,"featured_media":0,"comment_status":"open","ping_status":"closed","sticky":false,"template":"","format":"standard","meta":{"footnotes":""},"categories":[105],"tags":[],"class_list":["post-24506","post","type-post","status-publish","format-standard","hentry","category-gundem","odd"],"_links":{"self":[{"href":"http:\/\/www.korhanyilmaz.com\/index.php?rest_route=\/wp\/v2\/posts\/24506","targetHints":{"allow":["GET"]}}],"collection":[{"href":"http:\/\/www.korhanyilmaz.com\/index.php?rest_route=\/wp\/v2\/posts"}],"about":[{"href":"http:\/\/www.korhanyilmaz.com\/index.php?rest_route=\/wp\/v2\/types\/post"}],"author":[{"embeddable":true,"href":"http:\/\/www.korhanyilmaz.com\/index.php?rest_route=\/wp\/v2\/users\/1"}],"replies":[{"embeddable":true,"href":"http:\/\/www.korhanyilmaz.com\/index.php?rest_route=%2Fwp%2Fv2%2Fcomments&post=24506"}],"version-history":[{"count":0,"href":"http:\/\/www.korhanyilmaz.com\/index.php?rest_route=\/wp\/v2\/posts\/24506\/revisions"}],"wp:attachment":[{"href":"http:\/\/www.korhanyilmaz.com\/index.php?rest_route=%2Fwp%2Fv2%2Fmedia&parent=24506"}],"wp:term":[{"taxonomy":"category","embeddable":true,"href":"http:\/\/www.korhanyilmaz.com\/index.php?rest_route=%2Fwp%2Fv2%2Fcategories&post=24506"},{"taxonomy":"post_tag","embeddable":true,"href":"http:\/\/www.korhanyilmaz.com\/index.php?rest_route=%2Fwp%2Fv2%2Ftags&post=24506"}],"curies":[{"name":"wp","href":"https:\/\/api.w.org\/{rel}","templated":true}]}}