{"id":24503,"date":"2010-08-04T16:41:41","date_gmt":"2010-08-04T16:41:41","guid":{"rendered":"http:\/\/www.korhanyilmaz.com\/?p=24503"},"modified":"2010-08-04T16:41:41","modified_gmt":"2010-08-04T16:41:41","slug":"yasta-4-gunde-de-karar-cikmadi","status":"publish","type":"post","link":"http:\/\/www.korhanyilmaz.com\/?p=24503","title":{"rendered":"YA\u015e&#8217;ta 4. g\u00fcnde de karar \u00e7\u0131kmad\u0131"},"content":{"rendered":"<p style=\"text-align: justify;\"><a href=\"http:\/\/www.korhanyilmaz.com\/wp-content\/uploads\/2010\/08\/016.jpg\"  class=\"lightview\"><img loading=\"lazy\" decoding=\"async\" class=\"aligncenter size-full wp-image-24504\" src=\"http:\/\/www.korhanyilmaz.com\/wp-content\/uploads\/2010\/08\/016.jpg\" alt=\"\" width=\"292\" height=\"191\" \/><\/a>Ge\u00e7mi\u015f y\u0131llardaki gibi olmad\u0131. Bug\u00fcn yani \u015eura&#8217;n\u0131n d\u00f6rd\u00fcnc\u00fc ve son g\u00fcn\u00fcnde Genelkurmay  Karargah\u0131&#8217;ndan \u015eura kararlar\u0131n\u0131 i\u00e7eren zarf \u015fu saate kadar da\u011f\u0131t\u0131lmad\u0131. Ne karar \u00e7\u0131kt\u0131, ne a\u00e7\u0131klama oldu&#8230; Ankara&#8217;da Y\u00fcksek Askeri \u015eura krizi var. Kriz nas\u0131l ve ne zaman \u00e7\u00f6z\u00fclecek belli de\u011fil. <!--more--><\/p>\n<p style=\"text-align: justify;\">Normal olmad\u0131\u011f\u0131, \u00e7ok de\u011fil Cumhurba\u015fkan\u0131 Abdullah G\u00fcl&#8217;\u00fcn s\u00f6zlerinden 5 saat sonra ortaya \u00e7\u0131kt\u0131.<\/p>\n<p style=\"text-align: justify;\">D\u00fcn gece Ankara ayaktayd\u0131. Askerler de, h\u00fck\u00fcmet de&#8230;   Y\u00fcksek Askeri \u015eura, o \u015eura&#8217;ya damgas\u0131n\u0131 vuran Balyoz ve Ergenekon nedeniyle.<\/p>\n<p style=\"text-align: justify;\">Kulislere gece yar\u0131s\u0131 s\u0131zd\u0131, ard arda yap\u0131lan g\u00f6r\u00fc\u015fmelere ra\u011fmen uzla\u015fman\u0131n olmad\u0131\u011f\u0131 toplant\u0131n\u0131n bitmedi\u011fi. \u015eura&#8217;n\u0131n son g\u00fcn\u00fcnde a\u00e7\u0131klama olmayabilece\u011fi.<\/p>\n<p style=\"text-align: justify;\">CNN T\u00dcRK gece yar\u0131s\u0131 duyurdu. Zaten her y\u0131l\u0131n aksine Ne \u00c7ankaya K\u00f6\u015fk\u00fc, ne de Ba\u015fbakanl\u0131k \u015eura ile ilgili duyuru ge\u00e7ti.<\/p>\n<p style=\"text-align: justify;\">Oysa Ba\u015fbakan&#8217;\u0131n resmi program\u0131nda \u015eura&#8217;ya kat\u0131laca\u011f\u0131 yer almal\u0131yd\u0131.<\/p>\n<p style=\"text-align: justify;\">Cumhurba\u015fkan\u0131&#8217;nkinde ise \u015eura kararlar\u0131na onay vermek i\u00e7in Savunma Bakan\u0131 ile Genelkurmay Ba\u015fkan\u0131&#8217;n\u0131 kabul edece\u011fi&#8230;<\/p>\n<p style=\"text-align: justify;\">G\u00fcne bilinmezlerle ba\u015flad\u0131 Ankara. Ve toplant\u0131n\u0131n resmen bitmedi\u011fini de yine CNN T\u00dcRK duyurdu.<\/p>\n<p style=\"text-align: justify;\">\u015eura, askeri \u00fcyeler ve Savunma Bakan\u0131&#8217;n\u0131n kat\u0131l\u0131m\u0131yla d\u00f6rd\u00fcnc\u00fc g\u00fcn toplant\u0131s\u0131na ba\u015flad\u0131\u011f\u0131nda saat 9.30&#8217;du. \u0130ki d\u00fc\u011f\u00fcm\u00fcn \u00e7\u00f6z\u00fcl\u00fcp \u00e7\u00f6z\u00fclemeyece\u011fi i\u00e7in g\u00f6zler yeniden Karargah&#8217;a \u00e7evrildi.<\/p>\n<p style=\"text-align: justify;\">O d\u00fc\u011f\u00fcmlerden biri internet and\u0131c\u0131&#8230; Ve o soru\u015fturma kapsam\u0131nda ifadeye \u00e7a\u011fr\u0131lan Birinci Ordu Komutan\u0131 Orgeneral Hasan I\u011fs\u0131z.  I\u011fs\u0131z &#8216;\u0131n team\u00fclere g\u00f6re Kara kuvvetleri Komutan\u0131 olmas\u0131 gerekiyor. Ama Ankara kulislerine g\u00f6re, h\u00fck\u00fcmet istemiyor, Genelkurmay geri ad\u0131m atm\u0131yor&#8230;<\/p>\n<p style=\"text-align: justify;\">O d\u00fc\u011f\u00fcmlerden di\u011ferinin ad\u0131 Balyoz&#8230; 102 subaya ili\u015fkin yakalama karar\u0131n\u0131n tam da \u015eura toplant\u0131s\u0131 \u00f6ncesinde \u00e7\u0131kmas\u0131. Genelkurmay Ba\u015fkan\u0131, Cumhurba\u015fkan\u0131&#8217;na da, Ba\u015fbakan&#8217;a da &#8220;bu karar\u0131n zedeleyici &#8221; oldu\u011funu s\u00f6yledi.<\/p>\n<p style=\"text-align: justify;\">Bununla kalmad\u0131, haz\u0131rlanan  raporu da sundu; &#8220;Hukuki de\u011fil, bunu kabul edersek, gelecek y\u0131llarda benzer s\u00fcre\u00e7ler ya\u015fanabilir ve YA\u015e s\u00fcrecine mahkemeler dahil olabilir &#8221; diyen raporu&#8230;<\/p>\n<p style=\"text-align: justify;\">Ve h\u00fck\u00fcmet de devredeydi.  Y\u00fcksek Askeri \u015eura toplant\u0131s\u0131 s\u00fcrerken, Ba\u015fbakan evinden \u00e7\u0131kt\u0131, Resmi Konut&#8217;a ge\u00e7ti.<\/p>\n<p style=\"text-align: justify;\">Adalet Bakan\u0131 Sadullah Ergin ile g\u00f6r\u00fc\u015ft\u00fc. Saat 10.30&#8217;du. G\u00f6r\u00fc\u015fme yar\u0131m saat s\u00fcrd\u00fc.<\/p>\n<p style=\"text-align: justify;\">Saat 12.00&#8217;de Y\u00fcksek Askeri \u015eura toplant\u0131s\u0131na \u00f6\u011fle yeme\u011fi aras\u0131 verildi. Karargah&#8217;tan tek bir isim ayr\u0131ld\u0131. Kara Kuvvetleri Komutan\u0131 Orgeneral I\u015f\u0131k Ko\u015faner&#8230;<\/p>\n<p style=\"text-align: justify;\">Genelkurmay Ba\u015fkanl\u0131\u011f\u0131 koltu\u011funa oturmas\u0131 beklenen Org. Ko\u015faner saat 13.30&#8217;da geri d\u00f6nd\u00fc. Toplant\u0131 da yeniden ba\u015flad\u0131. \u0130\u00e7eride saat 15.00&#8217;e kadar kald\u0131. 15.00&#8217;te yeniden ayr\u0131ld\u0131 Karargah&#8217;tan&#8230; Onu ard arda generaller izledi.<\/p>\n<p style=\"text-align: justify;\">Y\u00fcksek Askeri \u015eura&#8217;n\u0131n d\u00f6rd\u00fcnc\u00fc g\u00fcn toplant\u0131s\u0131 sona erdi&#8230;<\/p>\n<p style=\"text-align: justify;\"><span style=\"color: #888888;\">CNN T\u00dcRK<\/span><\/p>\n","protected":false},"excerpt":{"rendered":"<p style=\"text-align: justify;\">Ge\u00e7mi\u015f y\u0131llardaki gibi olmad\u0131. Bug\u00fcn yani \u015eura&#8217;n\u0131n d\u00f6rd\u00fcnc\u00fc ve son g\u00fcn\u00fcnde Genelkurmay Karargah\u0131&#8217;ndan \u015eura kararlar\u0131n\u0131 i\u00e7eren zarf \u015fu saate kadar da\u011f\u0131t\u0131lmad\u0131. Ne karar \u00e7\u0131kt\u0131, ne a\u00e7\u0131klama oldu&#8230; Ankara&#8217;da Y\u00fcksek Askeri \u015eura krizi var. Kriz nas\u0131l ve ne zaman \u00e7\u00f6z\u00fclecek belli de\u011fil. <\/p>\n","protected":false},"author":1,"featured_media":0,"comment_status":"open","ping_status":"closed","sticky":false,"template":"","format":"standard","meta":{"footnotes":""},"categories":[105],"tags":[],"class_list":["post-24503","post","type-post","status-publish","format-standard","hentry","category-gundem","odd"],"_links":{"self":[{"href":"http:\/\/www.korhanyilmaz.com\/index.php?rest_route=\/wp\/v2\/posts\/24503","targetHints":{"allow":["GET"]}}],"collection":[{"href":"http:\/\/www.korhanyilmaz.com\/index.php?rest_route=\/wp\/v2\/posts"}],"about":[{"href":"http:\/\/www.korhanyilmaz.com\/index.php?rest_route=\/wp\/v2\/types\/post"}],"author":[{"embeddable":true,"href":"http:\/\/www.korhanyilmaz.com\/index.php?rest_route=\/wp\/v2\/users\/1"}],"replies":[{"embeddable":true,"href":"http:\/\/www.korhanyilmaz.com\/index.php?rest_route=%2Fwp%2Fv2%2Fcomments&post=24503"}],"version-history":[{"count":0,"href":"http:\/\/www.korhanyilmaz.com\/index.php?rest_route=\/wp\/v2\/posts\/24503\/revisions"}],"wp:attachment":[{"href":"http:\/\/www.korhanyilmaz.com\/index.php?rest_route=%2Fwp%2Fv2%2Fmedia&parent=24503"}],"wp:term":[{"taxonomy":"category","embeddable":true,"href":"http:\/\/www.korhanyilmaz.com\/index.php?rest_route=%2Fwp%2Fv2%2Fcategories&post=24503"},{"taxonomy":"post_tag","embeddable":true,"href":"http:\/\/www.korhanyilmaz.com\/index.php?rest_route=%2Fwp%2Fv2%2Ftags&post=24503"}],"curies":[{"name":"wp","href":"https:\/\/api.w.org\/{rel}","templated":true}]}}