{"id":24499,"date":"2010-08-02T22:44:33","date_gmt":"2010-08-02T22:44:33","guid":{"rendered":"http:\/\/www.korhanyilmaz.com\/?p=24499"},"modified":"2010-08-02T22:44:33","modified_gmt":"2010-08-02T22:44:33","slug":"orgeneral-igsiza-sok-sorusturma","status":"publish","type":"post","link":"http:\/\/www.korhanyilmaz.com\/?p=24499","title":{"rendered":"Orgeneral I\u011fs\u0131z&#8217;a \u015fok soru\u015fturma!.."},"content":{"rendered":"<p style=\"text-align: justify;\"><a href=\"http:\/\/www.korhanyilmaz.com\/wp-content\/uploads\/2010\/08\/015.jpg\"  class=\"lightview\"><img loading=\"lazy\" decoding=\"async\" class=\"aligncenter size-full wp-image-24500\" src=\"http:\/\/www.korhanyilmaz.com\/wp-content\/uploads\/2010\/08\/015.jpg\" alt=\"\" width=\"292\" height=\"224\" \/><\/a>Ergenekon soru\u015fturmas\u0131n\u0131 y\u00fcr\u00fcten Cumhuriyet Savc\u0131s\u0131 Zekeriya \u00d6z, Genelkurmay Ba\u015fkanl\u0131\u011f\u0131 1&#8217;inci Bilgi Destek \u015eube M\u00fcd\u00fcrl\u00fc\u011f\u00fc taraf\u0131ndan haz\u0131rland\u0131\u011f\u0131 ve d\u00f6nemin Genelkurmay 2&#8217;\u0131nci Ba\u015fkan\u0131 Orgeneral Hasan I\u011fs\u0131z&#8217;\u0131n imzas\u0131n\u0131 ta\u015f\u0131d\u0131\u011f\u0131 \u00f6ne s\u00fcr\u00fclen &#8220;internet and\u0131c\u0131&#8221;na ili\u015fkin soru\u015fturma ba\u015flatt\u0131. <!--more--><\/p>\n<p style=\"text-align: justify;\">(DHA) &#8212; Soru\u015fturma kapsam\u0131nda YA\u015e&#8217;ta Kara Kuvveteleri Komutanl\u0131\u011f\u0131&#8217;na atanmas\u0131 beklenen 1&#8217;inci Ordu Komutan\u0131 Hasan I\u011fs\u0131z ile Balyoz davas\u0131 san\u0131\u011f\u0131 olan ve hakk\u0131nda yakalama emri bulunan Kuzey Deniz Saha Komutan\u0131 Mehmet Otuzbiro\u011flu ve \u0130rtica ile M\u00fccadele davas\u0131n\u0131n tutuklu san\u0131\u011f\u0131 Albay Dursun \u00c7i\u00e7ek&#8217;in de aras\u0131nda bulundu\u011fu 19 ki\u015finin ifadeye \u00e7a\u011fr\u0131ld\u0131\u011f\u0131 ve 5 ayr\u0131 adreste arama yap\u0131ld\u0131\u011f\u0131 belirtildi.<\/p>\n<p style=\"text-align: justify;\">Orgeneral Hasan I\u011fs\u0131z&#8217;\u0131n ifadeye \u00e7a\u011fr\u0131lmas\u0131na gerek\u00e7e g\u00f6sterilen &#8220;\u0130nternet And\u0131c\u0131&#8221;, \u0130rtica ile M\u00fccadele Eylem Plan\u0131&#8217;n\u0131n orjinalinin g\u00f6nderen isimsiz subay\u0131n ikinci ihbar mektubu ile ortaya \u00e7\u0131km\u0131\u015ft\u0131.<\/p>\n<p style=\"text-align: justify;\">\u0130hbar mektubunda, Genelkurmay&#8217;\u0131n &#8216;kara propaganda&#8217; yapmak ve h\u00fck\u00fcmeti y\u0131pratmak i\u00e7in internet siteleri kurdu\u011fu ve bunlar\u0131 i\u015fletti\u011fi ileri s\u00fcr\u00fclm\u00fc\u015f ve her birinin internet adresleri belirtilmi\u015fti.<\/p>\n<p style=\"text-align: justify;\">Genelkurmay Ba\u015fkanl\u0131\u011f\u0131 1&#8217;inci Bilgi Destek \u015eube M\u00fcd\u00fcrl\u00fc\u011f\u00fc taraf\u0131ndan haz\u0131rlanan ve d\u00f6nemin Genelkurmay 2&#8217;inci Ba\u015fkan\u0131 Orgeneral Hasan I\u011fs\u0131z&#8217;\u0131n imzas\u0131n\u0131 ta\u015f\u0131yan belgede, kamuoyunu y\u00f6nlendirmek maksad\u0131yla kurulan internet sitelerinin yan\u0131 s\u0131ra g\u00fcnl\u00fck takip edilmesi maksad\u0131yla fi\u015flenen internet sitelerine de yer verilmi\u015fti.<\/p>\n<p style=\"text-align: justify;\">\u0130rtica ile M\u00fccadele Eylem Plan\u0131 iddianamesi&#8217;nde &#8216;kara propaganda&#8217; yapmak amac\u0131yla kurulan internet siteleriyle ilgili bilgilere verilmi\u015fti. Soru\u015fturmay\u0131 y\u00fcr\u00fcten savc\u0131lar\u0131n talebi do\u011frultusunda ara\u015ft\u0131rma yapan TR.NET Ortado\u011fu Yaz\u0131l\u0131m Hizmetleri A\u015e, Milli Savunma Bakanl\u0131\u011f\u0131&#8217;na ait IP numaralar\u0131n\u0131 kullanan bu sitelerin Genelkurmay&#8217;a ait oldu\u011funu tespit etmi\u015fti.<\/p>\n<p style=\"text-align: justify;\">Ergenekon soru\u015fturmas\u0131n\u0131 y\u00fcr\u00fcten savc\u0131lara me\u00e7hul subay taraf\u0131ndan g\u00f6nderilen ihbar mektubunda, \u0130rticayla M\u00fccadele Eylem Plan\u0131&#8217;n\u0131n, ordudaki cuntan\u0131n kilit ismi oldu\u011fu iddia edilen Org. I\u011fs\u0131z&#8217;\u0131n emri ve iki generalin katk\u0131s\u0131yla haz\u0131rland\u0131\u011f\u0131 \u00f6ne s\u00fcr\u00fclm\u00fc\u015ft\u00fc.<\/p>\n<p style=\"text-align: justify;\"><span style=\"color: #888888;\">CNN T\u00dcRK<\/span><\/p>\n","protected":false},"excerpt":{"rendered":"<p style=\"text-align: justify;\">Ergenekon soru\u015fturmas\u0131n\u0131 y\u00fcr\u00fcten Cumhuriyet Savc\u0131s\u0131 Zekeriya \u00d6z, Genelkurmay Ba\u015fkanl\u0131\u011f\u0131 1&#8217;inci Bilgi Destek \u015eube M\u00fcd\u00fcrl\u00fc\u011f\u00fc taraf\u0131ndan haz\u0131rland\u0131\u011f\u0131 ve d\u00f6nemin Genelkurmay 2&#8217;\u0131nci Ba\u015fkan\u0131 Orgeneral Hasan I\u011fs\u0131z&#8217;\u0131n imzas\u0131n\u0131 ta\u015f\u0131d\u0131\u011f\u0131 \u00f6ne s\u00fcr\u00fclen &#8220;internet and\u0131c\u0131&#8221;na ili\u015fkin soru\u015fturma ba\u015flatt\u0131. <\/p>\n","protected":false},"author":1,"featured_media":0,"comment_status":"open","ping_status":"closed","sticky":false,"template":"","format":"standard","meta":{"footnotes":""},"categories":[105],"tags":[],"class_list":["post-24499","post","type-post","status-publish","format-standard","hentry","category-gundem","odd"],"_links":{"self":[{"href":"http:\/\/www.korhanyilmaz.com\/index.php?rest_route=\/wp\/v2\/posts\/24499","targetHints":{"allow":["GET"]}}],"collection":[{"href":"http:\/\/www.korhanyilmaz.com\/index.php?rest_route=\/wp\/v2\/posts"}],"about":[{"href":"http:\/\/www.korhanyilmaz.com\/index.php?rest_route=\/wp\/v2\/types\/post"}],"author":[{"embeddable":true,"href":"http:\/\/www.korhanyilmaz.com\/index.php?rest_route=\/wp\/v2\/users\/1"}],"replies":[{"embeddable":true,"href":"http:\/\/www.korhanyilmaz.com\/index.php?rest_route=%2Fwp%2Fv2%2Fcomments&post=24499"}],"version-history":[{"count":0,"href":"http:\/\/www.korhanyilmaz.com\/index.php?rest_route=\/wp\/v2\/posts\/24499\/revisions"}],"wp:attachment":[{"href":"http:\/\/www.korhanyilmaz.com\/index.php?rest_route=%2Fwp%2Fv2%2Fmedia&parent=24499"}],"wp:term":[{"taxonomy":"category","embeddable":true,"href":"http:\/\/www.korhanyilmaz.com\/index.php?rest_route=%2Fwp%2Fv2%2Fcategories&post=24499"},{"taxonomy":"post_tag","embeddable":true,"href":"http:\/\/www.korhanyilmaz.com\/index.php?rest_route=%2Fwp%2Fv2%2Ftags&post=24499"}],"curies":[{"name":"wp","href":"https:\/\/api.w.org\/{rel}","templated":true}]}}