{"id":24495,"date":"2010-08-02T15:24:19","date_gmt":"2010-08-02T15:24:19","guid":{"rendered":"http:\/\/www.korhanyilmaz.com\/?p=24495"},"modified":"2012-01-24T01:06:59","modified_gmt":"2012-01-23T23:06:59","slug":"basbakani-sarsan-istifa","status":"publish","type":"post","link":"http:\/\/www.korhanyilmaz.com\/?p=24495","title":{"rendered":"Ba\u015fbakan&#8217;\u0131 sarsan istifa"},"content":{"rendered":"<p style=\"text-align: center;\"><a href=\"http:\/\/www.korhanyilmaz.com\/wp-content\/uploads\/2010\/08\/014.jpg\"  class=\"lightview\"><img loading=\"lazy\" decoding=\"async\" class=\"aligncenter  wp-image-24496\" src=\"http:\/\/www.korhanyilmaz.com\/wp-content\/uploads\/2010\/08\/014.jpg\" alt=\"\" width=\"288\" height=\"216\" \/><\/a><\/p>\n<p style=\"text-align: justify;\"><strong>Alparslan Korkmaz Ba\u015fbakanl\u0131k&#8217;a veda etti.<\/strong><\/p>\n<p style=\"text-align: justify;\">Ba\u015fbakanl\u0131k Yat\u0131r\u0131m Destek ve Tan\u0131t\u0131m Ajans\u0131 Ba\u015fkan\u0131 Alpaslan Korkmaz, g\u00f6revinden istifa etti. Korkmaz&#8217;\u0131n Ba\u015fbakan Erdo\u011fan ile bir s\u00fcredir fikir ayr\u0131l\u0131klar\u0131 ya\u015fad\u0131\u011f\u0131 iddia ediliyordu. <!--more--><\/p>\n<p style=\"text-align: justify;\">Korkmaz, Yat\u0131r\u0131m Destek ve Tan\u0131t\u0131m Ajans\u0131&#8217;nda, Temmuz 2006&#8217;daki kurulu\u015f a\u015famas\u0131ndan bu yana Ba\u015fkanl\u0131k g\u00f6revini y\u00fcr\u00fctmekteydi.Erdo\u011fan\u2019\u0131n tam yetki verdi\u011fi Korkmaz\u2019\u0131n konumu, \u2018bakanlar \u00fcst\u00fc\u2019 diye tan\u0131mlan\u0131yordu. Do\u011frudan Ba\u015fbakan\u2019a ba\u011fl\u0131 kurulan Yat\u0131r\u0131m Destek ve Tan\u0131t\u0131m Ajans\u0131\u2019n\u0131n ilk ba\u015fkan\u0131 olan Alpaslan Korkmaz, ayn\u0131 zamanda Erdo\u011fan\u2019\u0131n \u00f6zel dan\u0131\u015fmanl\u0131\u011f\u0131n\u0131 da y\u00fcr\u00fct\u00fcyordu.<\/p>\n<p style=\"text-align: justify;\">Korkmaz, yapt\u0131\u011f\u0131 yaz\u0131l\u0131 a\u00e7\u0131klamada, 31 A\u011fustos 2010 itibariyle g\u00f6revine veda edece\u011fini duyurdu.<\/p>\n<p style=\"text-align: justify;\">A\u00e7\u0131klamas\u0131nda, Ba\u015fbakan Recep Tayyip Erdo\u011fan&#8217;\u0131n takdirleri ile getirildi\u011fi g\u00f6revle, T\u00fcrkiye&#8217;nin ilk Yat\u0131r\u0131m Ajans\u0131n\u0131 kurma \u015ferefine nail oldu\u011fu i\u00e7in \u00e7ok mutlu oldu\u011funu belirten Korkmaz, \u015funlar\u0131 kaydetti:<\/p>\n<p style=\"text-align: justify;\">\u201c\u00dc\u00e7 y\u0131l\u0131 kapsayacak bir d\u00f6nem i\u00e7in getirildi\u011fim bu g\u00f6revi, 2009 y\u0131l\u0131 krizi ba\u015flay\u0131nca ek bir y\u0131l daha s\u00fcrd\u00fcrd\u00fcm. \u015eimdi bayra\u011f\u0131 teslim etme vakti geldi. Ba\u015fbakanl\u0131k Yat\u0131r\u0131m Destek ve Tan\u0131t\u0131m Ajans\u0131; bug\u00fcn sahip oldu\u011fu profesyonel, kurumsal ve vizyoner yap\u0131 paralelinde, \u00fclkemiz ad\u0131na \u00f6nemli \u00e7al\u0131\u015fmalara imza atmaya devam edecektir. G\u00f6revde kald\u0131\u011f\u0131m 4 y\u0131la yak\u0131n bu s\u00fcre\u00e7 i\u00e7erisinde vatan\u0131ma hizmet etmi\u015f olmaktan \u00f6t\u00fcr\u00fc b\u00fcy\u00fck onur duydum. Say\u0131n Ba\u015fbakan\u0131m\u0131za bana bu f\u0131rsat\u0131 verdikleri ve esirgemedikleri desteklerinden dolay\u0131 bir kez daha te\u015fekk\u00fcr\u00fc bor\u00e7 bilirim.\u201d<\/p>\n<p style=\"text-align: justify;\"><strong>80 B\u0130N \u015e\u0130RKETLE TEMAS <\/strong><\/p>\n<p style=\"text-align: justify;\">Yat\u0131r\u0131m Destek ve Tan\u0131t\u0131m Ajans\u0131ndan yap\u0131lan a\u00e7\u0131klamada da, Ajans\u0131n Ba\u015fkan\u0131 Alpaslan Korkmaz&#8217;\u0131n g\u00f6rev s\u00fcrecinde \u00f6ncelikle yap\u0131lanman\u0131n tamamland\u0131\u011f\u0131, 2006 y\u0131l\u0131nda kurulu\u015f ve organizasyon \u00e7al\u0131\u015fmalar\u0131n\u0131 tamamlayan Ajans\u0131n, bug\u00fcne kadar do\u011frudan 2 bini a\u015fk\u0131n projeye m\u00fcdahil oldu\u011fu bildirildi.<\/p>\n<p style=\"text-align: justify;\">D\u00fcnyada do\u011frudan 80 bin \u015firket ile temasa ge\u00e7ildi\u011fi belirtilen a\u00e7\u0131klamada, yurt i\u00e7i yap\u0131lanmas\u0131n\u0131n yan\u0131 s\u0131ra Ajans\u0131n 21 ayr\u0131 \u00fclkede 15 temsilcili\u011fi ile faaliyet g\u00f6sterdi\u011fi kaydedildi.<\/p>\n<p style=\"text-align: justify;\"><strong>ALPASLAN KORKMAZ K\u0130MD\u0130R?<\/strong><\/p>\n<p style=\"text-align: justify;\">Do\u011fma b\u00fcy\u00fcme \u0130svi\u00e7reli olan Korkmaz\u2019\u0131n \u0130svi\u00e7reli e\u015finden iki \u00e7ocu\u011fu bulunuyor. Alparslan Korkmaz, Kayserili bir i\u015f\u00e7i ailesinin \u00e7ocu\u011fu. Aile 1969 y\u0131l\u0131nda \u0130svi\u00e7re&#8221;ye g\u00f6\u00e7 etmi\u015f. Korkmaz 1970&#8243;te do\u011fmu\u015f ve t\u00fcm e\u011fitimini \u0130svi\u00e7re&#8221;de tamamlam\u0131\u015f. 9 dil bilen Korkmaz, i\u015fletme mezunu.<\/p>\n<p style=\"text-align: justify;\"><span style=\"color: #888888;\">Vatan<\/span><\/p>\n","protected":false},"excerpt":{"rendered":"<p style=\"text-align: center;\">\n<p style=\"text-align: justify;\">Alparslan Korkmaz Ba\u015fbakanl\u0131k&#8217;a veda etti.<\/p>\n<p style=\"text-align: justify;\">Ba\u015fbakanl\u0131k Yat\u0131r\u0131m Destek ve Tan\u0131t\u0131m Ajans\u0131 Ba\u015fkan\u0131 Alpaslan Korkmaz, g\u00f6revinden istifa etti. Korkmaz&#8217;\u0131n Ba\u015fbakan Erdo\u011fan ile bir s\u00fcredir fikir ayr\u0131l\u0131klar\u0131 ya\u015fad\u0131\u011f\u0131 iddia ediliyordu. <\/p>\n","protected":false},"author":1,"featured_media":0,"comment_status":"open","ping_status":"closed","sticky":false,"template":"","format":"standard","meta":{"footnotes":""},"categories":[105],"tags":[727],"class_list":["post-24495","post","type-post","status-publish","format-standard","hentry","category-gundem","tag-alparslan-korkmaz","odd"],"_links":{"self":[{"href":"http:\/\/www.korhanyilmaz.com\/index.php?rest_route=\/wp\/v2\/posts\/24495","targetHints":{"allow":["GET"]}}],"collection":[{"href":"http:\/\/www.korhanyilmaz.com\/index.php?rest_route=\/wp\/v2\/posts"}],"about":[{"href":"http:\/\/www.korhanyilmaz.com\/index.php?rest_route=\/wp\/v2\/types\/post"}],"author":[{"embeddable":true,"href":"http:\/\/www.korhanyilmaz.com\/index.php?rest_route=\/wp\/v2\/users\/1"}],"replies":[{"embeddable":true,"href":"http:\/\/www.korhanyilmaz.com\/index.php?rest_route=%2Fwp%2Fv2%2Fcomments&post=24495"}],"version-history":[{"count":0,"href":"http:\/\/www.korhanyilmaz.com\/index.php?rest_route=\/wp\/v2\/posts\/24495\/revisions"}],"wp:attachment":[{"href":"http:\/\/www.korhanyilmaz.com\/index.php?rest_route=%2Fwp%2Fv2%2Fmedia&parent=24495"}],"wp:term":[{"taxonomy":"category","embeddable":true,"href":"http:\/\/www.korhanyilmaz.com\/index.php?rest_route=%2Fwp%2Fv2%2Fcategories&post=24495"},{"taxonomy":"post_tag","embeddable":true,"href":"http:\/\/www.korhanyilmaz.com\/index.php?rest_route=%2Fwp%2Fv2%2Ftags&post=24495"}],"curies":[{"name":"wp","href":"https:\/\/api.w.org\/{rel}","templated":true}]}}