{"id":24492,"date":"2010-08-02T11:25:43","date_gmt":"2010-08-02T11:25:43","guid":{"rendered":"http:\/\/www.korhanyilmaz.com\/?p=24492"},"modified":"2010-08-02T11:25:43","modified_gmt":"2010-08-02T11:25:43","slug":"baydemire-bayrak-sorusturmasi","status":"publish","type":"post","link":"http:\/\/www.korhanyilmaz.com\/?p=24492","title":{"rendered":"Baydemir&#8217;e &#8220;bayrak&#8221; soru\u015fturmas\u0131"},"content":{"rendered":"<p style=\"text-align: center;\"><a href=\"http:\/\/www.korhanyilmaz.com\/wp-content\/uploads\/2010\/08\/013.jpg\"  class=\"lightview\"><img loading=\"lazy\" decoding=\"async\" class=\"aligncenter size-full wp-image-24493\" src=\"http:\/\/www.korhanyilmaz.com\/wp-content\/uploads\/2010\/08\/013.jpg\" alt=\"\" width=\"302\" height=\"234\" \/><\/a><\/p>\n<p style=\"text-align: justify;\">Tunceli Cumhuriyet Ba\u015fsavc\u0131l\u0131\u011f\u0131, Diyarbak\u0131r B\u00fcy\u00fck\u015fehir Belediye Ba\u015fkan\u0131 Osman Baydemir hakk\u0131nda &#8220;bayrak ve \u00f6zerklik&#8221; konu\u015fmas\u0131yla ilgili soru\u015fturma ba\u015flatt\u0131. <!--more--><\/p>\n<p style=\"text-align: justify;\">Diyarbak\u0131r B\u00fcy\u00fck\u015fehir Belediye Ba\u015fkan\u0131 Osman Baydemir, 31 Temmuz&#8217;da Tunceli&#8217;de kat\u0131ld\u0131\u011f\u0131 bir panelde, &#8220;\u00f6zerklik projesini&#8221; dile getirmi\u015f ve &#8220;Belediye binam\u0131z\u0131n \u00f6n\u00fcnde ay y\u0131ld\u0131zl\u0131 T\u00fcrk bayra\u011f\u0131m\u0131zla sar\u0131 k\u0131rm\u0131z\u0131 ye\u015fil bayra\u011f\u0131m\u0131z dalgalansa ne olur?&#8221; demi\u015fti.<\/p>\n<p style=\"text-align: justify;\">Baydemir&#8217;in bu a\u00e7\u0131klamas\u0131na Devlet Bakan\u0131 ve Ba\u015fbakan Yard\u0131mc\u0131s\u0131 Cemil \u00c7i\u00e7ek&#8217;ten sert tepki gelmi\u015f ve Baydemir i\u00e7in isim vermeden &#8220;Organlar\u0131 yer de\u011fi\u015ftirmi\u015f adam yerli yersiz konu\u015fmu\u015f yine&#8221; demi\u015fti.<\/p>\n<p style=\"text-align: justify;\">Yapt\u0131\u011f\u0131 konu\u015fma nedeniyle Baydemir hakk\u0131nda, Tunceli Cumhuriyet Ba\u015fsavc\u0131l\u0131\u011f\u0131 taraf\u0131ndan soru\u015fturma ba\u015flat\u0131ld\u0131. Tunceli Emniyet M\u00fcd\u00fcrl\u00fc\u011f\u00fc taraf\u0131ndan \u00e7ekilen g\u00f6r\u00fcnt\u00fc ve ses kay\u0131tlar\u0131n\u0131n \u00e7\u00f6z\u00fcm\u00fc yap\u0131ld\u0131.<\/p>\n<p style=\"text-align: justify;\">Daha sonra ses kayd\u0131, g\u00f6r\u00fcnt\u00fc ve ilgili belgeler, Tunceli Cumhuriyet Ba\u015fsavc\u0131l\u0131\u011f\u0131&#8217;na sunuldu. Bunun \u00fczerine, Tunceli Cumhuriyet Ba\u015fsavc\u0131l\u0131\u011f\u0131, Baydemir&#8217;in konu\u015fmas\u0131yla ilgili yapt\u0131\u011f\u0131 incelemenin ard\u0131ndan soru\u015fturma ba\u015flatt\u0131.<\/p>\n<p style=\"text-align: justify;\"><span style=\"color: #888888;\">CNN T\u00dcRK<\/span><\/p>\n","protected":false},"excerpt":{"rendered":"<p style=\"text-align: center;\">\n<p style=\"text-align: justify;\">Tunceli Cumhuriyet Ba\u015fsavc\u0131l\u0131\u011f\u0131, Diyarbak\u0131r B\u00fcy\u00fck\u015fehir Belediye Ba\u015fkan\u0131 Osman Baydemir hakk\u0131nda &#8220;bayrak ve \u00f6zerklik&#8221; konu\u015fmas\u0131yla ilgili soru\u015fturma ba\u015flatt\u0131. <\/p>\n","protected":false},"author":1,"featured_media":0,"comment_status":"open","ping_status":"closed","sticky":false,"template":"","format":"standard","meta":{"footnotes":""},"categories":[105],"tags":[],"class_list":["post-24492","post","type-post","status-publish","format-standard","hentry","category-gundem","odd"],"_links":{"self":[{"href":"http:\/\/www.korhanyilmaz.com\/index.php?rest_route=\/wp\/v2\/posts\/24492","targetHints":{"allow":["GET"]}}],"collection":[{"href":"http:\/\/www.korhanyilmaz.com\/index.php?rest_route=\/wp\/v2\/posts"}],"about":[{"href":"http:\/\/www.korhanyilmaz.com\/index.php?rest_route=\/wp\/v2\/types\/post"}],"author":[{"embeddable":true,"href":"http:\/\/www.korhanyilmaz.com\/index.php?rest_route=\/wp\/v2\/users\/1"}],"replies":[{"embeddable":true,"href":"http:\/\/www.korhanyilmaz.com\/index.php?rest_route=%2Fwp%2Fv2%2Fcomments&post=24492"}],"version-history":[{"count":0,"href":"http:\/\/www.korhanyilmaz.com\/index.php?rest_route=\/wp\/v2\/posts\/24492\/revisions"}],"wp:attachment":[{"href":"http:\/\/www.korhanyilmaz.com\/index.php?rest_route=%2Fwp%2Fv2%2Fmedia&parent=24492"}],"wp:term":[{"taxonomy":"category","embeddable":true,"href":"http:\/\/www.korhanyilmaz.com\/index.php?rest_route=%2Fwp%2Fv2%2Fcategories&post=24492"},{"taxonomy":"post_tag","embeddable":true,"href":"http:\/\/www.korhanyilmaz.com\/index.php?rest_route=%2Fwp%2Fv2%2Ftags&post=24492"}],"curies":[{"name":"wp","href":"https:\/\/api.w.org\/{rel}","templated":true}]}}