{"id":24488,"date":"2010-08-02T16:25:27","date_gmt":"2010-08-02T16:25:27","guid":{"rendered":"http:\/\/www.korhanyilmaz.com\/?p=24488"},"modified":"2010-08-02T16:25:27","modified_gmt":"2010-08-02T16:25:27","slug":"ak-partiden-chp-liderine-pinokyo-benzetmesi","status":"publish","type":"post","link":"http:\/\/www.korhanyilmaz.com\/?p=24488","title":{"rendered":"AK Parti&#8217;den CHP liderine &#8216;pinokyo&#8217; benzetmesi"},"content":{"rendered":"<p style=\"text-align: center;\"><a href=\"http:\/\/www.korhanyilmaz.com\/wp-content\/uploads\/2010\/08\/012.jpg\"  class=\"lightview\"><img loading=\"lazy\" decoding=\"async\" class=\"aligncenter size-full wp-image-24489\" src=\"http:\/\/www.korhanyilmaz.com\/wp-content\/uploads\/2010\/08\/012.jpg\" alt=\"\" width=\"307\" height=\"236\" \/><\/a><\/p>\n<p style=\"text-align: justify;\">AK Parti \u0130stanbul \u0130l Ba\u015fkan\u0131 Aziz Babu\u015f\u00e7u, &#8220;Bu kadar u\u00e7uk, bu kadar kopuk yalan \u00fczerine iftira \u00fczerine kurulmu\u015f bir propaganda. Say\u0131n K\u0131l\u0131\u00e7daro\u011flu&#8217;nun bu aralar burnu uzuyor. \u00c7\u00fcnk\u00fc bu aralar hi\u00e7 s\u0131k\u0131lmadan \u00e7ok yalan konu\u015fuyor. Pinokyo misali burnu uzuyor. Bizim i\u00e7in \u00f6nemli olan milletimizin ne d\u00fc\u015f\u00fcnd\u00fc\u011f\u00fcd\u00fcr. Nas\u0131l de\u011ferlendirdi\u011fidir&#8221; dedi. <!--more--><\/p>\n<p style=\"text-align: justify;\">AK Parti Ortak\u00f6y Refarandum \u0130rtibat Merkezi&#8217;nin a\u00e7\u0131l\u0131\u015f t\u00f6renine, Devlet Bakan\u0131 ve Ba\u015fm\u00fczakereci Egemen Ba\u011f\u0131\u015f ve AK Parti \u0130stanbul \u0130l Ba\u015fkan\u0131 Aziz Babu\u015f\u00e7u kat\u0131ld\u0131.<\/p>\n<p style=\"text-align: justify;\">A\u00e7\u0131l\u0131\u015fta konu\u015fan Devlet Bakan\u0131 ve Ba\u015fm\u00fczakereci Egemen Ba\u011f\u0131\u015f, yapt\u0131\u011f\u0131 konu\u015fmada 12 Eyl\u00fcl tarihine de\u011findi, &#8220;12 Eyl\u00fcl&#8217;de AK Parti&#8217;nin Anayasa paketi ile ilgili bir oylamaya kat\u0131lmayacaks\u0131n\u0131z. T\u00fcrkiye&#8217;nin \u00f6n\u00fcn\u00fc a\u00e7\u0131p a\u00e7mayan bir oylamaya kat\u0131lacaks\u0131n\u0131z. Sa\u011fc\u0131m\u0131z, solcumuz, K\u00fcrd\u00fcm\u00fcz, \u00c7erkezimiz, do\u011fulumuz, bat\u0131l\u0131m\u0131z, askerimiz, sivilimiz olabilir. Ama hepimiz bu \u00fclkeyi seviyor muyuz? \u00c7a\u011fda\u015f medeniyetler seviyesine \u00e7\u0131kmas\u0131n\u0131 istiyor muyuz? T\u00fcrkiye 31 Temmuz 1959&#8217;da Avrupa Ekonomik Toplulu\u011fu&#8217;na ilk ba\u015fvuruyu yapt\u0131. 51 y\u0131ld\u0131r Avrupa Birli\u011fi&#8217;ne \u00fcye olmaya \u00e7al\u0131\u015f\u0131yoruz. 51 y\u0131ld\u0131r darbe anayasas\u0131 ile y\u00f6netiliyoruz. Bu bir tesad\u00fcf m\u00fcd\u00fcr? Yunanistan, Portekiz gibi \u00fclkeler darbe anayasalar\u0131 ile ba\u015fvurdu. Ne zaman ki Anayasa de\u011fi\u015fti o zaman Avrupa Birli\u011fi&#8217;ne \u00fcye oldular&#8221; diye konu\u015ftu.<\/p>\n<p style=\"text-align: justify;\">CHP Genel Ba\u015fkan\u0131 Kemal K\u0131l\u0131\u00e7daro\u011flu&#8217;nu sert bir dille ele\u015ftiren Ba\u011f\u0131\u015f \u015f\u00f6yle devam etti:<\/p>\n<p style=\"text-align: justify;\">&#8220;Bug\u00fcnk\u00fc Anayasam\u0131z y\u00fcce devletten bahsediyor. Oysaki y\u00fcce olan insand\u0131r bireydir. \u0130nsan\u0131 y\u00fcce olmayan hi\u00e7 bir devlet y\u00fckselemez. \u0130nsan\u0131 y\u00fccelt ki devlet y\u00fccelsin. \u0130\u00e7eri\u011fini bilmemiz laz\u0131m neyi onaylad\u0131\u011f\u0131m\u0131z\u0131 bilmemiz laz\u0131m. E\u011fer yurt d\u0131\u015f\u0131na \u00e7\u0131k\u0131\u015f yasa\u011f\u0131n\u0131 sadece mahkemeler koysun diyorsak, ne oy verece\u011fiz? &#8216;evet.&#8217; Yoksa maliyededeki bir memurun iki duda\u011f\u0131 aras\u0131nda ona yasak buna yasak zihniyeti devam etsin diyorsak i\u015fte Pinokyo&#8217;lar\u0131n dedi\u011fini dinlersiniz. Bu \u00fclkede kamu \u00e7al\u0131\u015fanlar\u0131n\u0131n toplu s\u00f6zle\u015fme hakk\u0131na kavu\u015fmas\u0131n\u0131 istiyor musunuz?, istemiyor musunuz?<\/p>\n<p style=\"text-align: justify;\">Bu \u00fclkede art\u0131k fi\u015flenme gelene\u011finden vazge\u00e7ilsin diyorsan\u0131z. Bu \u00fclkeyi y\u00f6netmek isteyen \u00e7etelerin ekme\u011fine ya\u011f s\u00fcrmeyelim. O karanl\u0131k g\u00fc\u00e7ler geride kald\u0131. 11 bin hakim ve savc\u0131n\u0131n g\u00fcvenebilece\u011fi \u015feffaf bir yarg\u0131 mekanizmas\u0131 istiyorsak vatanda\u015f\u0131n mahkeme \u00f6n\u00fcnde kuyruk beklemesini istemiyorsak, h\u00fcr bir yarg\u0131ya kavu\u015fmas\u0131n\u0131 istiyorsak 12 Eyl\u00fcl g\u00fcn\u00fc evet diyece\u011fiz.&#8221;<\/p>\n<p style=\"text-align: justify;\"><strong>Babu\u015f\u00e7u&#8217;dan CHP&#8217;yi k\u0131zd\u0131racak a\u00e7\u0131klamalar <\/strong><\/p>\n<p style=\"text-align: justify;\">AK Parti \u0130stanbul \u0130l Ba\u015fkan\u0131 Aziz Babu\u015f\u00e7u ise muhalefetin Anayasa\u2019n\u0131n i\u00e7eri\u011fine hi\u00e7 bir itiraz\u0131n\u0131n olmad\u0131\u011f\u0131n\u0131 s\u00f6yleyerek, &#8220;Bizim insanlar\u0131m\u0131z Avrupa \u0130nsan Haklar\u0131 Mahkemeleri kap\u0131lar\u0131nda tabiki haklar\u0131n\u0131 aras\u0131nlar. Ama kendi i\u00e7 hukukunu t\u00fcketti\u011fi zaman bireysel ba\u015fvuru \u0130nsan Haklar\u0131 Mahkemesi&#8217;ne bireysel ba\u015fvurusunu yaps\u0131n. Buna kim itiraz edebilir. Ya da memurlara toplu s\u00f6zle\u015fme hakk\u0131 gtetiren bir d\u00fczenlemeye kim hay\u0131r diyeblir. Ama ideolojik bak\u0131\u015f a\u00e7\u0131s\u0131yla bug\u00fcn bir sendika bile hay\u0131r noktas\u0131nda yer alabiliyor. \u0130\u00e7erikten ziyade ideolojik tav\u0131r. Toplu s\u00f6zle\u015fme memurlara tan\u0131yorsunuz ama bir sendika bunun kar\u015f\u0131s\u0131nda yer alabiliyor. Meclis g\u00f6r\u00fc\u015fmelerinde baz\u0131 partiler oylamalara kat\u0131lmayarak tav\u0131r ald\u0131lar. \u00dc\u00e7 maddeyi \u00e7\u0131kart\u0131n gelin mecliste \u00e7\u00f6zelim, halk oylamas\u0131na gerek yok dediler. Bitanesi d\u00fc\u015ft\u00fc zaten parti kapatmayla ilgili olan. Di\u011fer ikisini de Anayasa Mahkemesi revize etti. \u015eimdi ise muhalefet milletvekillerini meclise girerek hay\u0131r bile vermedikleri d\u00fczenlemeye gidin hay\u0131r deyin diyor&#8221; diye konu\u015ftu.<\/p>\n<p style=\"text-align: justify;\"><strong>&#8220;Burnu uzuyor&#8221; <\/strong><\/p>\n<p style=\"text-align: justify;\">K\u0131l\u0131\u00e7daro\u011flu&#8217;nu Egemen Ba\u011f\u0131\u015f gibi Pinokyo&#8217;ya benzeten Babu\u015f\u00e7u, &#8220;Bu kadar u\u00e7uk, bu kadar kopuk yalan \u00fczerine iftira \u00fczerine kurulmu\u015f bir propaganda. Say\u0131n K\u0131l\u0131\u00e7daro\u011flu&#8217;nun bu aralar burnu uzuyor. \u00c7\u00fcnk\u00fc bu aralar hi\u00e7 s\u0131k\u0131lmadan \u00e7ok yalan konu\u015fuyor. Pinokyo misali burnu uzuyor. Bizim i\u00e7in \u00f6nemli olan milletimizin ne d\u00fc\u015f\u00fcnd\u00fc\u011f\u00fcd\u00fcr. Nas\u0131l de\u011ferlendirdi\u011fidir. Ramazanda in\u015fallah sokaklarda, caddelerde meydanlarda milletimizle birlikte olarak ne yapmak istedi\u011fimizi anlataca\u011f\u0131z&#8221; dedi.<\/p>\n<p style=\"text-align: justify;\"><span style=\"color: #888888;\">CNN T\u00dcRK<\/span><\/p>\n","protected":false},"excerpt":{"rendered":"<p style=\"text-align: center;\">\n<p style=\"text-align: justify;\">AK Parti \u0130stanbul \u0130l Ba\u015fkan\u0131 Aziz Babu\u015f\u00e7u, &#8220;Bu kadar u\u00e7uk, bu kadar kopuk yalan \u00fczerine iftira \u00fczerine kurulmu\u015f bir propaganda. Say\u0131n K\u0131l\u0131\u00e7daro\u011flu&#8217;nun bu aralar burnu uzuyor. \u00c7\u00fcnk\u00fc bu aralar hi\u00e7 s\u0131k\u0131lmadan \u00e7ok yalan konu\u015fuyor. Pinokyo misali burnu uzuyor. Bizim i\u00e7in \u00f6nemli olan milletimizin ne d\u00fc\u015f\u00fcnd\u00fc\u011f\u00fcd\u00fcr. Nas\u0131l de\u011ferlendirdi\u011fidir&#8221; dedi. <\/p>\n","protected":false},"author":1,"featured_media":0,"comment_status":"open","ping_status":"closed","sticky":false,"template":"","format":"standard","meta":{"footnotes":""},"categories":[105],"tags":[],"class_list":["post-24488","post","type-post","status-publish","format-standard","hentry","category-gundem","odd"],"_links":{"self":[{"href":"http:\/\/www.korhanyilmaz.com\/index.php?rest_route=\/wp\/v2\/posts\/24488","targetHints":{"allow":["GET"]}}],"collection":[{"href":"http:\/\/www.korhanyilmaz.com\/index.php?rest_route=\/wp\/v2\/posts"}],"about":[{"href":"http:\/\/www.korhanyilmaz.com\/index.php?rest_route=\/wp\/v2\/types\/post"}],"author":[{"embeddable":true,"href":"http:\/\/www.korhanyilmaz.com\/index.php?rest_route=\/wp\/v2\/users\/1"}],"replies":[{"embeddable":true,"href":"http:\/\/www.korhanyilmaz.com\/index.php?rest_route=%2Fwp%2Fv2%2Fcomments&post=24488"}],"version-history":[{"count":0,"href":"http:\/\/www.korhanyilmaz.com\/index.php?rest_route=\/wp\/v2\/posts\/24488\/revisions"}],"wp:attachment":[{"href":"http:\/\/www.korhanyilmaz.com\/index.php?rest_route=%2Fwp%2Fv2%2Fmedia&parent=24488"}],"wp:term":[{"taxonomy":"category","embeddable":true,"href":"http:\/\/www.korhanyilmaz.com\/index.php?rest_route=%2Fwp%2Fv2%2Fcategories&post=24488"},{"taxonomy":"post_tag","embeddable":true,"href":"http:\/\/www.korhanyilmaz.com\/index.php?rest_route=%2Fwp%2Fv2%2Ftags&post=24488"}],"curies":[{"name":"wp","href":"https:\/\/api.w.org\/{rel}","templated":true}]}}