{"id":24481,"date":"2010-08-02T12:42:50","date_gmt":"2010-08-02T12:42:50","guid":{"rendered":"http:\/\/www.korhanyilmaz.com\/?p=24481"},"modified":"2010-08-02T12:42:50","modified_gmt":"2010-08-02T12:42:50","slug":"yarsavdan-erdogana-mektup","status":"publish","type":"post","link":"http:\/\/www.korhanyilmaz.com\/?p=24481","title":{"rendered":"YARSAV&#8217;dan Erdo\u011fan&#8217;a mektup"},"content":{"rendered":"<p><a href=\"http:\/\/www.korhanyilmaz.com\/wp-content\/uploads\/2010\/08\/011.jpg\"  class=\"lightview\"><img loading=\"lazy\" decoding=\"async\" class=\"aligncenter size-full wp-image-24482\" src=\"http:\/\/www.korhanyilmaz.com\/wp-content\/uploads\/2010\/08\/011.jpg\" alt=\"\" width=\"292\" height=\"194\" \/><\/a><\/p>\n<p style=\"text-align: justify;\">Hatay mitinginde &#8220;Muhalefet partileri, PKK  ve hukuk kurulu\u015flar\u0131 bir arada&#8221; diyen Ba\u015fbakan Erdo\u011fan&#8217;a mektupla yan\u0131t geldi. YARSAV&#8217;dan Erdo\u011fan&#8217;a g\u00f6nderilen mektupta Ba\u015fbakan, <strong>halk\u0131 YARSAV&#8217;a kar\u015f\u0131 kin ve d\u00fc\u015fmanl\u0131\u011fa sevk etmekle<\/strong> su\u00e7land\u0131. <!--more--><\/p>\n<p style=\"text-align: justify;\">Erdo\u011fan&#8217;a hitaben yaz\u0131lan mektubu YARSAV Ba\u015fkan\u0131 Emine \u00dclker Tarhan kaleme ald\u0131. Ba\u015fbakan&#8217;\u0131 ayr\u0131\u015ft\u0131r\u0131c\u0131 haks\u0131z s\u00f6ylem kullanmakla su\u00e7lad\u0131 ve &#8220;<strong>YARSAV yokken de siz halk\u0131 kin ve d\u00fc\u015fmanl\u0131\u011fa tahrik etmekten mahkum edilmi\u015ftiniz<\/strong>&#8221; dedi.<\/p>\n<p style=\"text-align: justify;\">Tarhan, Ba\u015fbakan&#8217;\u0131n halen ayn\u0131 tavr\u0131 s\u00fcrd\u00fcrd\u00fc\u011f\u00fcn\u00fc iddia etti.<\/p>\n<p style=\"text-align: justify;\">&#8220;<strong>Hukukta bu duruma su\u00e7 i\u015fleme konusunda kararl\u0131l\u0131k ad\u0131 veriliyor<\/strong>&#8221; yorumunu yapan Tarhan mektubun sonunda Erdo\u011fan&#8217;a \u00e7a\u011fr\u0131da bulundu ve &#8220;<strong>Ki\u015fileri, kurumlar\u0131 hedef g\u00f6stermekten, toplumda kutupla\u015fmay\u0131 tahrik edecek s\u00f6ylevlerden uzak durun<\/strong>&#8221; diye yazd\u0131.<\/p>\n<p style=\"text-align: justify;\"><span style=\"color: #888888;\">CNN T\u00dcRK<\/span><\/p>\n","protected":false},"excerpt":{"rendered":"<\/p>\n<p style=\"text-align: justify;\">Hatay mitinginde &#8220;Muhalefet partileri, PKK ve hukuk kurulu\u015flar\u0131 bir arada&#8221; diyen Ba\u015fbakan Erdo\u011fan&#8217;a mektupla yan\u0131t geldi. YARSAV&#8217;dan Erdo\u011fan&#8217;a g\u00f6nderilen mektupta Ba\u015fbakan, halk\u0131 YARSAV&#8217;a kar\u015f\u0131 kin ve d\u00fc\u015fmanl\u0131\u011fa sevk etmekle su\u00e7land\u0131. <\/p>\n","protected":false},"author":1,"featured_media":0,"comment_status":"open","ping_status":"closed","sticky":false,"template":"","format":"standard","meta":{"footnotes":""},"categories":[105],"tags":[],"class_list":["post-24481","post","type-post","status-publish","format-standard","hentry","category-gundem","odd"],"_links":{"self":[{"href":"http:\/\/www.korhanyilmaz.com\/index.php?rest_route=\/wp\/v2\/posts\/24481","targetHints":{"allow":["GET"]}}],"collection":[{"href":"http:\/\/www.korhanyilmaz.com\/index.php?rest_route=\/wp\/v2\/posts"}],"about":[{"href":"http:\/\/www.korhanyilmaz.com\/index.php?rest_route=\/wp\/v2\/types\/post"}],"author":[{"embeddable":true,"href":"http:\/\/www.korhanyilmaz.com\/index.php?rest_route=\/wp\/v2\/users\/1"}],"replies":[{"embeddable":true,"href":"http:\/\/www.korhanyilmaz.com\/index.php?rest_route=%2Fwp%2Fv2%2Fcomments&post=24481"}],"version-history":[{"count":0,"href":"http:\/\/www.korhanyilmaz.com\/index.php?rest_route=\/wp\/v2\/posts\/24481\/revisions"}],"wp:attachment":[{"href":"http:\/\/www.korhanyilmaz.com\/index.php?rest_route=%2Fwp%2Fv2%2Fmedia&parent=24481"}],"wp:term":[{"taxonomy":"category","embeddable":true,"href":"http:\/\/www.korhanyilmaz.com\/index.php?rest_route=%2Fwp%2Fv2%2Fcategories&post=24481"},{"taxonomy":"post_tag","embeddable":true,"href":"http:\/\/www.korhanyilmaz.com\/index.php?rest_route=%2Fwp%2Fv2%2Ftags&post=24481"}],"curies":[{"name":"wp","href":"https:\/\/api.w.org\/{rel}","templated":true}]}}