{"id":24477,"date":"2010-08-02T12:13:03","date_gmt":"2010-08-02T12:13:03","guid":{"rendered":"http:\/\/www.korhanyilmaz.com\/?p=24477"},"modified":"2010-08-02T12:13:03","modified_gmt":"2010-08-02T12:13:03","slug":"gul-yas-raporundan-tatmin-olmadi","status":"publish","type":"post","link":"http:\/\/www.korhanyilmaz.com\/?p=24477","title":{"rendered":"G\u00fcl, YA\u015e raporundan tatmin olmad\u0131"},"content":{"rendered":"<p style=\"text-align: center;\"><a href=\"http:\/\/www.korhanyilmaz.com\/wp-content\/uploads\/2010\/08\/010.jpg\"  class=\"lightview\"><img loading=\"lazy\" decoding=\"async\" class=\"aligncenter size-full wp-image-24478\" src=\"http:\/\/www.korhanyilmaz.com\/wp-content\/uploads\/2010\/08\/010.jpg\" alt=\"\" width=\"346\" height=\"266\" \/><\/a><\/p>\n<p style=\"text-align: justify;\">Y\u00fcksek Askeri \u015eura&#8217;n\u0131n (YA\u015e) birinci toplant\u0131s\u0131n\u0131n ard\u0131ndan, Cumhurba\u015fkan\u0131 Abdullah G\u00fcl&#8217;\u00fcn Milli Savunma Bakanl\u0131\u011f\u0131&#8217;n\u0131n &#8220;hakk\u0131nda yakalama karar\u0131 bulunan 11 subay\u0131n terfisine engel yok&#8221; raporundan tatmin olmad\u0131\u011f\u0131 \u00f6\u011frenildi. Milliyet gazetesinin haberine g\u00f6re G\u00fcl, &#8220;Askeri b\u00fcrokrasiye ayr\u0131mc\u0131l\u0131k yap\u0131lmas\u0131n&#8221; dedi.<!--more--><\/p>\n<p style=\"text-align: justify;\">D\u00fcn ba\u015flayan kritik YA\u015e toplant\u0131s\u0131nda dikkatler, hafta i\u00e7i Cumhurba\u015fkan\u0131 G\u00fcl, Ba\u015fbakan Recep Tayyip Erdo\u011fan ve Genelkurmay  Ba\u015fkan\u0131 Orgeneral \u0130lker Ba\u015fbu\u011f aras\u0131ndaki zirvelerin de konusunu olu\u015fturan &#8220;Balyoz davas\u0131 kapsam\u0131nda hakk\u0131nda yakalama karar\u0131 \u00e7\u0131kar\u0131lan subaylar\u0131n terfisi&#8221;ne odakland\u0131.<\/p>\n<p style=\"text-align: justify;\">Milliyet gazetesinin haberine g\u00f6re Ba\u015fbu\u011f ile YA\u015e&#8217;a 22 saat kala kritik bir g\u00f6r\u00fc\u015fme yapan G\u00fcl&#8217;\u00fcn, Milli Savunma Bakanl\u0131\u011f\u0131&#8217;n\u0131n verdi\u011fi &#8220;hakk\u0131nda yakalama karar\u0131 bulunan 11 subay\u0131n terfisine engel yok&#8221; raporundan tatmin olmad\u0131\u011f\u0131 \u00f6\u011frenildi.<\/p>\n<p style=\"text-align: justify;\">G\u00fcl&#8217;\u00fcn &#8220;Sivil b\u00fcrokraside, Ankara Emniyet M\u00fcd\u00fcr\u00fc Orhan \u00d6zdemir gibi \u00f6rnekler ya\u015fan\u0131yor. Hakk\u0131nda karar \u00e7\u0131kan b\u00fcrokratlar a\u00e7\u0131\u011fa al\u0131n\u0131yor. Yakalama karar\u0131na ra\u011fmen subaylar\u0131n terfi ettirilmesi ayr\u0131mc\u0131l\u0131k g\u00f6r\u00fcnt\u00fcs\u00fcne neden olur&#8221; g\u00f6r\u00fc\u015f\u00fcn\u00fc dile getirdi\u011fi \u00f6\u011frenildi.<\/p>\n<p style=\"text-align: justify;\">Erdo\u011fan&#8217;\u0131n da G\u00fcl ile benzer g\u00f6r\u00fc\u015fleri payla\u015ft\u0131\u011f\u0131 ve mahkemenin karar\u0131n\u0131n beklenmesi gerekti\u011fini savundu\u011fu kulislere yans\u0131d\u0131.<\/p>\n<p style=\"text-align: justify;\">YA\u015e kararlar\u0131nda oy \u00e7oklu\u011fu askere ait, ama kararlar Cumhurba\u015fkan\u0131 onay\u0131 olmadan y\u00fcr\u00fcrl\u00fc\u011fe giremiyor.<\/p>\n<p style=\"text-align: justify;\">Bu y\u00fczden askerin de terfiler konusunda \u00e7ekimser kalarak, team\u00fcllerine ayk\u0131r\u0131 olmamas\u0131 nedeniyle, 11 subay\u0131n g\u00f6rev s\u00fcresini 1 y\u0131ll\u0131\u011f\u0131na uzatma form\u00fcl\u00fcn\u00fc benimseyebilece\u011fi ifade ediliyor.<\/p>\n<p style=\"text-align: justify;\">Askerin baz\u0131 isimlerde \u0131srarc\u0131 olmas\u0131 ise, YA\u015e&#8217;\u0131n son g\u00fcn\u00fcne kadar tansiyonu y\u00fcksek m\u00fczakerelere yol a\u00e7abilecek.<\/p>\n<p style=\"text-align: justify;\"><span style=\"color: #888888;\">CNN T\u00dcRK<\/span><\/p>\n","protected":false},"excerpt":{"rendered":"<p style=\"text-align: center;\">\n<p style=\"text-align: justify;\">Y\u00fcksek Askeri \u015eura&#8217;n\u0131n (YA\u015e) birinci toplant\u0131s\u0131n\u0131n ard\u0131ndan, Cumhurba\u015fkan\u0131 Abdullah G\u00fcl&#8217;\u00fcn Milli Savunma Bakanl\u0131\u011f\u0131&#8217;n\u0131n &#8220;hakk\u0131nda yakalama karar\u0131 bulunan 11 subay\u0131n terfisine engel yok&#8221; raporundan tatmin olmad\u0131\u011f\u0131 \u00f6\u011frenildi. Milliyet gazetesinin haberine g\u00f6re G\u00fcl, &#8220;Askeri b\u00fcrokrasiye ayr\u0131mc\u0131l\u0131k yap\u0131lmas\u0131n&#8221; dedi.<\/p>\n","protected":false},"author":1,"featured_media":0,"comment_status":"open","ping_status":"closed","sticky":false,"template":"","format":"standard","meta":{"footnotes":""},"categories":[105],"tags":[],"class_list":["post-24477","post","type-post","status-publish","format-standard","hentry","category-gundem","odd"],"_links":{"self":[{"href":"http:\/\/www.korhanyilmaz.com\/index.php?rest_route=\/wp\/v2\/posts\/24477","targetHints":{"allow":["GET"]}}],"collection":[{"href":"http:\/\/www.korhanyilmaz.com\/index.php?rest_route=\/wp\/v2\/posts"}],"about":[{"href":"http:\/\/www.korhanyilmaz.com\/index.php?rest_route=\/wp\/v2\/types\/post"}],"author":[{"embeddable":true,"href":"http:\/\/www.korhanyilmaz.com\/index.php?rest_route=\/wp\/v2\/users\/1"}],"replies":[{"embeddable":true,"href":"http:\/\/www.korhanyilmaz.com\/index.php?rest_route=%2Fwp%2Fv2%2Fcomments&post=24477"}],"version-history":[{"count":0,"href":"http:\/\/www.korhanyilmaz.com\/index.php?rest_route=\/wp\/v2\/posts\/24477\/revisions"}],"wp:attachment":[{"href":"http:\/\/www.korhanyilmaz.com\/index.php?rest_route=%2Fwp%2Fv2%2Fmedia&parent=24477"}],"wp:term":[{"taxonomy":"category","embeddable":true,"href":"http:\/\/www.korhanyilmaz.com\/index.php?rest_route=%2Fwp%2Fv2%2Fcategories&post=24477"},{"taxonomy":"post_tag","embeddable":true,"href":"http:\/\/www.korhanyilmaz.com\/index.php?rest_route=%2Fwp%2Fv2%2Ftags&post=24477"}],"curies":[{"name":"wp","href":"https:\/\/api.w.org\/{rel}","templated":true}]}}