{"id":24454,"date":"2010-07-27T23:53:02","date_gmt":"2010-07-27T23:53:02","guid":{"rendered":"http:\/\/www.korhanyilmaz.com\/?p=24454"},"modified":"2010-07-27T23:53:02","modified_gmt":"2010-07-27T23:53:02","slug":"basbakana-istedigi-zaman-ulasanbasbakanin-ogluna-villa-alaniranla-1milyar-euroluk-gaz-anlasmasi-yapan-is-adami-kim","status":"publish","type":"post","link":"http:\/\/www.korhanyilmaz.com\/?p=24454","title":{"rendered":"Ba\u015fbakan&#8217;a \u0130stedi\u011fi Zaman Ula\u015fan,Ba\u015fbakan&#8217;\u0131n O\u011fluna Villa Alan,\u0130ran&#8217;la 1Milyar Euroluk Gaz Anla\u015fmas\u0131 Yapan \u0130\u015f Adam\u0131 Kim?"},"content":{"rendered":"<p><a href=\"http:\/\/www.korhanyilmaz.com\/wp-content\/uploads\/2010\/08\/006.jpg\"  class=\"lightview\"><img loading=\"lazy\" decoding=\"async\" class=\"aligncenter size-full wp-image-24455\" src=\"http:\/\/www.korhanyilmaz.com\/wp-content\/uploads\/2010\/08\/006.jpg\" alt=\"\" width=\"250\" height=\"175\" \/><\/a><\/p>\n<p style=\"text-align: justify;\">Bundan 1,5 y\u0131l \u00f6nce gece yar\u0131s\u0131 girdi\u011fimiz bir haber var. Haberin giri\u015f paragraf\u0131 \u015f\u00f6yle:<\/p>\n<p style=\"text-align: justify;\">\u201c\u0130stanbul\u2019un g\u00fczide semti Emirgan s\u0131rtlar\u0131nda Re\u015fit Pa\u015fa ad\u0131nda bir muhit var.<\/p>\n<p style=\"text-align: justify;\">Muhitte, Aykan sokak 10 numarada da g\u00fczel bir villa var.<\/p>\n<p style=\"text-align: justify;\">Bir gen\u00e7 adam, Aykan 10 numaradaki villay\u0131 gezer ve pek be\u011fenir.<!--more--><\/p>\n<p style=\"text-align: justify;\">K\u0131sa s\u00fcre sonra bir ba\u015fka adam gelir ve villa sahibine \u2018Ka\u00e7a satars\u0131n\u0131z\u2019 diye sorar.<\/p>\n<p style=\"text-align: justify;\">Villan\u0131n sahibi bir Avusturyal\u0131d\u0131r. Avusturyal\u0131, m\u00fclk\u00fcn\u00fc satmak niyetinde olmad\u0131\u011f\u0131n\u0131 i\u00e7in u\u00e7uk bir fiyat s\u00f6yler: \u2018Bir milyon yedi y\u00fcz bin dolara satar\u0131m.\u2019<\/p>\n<p style=\"text-align: justify;\">Al\u0131c\u0131 hi\u00e7 \u00fcstelemez ve pazarl\u0131k yapmaz, \u2018tamam\u2019 der.\u201d<\/p>\n<p style=\"text-align: justify;\">O gen\u00e7 adam Ba\u015fbakan\u2019\u0131n o\u011flu Burak\u2019t\u0131r.<\/p>\n<p style=\"text-align: justify;\">Peki, kimdir paray\u0131 \u00f6deyen?<\/p>\n<p style=\"text-align: justify;\">Villa ofisin paras\u0131n\u0131 nakit \u00f6deyen ki\u015finin ad\u0131 S\u0131tk\u0131 Ayan.<\/p>\n<p style=\"text-align: justify;\">Nereden \u00e7\u0131kt\u0131 bu isim?<\/p>\n<p style=\"text-align: justify;\">****<\/p>\n<p style=\"text-align: justify;\">Hafta sonu (23 Temmuz) \u0130ran\u2019dan Londra, New York gibi finans merkezlerini dalgaland\u0131ran bir a\u00e7\u0131klama geldi. A\u00e7\u0131klamaya g\u00f6re; T\u00fcrkiye ile 1 milyar Euro yat\u0131r\u0131m ile bir boru hatt\u0131 in\u015faa etmek i\u00e7in anla\u015fmaya var\u0131ld\u0131. Boru hatt\u0131ndan Avrupa&#8217;ya gaz ihracat\u0131 ger\u00e7ekle\u015ftirilebilece\u011fi de s\u00f6yleniyordu.<\/p>\n<p style=\"text-align: justify;\">Enerji ve Tabii Kaynaklar Bakan\u0131 Taner Y\u0131ld\u0131z o g\u00fcn bir ba\u015fka AKP zenginin otelinde (Rixos\u2019ta) d\u00fczenlenen toplant\u0131ya kat\u0131lm\u0131\u015ft\u0131. Muhabirler sordu, Bakan Y\u0131ld\u0131z yan\u0131tlad\u0131:<\/p>\n<p style=\"text-align: justify;\">&#8220;Bota\u015f veya T\u00fcrkiye Cumhuriyeti Enerji Bakanl\u0131\u011f\u0131 olarak b\u00f6yle bir anla\u015fma imzalamad\u0131k&#8221;.<\/p>\n<p style=\"text-align: justify;\">Oysa anla\u015fma \u0130ran petrol bakan\u0131n\u0131n Y\u0131ld\u0131z ile g\u00f6r\u00fc\u015fmesi esnas\u0131nda imzalanm\u0131\u015ft\u0131.<\/p>\n<p style=\"text-align: justify;\">****<\/p>\n<p style=\"text-align: justify;\">Ayr\u0131nt\u0131l\u0131 a\u00e7\u0131klama ise ayn\u0131 g\u00fcn bir \u015firketten geldi. Mesela H\u00fcrriyet gazetesi bu a\u00e7\u0131klamay\u0131 \u015fu ba\u015fl\u0131kla verdi:<\/p>\n<p style=\"text-align: justify;\">\u201c\u0130ran ile 1 milyar Euro\u2019luk boru hatt\u0131 imzas\u0131ndan Som Petrol \u00e7\u0131kt\u0131.\u201d<\/p>\n<p style=\"text-align: justify;\">Kim bu Som petrol? Bu anla\u015fma nas\u0131l imzaland\u0131? Tabi kimse sormad\u0131. Hem h\u00fck\u00fcmet korkusundan hem de k\u00f6rle\u015fme tercihi y\u00fcz\u00fcnden.<\/p>\n<p style=\"text-align: justify;\">****<\/p>\n<p style=\"text-align: justify;\">Hani Burak\u2019a villa ofis alan S\u0131tk\u0131 Ayan vard\u0131 ya\u2026<\/p>\n<p style=\"text-align: justify;\">\u0130\u015fte Som petrol\u00fcn sahibi o S\u0131tk\u0131 Ayan\u2019d\u0131r. Kimse tan\u0131maz S\u0131tk\u0131 Ayan\u2019\u0131. Sivas\u2019\u0131n G\u00f6lova beldesinde do\u011fup b\u00fcy\u00fcm\u00fc\u015f olan Ayan, \u0130stanbul \u0130mam Hatip Lisesi ve ard\u0131ndan Ankara \u00dcniversitesi \u0130lahiyat Fak\u00fcltesini bitirmi\u015f dini b\u00fct\u00fcn bir insand\u0131r.<\/p>\n<p style=\"text-align: justify;\">Ayan \u00fcniversiteyi 1984 y\u0131l\u0131nda tamamlar. O g\u00fcnden itibaren serbest meslekle u\u011fra\u015f\u0131r. Serbest meslek denilince, m\u00fchendislik ofisi, berber, \u00e7ilingir gibi meslekleri anlamay\u0131n. \u0130lahiyat\u00e7\u0131 Ayan petrol i\u015fi yapar. Som Petrol\u2019\u00fcn merkezi de \u0130ngiltere Londra\u2019dad\u0131r. \u015eirket bilan\u00e7osunun b\u00fcy\u00fckl\u00fc\u011f\u00fc ise milyar dolarlarla ifade ediliyor.<\/p>\n<p style=\"text-align: justify;\">Peki G\u00f6lova\u2019l\u0131 Ayan nas\u0131l olur da b\u00f6ylesine zenginle\u015fir?<\/p>\n<p style=\"text-align: justify;\">****<\/p>\n<p style=\"text-align: justify;\">Yine 1.5 y\u0131l \u00f6nce yay\u0131nlad\u0131\u011f\u0131m\u0131z bir ba\u015fka haber daha var. Bu haberin giri\u015f paragraf\u0131 da \u015f\u00f6yle:<\/p>\n<p style=\"text-align: justify;\">\u201cT\u00fcrkiye\u2019nin hen\u00fcz tan\u0131mad\u0131\u011f\u0131 bir zenginden s\u00f6z edece\u011fim.<\/p>\n<p style=\"text-align: justify;\">Tan\u0131klardan dinledim; bu ki\u015fi telefonda Ba\u015fbakan\u2019a \u201cTayyip Bey\u201d diye sesleniyor. Eline telefonu ald\u0131\u011f\u0131nda dere tepe derken, fas\u0131las\u0131z 40 \u2013 45 dakika konu\u015fabiliyor.<\/p>\n<p style=\"text-align: justify;\">Bu ki\u015finin \u015firket merkezi yurtd\u0131\u015f\u0131nda ve \u0130ran ile Sudan\u2019da petrol ve do\u011falgaz kuyular\u0131 bulunuyor. Tabi kuyu imtiyazlar\u0131na nas\u0131l sahip oldu\u011fu ayr\u0131 bir hikaye. Yasal k\u0131s\u0131tlar nedeniyle \u015fimdilik isim veremiyorum ama zaten isimler de\u011fil, ili\u015fkiler ve servetin nas\u0131l kazan\u0131ld\u0131\u011f\u0131 \u00f6nem arz ediyor.\u201d<\/p>\n<p style=\"text-align: justify;\">Ba\u015fbakan\u2019la \u00e7at kap\u0131 g\u00f6r\u00fc\u015fen ki\u015fi de S\u0131tk\u0131 Ayan\u2019d\u0131r. Milyarlarca dolar\u0131, Euro\u2019yu y\u00f6netir. Ve biz bu isme \u0130ran\u2019la yap\u0131lan bir anla\u015fmada rastl\u0131yoruz.<\/p>\n<p style=\"text-align: justify;\">Atalar, per\u015fembenin geli\u015fi \u00e7ar\u015fambadan belli olur, derler. \u0130ran\u2019daki i\u015f tamam. S\u0131ra Sudan\u2019daki petrol kuyular\u0131n\u0131n de\u011ferlendirilmesine gelmi\u015f g\u00f6r\u00fcn\u00fcyor.<\/p>\n<p style=\"text-align: justify;\">Di\u011fer taraftan S\u0131tk\u0131 Ayan vakas\u0131, Ba\u015fbakan ve AKP H\u00fck\u00fcmetinin \u0130ran ve Sudan ilgisi bak\u0131m\u0131ndan da ilgin\u00e7 bir \u00f6rnek olu\u015fturuyor.<\/p>\n<p style=\"text-align: justify;\"><a href=\"http:\/\/www.korhanyilmaz.com\/?p=24458\"><span style=\"color: #0000ff;\"><span style=\"font-size: small;\"><strong>Ba\u015fbakan&#8217;\u0131n O\u011flu Burak&#8217;\u0131n Villa Ofisini Kim,Ka\u00e7a Ald\u0131?<\/strong><\/span><\/span> <strong><span style=\"color: #993300;\"><span style=\"background-color: #ffffff;\">&gt;&gt;<\/span><\/span><\/strong><\/a><\/p>\n<p style=\"text-align: justify;\"><a href=\"http:\/\/www.korhanyilmaz.com\/?p=24463\"><span style=\"color: #0000ff;\"><strong><span style=\"font-size: medium;\"><span style=\"font-size: small;\">Ba\u015fbakan&#8217;\u0131n O\u011fullar\u0131,Sudan&#8217;\u0131n Petrol\u00fc ve GEM\u0130LER&#8230;.<\/span> <\/span><\/strong><\/span><strong><span style=\"color: #993300;\">&gt;&gt;<\/span><\/strong><\/a><\/p>\n<p style=\"text-align: justify;\"><a href=\"http:\/\/www.odatv.com\/n.php?n=sitki-ayan-2707101200\" target=\"_blank\">Kaynak : Odatv.com<\/a><\/p>\n","protected":false},"excerpt":{"rendered":"<\/p>\n<p style=\"text-align: justify;\">Bundan 1,5 y\u0131l \u00f6nce gece yar\u0131s\u0131 girdi\u011fimiz bir haber var. Haberin giri\u015f paragraf\u0131 \u015f\u00f6yle:<\/p>\n<p style=\"text-align: justify;\">\u201c\u0130stanbul\u2019un g\u00fczide semti Emirgan s\u0131rtlar\u0131nda Re\u015fit Pa\u015fa ad\u0131nda bir muhit var.<\/p>\n<p style=\"text-align: justify;\">Muhitte, Aykan sokak 10 numarada da g\u00fczel bir villa var.<\/p>\n<p style=\"text-align: justify;\">Bir gen\u00e7 adam, Aykan 10 numaradaki villay\u0131 gezer ve pek be\u011fenir.<\/p>\n","protected":false},"author":1,"featured_media":0,"comment_status":"open","ping_status":"closed","sticky":false,"template":"","format":"standard","meta":{"footnotes":""},"categories":[105],"tags":[],"class_list":["post-24454","post","type-post","status-publish","format-standard","hentry","category-gundem","odd"],"_links":{"self":[{"href":"http:\/\/www.korhanyilmaz.com\/index.php?rest_route=\/wp\/v2\/posts\/24454","targetHints":{"allow":["GET"]}}],"collection":[{"href":"http:\/\/www.korhanyilmaz.com\/index.php?rest_route=\/wp\/v2\/posts"}],"about":[{"href":"http:\/\/www.korhanyilmaz.com\/index.php?rest_route=\/wp\/v2\/types\/post"}],"author":[{"embeddable":true,"href":"http:\/\/www.korhanyilmaz.com\/index.php?rest_route=\/wp\/v2\/users\/1"}],"replies":[{"embeddable":true,"href":"http:\/\/www.korhanyilmaz.com\/index.php?rest_route=%2Fwp%2Fv2%2Fcomments&post=24454"}],"version-history":[{"count":0,"href":"http:\/\/www.korhanyilmaz.com\/index.php?rest_route=\/wp\/v2\/posts\/24454\/revisions"}],"wp:attachment":[{"href":"http:\/\/www.korhanyilmaz.com\/index.php?rest_route=%2Fwp%2Fv2%2Fmedia&parent=24454"}],"wp:term":[{"taxonomy":"category","embeddable":true,"href":"http:\/\/www.korhanyilmaz.com\/index.php?rest_route=%2Fwp%2Fv2%2Fcategories&post=24454"},{"taxonomy":"post_tag","embeddable":true,"href":"http:\/\/www.korhanyilmaz.com\/index.php?rest_route=%2Fwp%2Fv2%2Ftags&post=24454"}],"curies":[{"name":"wp","href":"https:\/\/api.w.org\/{rel}","templated":true}]}}