{"id":24450,"date":"2010-08-01T10:07:45","date_gmt":"2010-08-01T10:07:45","guid":{"rendered":"http:\/\/www.korhanyilmaz.com\/?p=24450"},"modified":"2010-08-01T10:07:45","modified_gmt":"2010-08-01T10:07:45","slug":"kritik-yuksek-askeri-sura-toplantisi-basladi","status":"publish","type":"post","link":"http:\/\/www.korhanyilmaz.com\/?p=24450","title":{"rendered":"Kritik &#8216;Y\u00fcksek Askeri \u015eura&#8217; toplant\u0131s\u0131 ba\u015flad\u0131"},"content":{"rendered":"<p style=\"text-align: center;\"><a href=\"http:\/\/www.korhanyilmaz.com\/wp-content\/uploads\/2010\/08\/005.jpeg\"  class=\"lightview\"><img loading=\"lazy\" decoding=\"async\" class=\"aligncenter size-full wp-image-24451\" src=\"http:\/\/www.korhanyilmaz.com\/wp-content\/uploads\/2010\/08\/005.jpeg\" alt=\"\" width=\"357\" height=\"238\" \/><\/a><\/p>\n<p style=\"text-align: justify;\">Y\u00fcksek  Askeri \u015eura (YA\u015e), Ba\u015fbakan Recep Tayyip Erdo\u011fan&#8217;\u0131n ba\u015fkanl\u0131\u011f\u0131nda Genelkurmay Ba\u015fkanl\u0131\u011f\u0131 Karargah\u0131&#8217;nda topland\u0131. Ba\u015fbakan Erdo\u011fan, karargaha geli\u015finde Genelkurmay Ba\u015fkan\u0131 Orgeneral \u0130lker Ba\u015fbu\u011f taraf\u0131ndan kar\u015f\u0131land\u0131. <!--more--><\/p>\n<p style=\"text-align: justify;\">ANKARA &#8211; YA\u015e\u2019\u0131n A\u011fustos ay\u0131 ola\u011fan toplant\u0131s\u0131, \u00c7akmak Salonu\u2019nda saat 09.45\u2019te ba\u015flad\u0131.<\/p>\n<p style=\"text-align: justify;\">Toplant\u0131 \u00f6ncesinde, bas\u0131n mensuplar\u0131n\u0131n iki ayr\u0131 grup halinde k\u0131sa s\u00fcreli g\u00f6r\u00fcnt\u00fc almas\u0131na izin verildi. \u015eura\u2019da terfi s\u0131ras\u0131nda bulunan general, amiral ve albaylar\u0131n bir \u00fcst r\u00fctbeye y\u00fckseltilmesi, general ve amirallerin g\u00f6rev s\u00fcrelerinin uzat\u0131lmas\u0131 ve emeklilik i\u015flemleri ele al\u0131nacak.<\/p>\n<p style=\"text-align: justify;\">Disiplinsizlik ve ahlaki durumlar\u0131 nedeniyle T\u00fcrk Silahl\u0131 Kuvvetleri\u2019nden (TSK) ayr\u0131lacak personelin durumlar\u0131 ile TSK\u2019y\u0131 ilgilendiren di\u011fer konular da toplant\u0131da g\u00f6r\u00fc\u015f\u00fclecek.<\/p>\n<p style=\"text-align: justify;\">Genelkurmay Ba\u015fkan\u0131, kuvvet komutanlar\u0131 ile di\u011fer general ve amiral atama i\u015flemleri, Y\u00fcksek Askeri \u015eura faaliyetleri d\u0131\u015f\u0131nda, \u00f6zel kanunlarla belirlenen esas ve usullere g\u00f6re yap\u0131l\u0131yor.<\/p>\n<p style=\"text-align: justify;\">\u015eura kararlar\u0131n\u0131n 4 A\u011fustos \u00c7ar\u015famba g\u00fcn\u00fc Cumhurba\u015fkan\u0131 Abdullah G\u00fcl\u2019e sunulmas\u0131n\u0131n ard\u0131ndan kamuoyuna a\u00e7\u0131klanmas\u0131 bekleniyor.<\/p>\n<p style=\"text-align: justify;\">Toplant\u0131ya, Ba\u015fbakan Recep Tayyip Erdo\u011fan\u2019\u0131n yan\u0131 s\u0131ra Genelkurmay Ba\u015fkan\u0131 Orgeneral \u0130lker Ba\u015fbu\u011f, Milli Savunma Bakan\u0131 Vecdi G\u00f6n\u00fcl, Kara Kuvvetleri Komutan\u0131 Orgeneral I\u015f\u0131k Ko\u015faner, Deniz Kuvvetleri Komutan\u0131 Oramiral E\u015fref U\u011fur Yi\u011fit, Hava Kuvvetleri Komutan\u0131 Orgeneral Hasan Aksay, Jandarma Genel Komutan\u0131 Orgeneral Atila I\u015f\u0131k, 1. Ordu Komutan\u0131 Orgeneral Hasan I\u011fs\u0131z, 2. Ordu Komutan\u0131 Orgeneral Necdet \u00d6zel, 3. Ordu Komutan\u0131 Orgeneral Sald\u0131ray Berk, Ege Ordusu Komutan\u0131 Orgeneral Hayri K\u0131vr\u0131ko\u011flu, Genelkurmay \u0130kinci Ba\u015fkan\u0131 Orgeneral Aslan G\u00fcner, Kara Kuvvetleri Komutanl\u0131\u011f\u0131 E\u011fitim ve Doktrin Komutan\u0131 Orgeneral Erdal Ceylano\u011flu, Kara Kuvvetleri Komutanl\u0131\u011f\u0131 Kurmay Ba\u015fkan\u0131 Orgeneral Bekir Kalyoncu, Donanma Komutan\u0131 Oramiral Emin Murat Bilgel, Harp Akademileri Komutan\u0131 Orgeneral H\u00fcseyin Nusret Ta\u015fdeler, Genelkurmay \u0130kinci Ba\u015fkan Yard\u0131mc\u0131s\u0131 Orgeneral Bilgin Balanl\u0131 kat\u0131l\u0131yor.<\/p>\n<p style=\"text-align: justify;\"><strong>\u015eURA \u00dcYELER\u0130 ANITKAB\u0130R\u2019DE <\/strong><\/p>\n<p style=\"text-align: justify;\">Y\u00fcksek Askeri \u015eura (YA\u015e) \u00fcyeleri, Ba\u015fbakan Recep Tayyip Erdo\u011fan\u2019\u0131n ba\u015fkanl\u0131\u011f\u0131nda An\u0131tkabir\u2019i ziyaret etti. Ba\u015fbakan Erdo\u011fan\u2019\u0131n ba\u015fkanl\u0131\u011f\u0131nda Genelkurmay Ba\u015fkanl\u0131\u011f\u0131 Karargah\u0131nda y\u00fcr\u00fct\u00fclen \u00e7al\u0131\u015fmalar\u0131n ard\u0131ndan An\u0131tkabir\u2019e gelen \u015fura \u00fcyeleri, \u00fczerinde &#8220;YA\u015e \u00fcyeleri&#8221; yazan k\u0131rm\u0131z\u0131 ve beyaz karanfillerden olu\u015fan \u00e7elenkle Aslanl\u0131 Yol\u2019dan y\u00fcr\u00fcd\u00fc.<\/p>\n<p style=\"text-align: justify;\">Erdo\u011fan\u2019\u0131n Atat\u00fcrk\u2019\u00fcn mozolesine \u00e7elenk koymas\u0131n\u0131n ard\u0131ndan sayg\u0131 duru\u015funda bulunuldu. Daha sonra, Erdo\u011fan ba\u015fkanl\u0131\u011f\u0131ndaki heyet, Misak-\u0131 Milli Kulesi\u2019ne ge\u00e7ti. Burada An\u0131tkabir \u00d6zel Defteri\u2019ni imzalayan Erdo\u011fan, deftere \u015funlar\u0131 yazd\u0131:<\/p>\n<p style=\"text-align: justify;\">&#8220;Cumhuriyetimizin 87. kurulu\u015f y\u0131l d\u00f6n\u00fcm\u00fcn\u00fc idrak etti\u011fimiz bu d\u00f6nemde \u00fclkemizi daha demokratik, daha istikrarl\u0131, daha g\u00fcvenli, daha g\u00fc\u00e7l\u00fc ve daha ayd\u0131nl\u0131k yar\u0131nlara haz\u0131rlaman\u0131n millet\u00e7e \u00f6zverili m\u00fccadelesi i\u00e7indeyiz. Milletimizin g\u00f6z bebe\u011fi olan T\u00fcrk Silahl\u0131 Kuvvetlerimiz de \u00fclkemizin g\u00fcvenli\u011fi i\u00e7in fedakarca hizmet veriyor. B\u00fct\u00fcn kurum ve kurulu\u015flar\u0131m\u0131z\u0131n ortak dayan\u0131\u015fma duygusu i\u00e7inde hareket ediyor olmas\u0131, cumhuriyetimizin kurucusu Gazi Mustafa Kemal Atat\u00fcrk\u2019\u00fcn i\u015faret etti\u011fi muas\u0131r medeniyetler seviyesinin \u00fczerine \u00e7\u0131kma hedefine ula\u015fma y\u00f6n\u00fcndeki azmimizi ve \u00fcmidimizi art\u0131r\u0131yor. De\u011fi\u015fen, d\u00f6n\u00fc\u015fen, yenilenen \u015fartlar kar\u015f\u0131s\u0131nda daima haz\u0131rl\u0131kl\u0131 ve donan\u0131ml\u0131 olan T\u00fcrk Silahl\u0131 Kuvvetlerimiz a\u00e7\u0131s\u0131ndan Y\u00fcksek Askeri \u015eura \u00e7al\u0131\u015fmalar\u0131 b\u00fcy\u00fck \u00f6nem ta\u015f\u0131maktad\u0131r. Bu inan\u00e7la A\u011fustos 2010 Y\u00fcksek Askeri \u015eura \u00e7al\u0131\u015fmalar\u0131n\u0131n \u00fclkemize, milletimize ve T\u00fcrk Silahl\u0131 Kuvvetlerine hay\u0131rl\u0131 olmas\u0131n\u0131 temenni ediyorum.&#8221; (aa)<\/p>\n<p style=\"text-align: justify;\"><span style=\"color: #888888;\">Radikal<\/span><\/p>\n","protected":false},"excerpt":{"rendered":"<p style=\"text-align: center;\">\n<p style=\"text-align: justify;\">Y\u00fcksek Askeri \u015eura (YA\u015e), Ba\u015fbakan Recep Tayyip Erdo\u011fan&#8217;\u0131n ba\u015fkanl\u0131\u011f\u0131nda Genelkurmay Ba\u015fkanl\u0131\u011f\u0131 Karargah\u0131&#8217;nda topland\u0131. Ba\u015fbakan Erdo\u011fan, karargaha geli\u015finde Genelkurmay Ba\u015fkan\u0131 Orgeneral \u0130lker Ba\u015fbu\u011f taraf\u0131ndan kar\u015f\u0131land\u0131. <\/p>\n","protected":false},"author":1,"featured_media":0,"comment_status":"open","ping_status":"closed","sticky":false,"template":"","format":"standard","meta":{"footnotes":""},"categories":[105],"tags":[],"class_list":["post-24450","post","type-post","status-publish","format-standard","hentry","category-gundem","odd"],"_links":{"self":[{"href":"http:\/\/www.korhanyilmaz.com\/index.php?rest_route=\/wp\/v2\/posts\/24450","targetHints":{"allow":["GET"]}}],"collection":[{"href":"http:\/\/www.korhanyilmaz.com\/index.php?rest_route=\/wp\/v2\/posts"}],"about":[{"href":"http:\/\/www.korhanyilmaz.com\/index.php?rest_route=\/wp\/v2\/types\/post"}],"author":[{"embeddable":true,"href":"http:\/\/www.korhanyilmaz.com\/index.php?rest_route=\/wp\/v2\/users\/1"}],"replies":[{"embeddable":true,"href":"http:\/\/www.korhanyilmaz.com\/index.php?rest_route=%2Fwp%2Fv2%2Fcomments&post=24450"}],"version-history":[{"count":0,"href":"http:\/\/www.korhanyilmaz.com\/index.php?rest_route=\/wp\/v2\/posts\/24450\/revisions"}],"wp:attachment":[{"href":"http:\/\/www.korhanyilmaz.com\/index.php?rest_route=%2Fwp%2Fv2%2Fmedia&parent=24450"}],"wp:term":[{"taxonomy":"category","embeddable":true,"href":"http:\/\/www.korhanyilmaz.com\/index.php?rest_route=%2Fwp%2Fv2%2Fcategories&post=24450"},{"taxonomy":"post_tag","embeddable":true,"href":"http:\/\/www.korhanyilmaz.com\/index.php?rest_route=%2Fwp%2Fv2%2Ftags&post=24450"}],"curies":[{"name":"wp","href":"https:\/\/api.w.org\/{rel}","templated":true}]}}