{"id":24436,"date":"2010-08-01T08:49:21","date_gmt":"2010-08-01T08:49:21","guid":{"rendered":"http:\/\/www.korhanyilmaz.com\/?p=24436"},"modified":"2010-08-01T08:49:21","modified_gmt":"2010-08-01T08:49:21","slug":"baydemirden-olay-aciklamalar","status":"publish","type":"post","link":"http:\/\/www.korhanyilmaz.com\/?p=24436","title":{"rendered":"Baydemir&#8217;den olay a\u00e7\u0131klamalar&#8230;"},"content":{"rendered":"<p style=\"text-align: center;\"><a href=\"http:\/\/www.korhanyilmaz.com\/wp-content\/uploads\/2010\/08\/001.jpg\"  class=\"lightview\"><img loading=\"lazy\" decoding=\"async\" class=\"aligncenter size-full wp-image-24437\" src=\"http:\/\/www.korhanyilmaz.com\/wp-content\/uploads\/2010\/08\/001.jpg\" alt=\"\" width=\"468\" height=\"204\" \/><\/a><\/p>\n<p style=\"text-align: justify;\">Diyarbak\u0131r B\u00fcy\u00fck\u015fehir Belediye Ba\u015fkan\u0131 Osman Baydemir&#8217;den \u00e7ok tart\u0131\u015f\u0131lacak a\u00e7\u0131klamalar geldi. Baydemir Tunceli&#8217;deki panelde, &#8220;\u00f6zerklik projesini&#8221; dile getirdi; &#8220;<strong>Belediye binam\u0131z\u0131n \u00f6n\u00fcnde ay y\u0131ld\u0131zl\u0131 T\u00fcrk bayra\u011f\u0131m\u0131zla sar\u0131 k\u0131rm\u0131z\u0131 ye\u015fil bayra\u011f\u0131m\u0131z dalgalansa ne olur?<\/strong>&#8221; dedi. <!--more--><\/p>\n<p style=\"text-align: justify;\">&#8220;&#8230; belediye binam\u0131z\u0131n \u00f6n\u00fcnde ay y\u0131ld\u0131zl\u0131 T\u00fcrk bayra\u011f\u0131m\u0131zla sar\u0131-k\u0131rm\u0131z\u0131-ye\u015fil bayra\u011f\u0131m\u0131z dalgalansa ne olur&#8221; diye soran Baydemir, AK Parti&#8217;nin milli birlik ve beraberlik projesi olarak dillendirdi\u011fi a\u00e7\u0131l\u0131ma kar\u015f\u0131l\u0131k &#8220;Bir milli birlik ve beraberlik a\u00e7\u0131l\u0131m\u0131 da bizden&#8221; dedi.<\/p>\n<p style=\"text-align: justify;\">Baydemir, &#8220;Demokratik T\u00fcrkiye b\u00fct\u00fcn etnik kimliklerin, emek\u00e7ilerin inan\u00e7lar\u0131n hi\u00e7 birtanesinin kendisini d\u0131\u015far\u0131da g\u00f6rmedi\u011fi, bask\u0131lanmad\u0131\u011f\u0131, kendini \u00f6zg\u00fcrce ifade etti\u011fi ve ayn\u0131 zamanda gelir da\u011f\u0131l\u0131m\u0131nda da adeletin sa\u011fland\u0131\u011f\u0131 demokratik, m\u00fcreffeh bir T\u00fcrkiye yaratma projesidir. Peki demokratik m\u00fcreffeh bir T\u00fcrkiye nas\u0131l olacak? \u00d6zerk Do\u011fu Karadeniz olacak \u00d6zerk Orta Karadeniz olacak, ayn\u0131 zamanda Demokratik T\u00fcrkiye \u00d6zerk K\u00fcrdistan olacak. Biri \u00e7\u0131k\u0131p sen yanl\u0131\u015f anlam\u0131\u015fs\u0131n diyebilir ama ben b\u00f6yle anlad\u0131m. Ben b\u00f6yle yorumluyorum&#8221; dedi.<\/p>\n<p style=\"text-align: justify;\">&#8220;Demokratik \u00f6zerklik projesinde TBMM var olmaya kesinlikle devam edecektir&#8221; diyen Baydemir, &#8220;Asla buna bir itiraz yok TBMM devam edecektir \u0130stiklal Mar\u015f\u0131, T\u00fcrkiye&#8217;de okunmaya devam edecektir. Buna hi\u00e7bir itiraz yok T\u00fcrk bayra\u011f\u0131 T\u00fcrkiye&#8217;de dalgalanmaya devam edecektir. Buna da hi\u00e7bir itiraz\u0131m\u0131z yok ama bununla birlikte her b\u00f6lgede b\u00f6lgesel parlemento olacakt\u0131r. Bu b\u00f6lgesel parlamentolardan bir tanesi de K\u00fcrdistan B\u00f6lgesel Parlamentosu olacakt\u0131r. T\u00fcrk bayra\u011f\u0131n\u0131n yan\u0131nda T\u00fcrkiye bayra\u011f\u0131n\u0131n yan\u0131nda benim dedelerimin, hepinizin dedelerinin de katk\u0131s\u0131 ile \u00f6demi\u015f oldu\u011fu bedelle elde edilen ve \u015fu an as\u0131lan bayra\u011f\u0131n yan\u0131nda elbette ki K\u00fcrt halk\u0131n\u0131n da yerel renkleri, bayra\u011f\u0131 da g\u00f6ky\u00fcz\u00fcnde olackt\u0131r. Belediye binam\u0131z\u0131n \u00f6n\u00fcnde ay y\u0131ld\u0131zl\u0131 T\u00fcrk bayra\u011f\u0131m\u0131zla sar\u0131 k\u0131rm\u0131z\u0131 ye\u015fil bayra\u011f\u0131m\u0131z dalgalansa ne olur?&#8221; dedi.<\/p>\n<p style=\"text-align: justify;\"><span style=\"color: #888888;\">CNN T\u00dcRK<\/span><\/p>\n","protected":false},"excerpt":{"rendered":"<p style=\"text-align: center;\">\n<p style=\"text-align: justify;\">Diyarbak\u0131r B\u00fcy\u00fck\u015fehir Belediye Ba\u015fkan\u0131 Osman Baydemir&#8217;den \u00e7ok tart\u0131\u015f\u0131lacak a\u00e7\u0131klamalar geldi. Baydemir Tunceli&#8217;deki panelde, &#8220;\u00f6zerklik projesini&#8221; dile getirdi; &#8220;Belediye binam\u0131z\u0131n \u00f6n\u00fcnde ay y\u0131ld\u0131zl\u0131 T\u00fcrk bayra\u011f\u0131m\u0131zla sar\u0131 k\u0131rm\u0131z\u0131 ye\u015fil bayra\u011f\u0131m\u0131z dalgalansa ne olur?&#8221; dedi. <\/p>\n","protected":false},"author":1,"featured_media":0,"comment_status":"open","ping_status":"closed","sticky":false,"template":"","format":"standard","meta":{"footnotes":""},"categories":[105],"tags":[],"class_list":["post-24436","post","type-post","status-publish","format-standard","hentry","category-gundem","odd"],"_links":{"self":[{"href":"http:\/\/www.korhanyilmaz.com\/index.php?rest_route=\/wp\/v2\/posts\/24436","targetHints":{"allow":["GET"]}}],"collection":[{"href":"http:\/\/www.korhanyilmaz.com\/index.php?rest_route=\/wp\/v2\/posts"}],"about":[{"href":"http:\/\/www.korhanyilmaz.com\/index.php?rest_route=\/wp\/v2\/types\/post"}],"author":[{"embeddable":true,"href":"http:\/\/www.korhanyilmaz.com\/index.php?rest_route=\/wp\/v2\/users\/1"}],"replies":[{"embeddable":true,"href":"http:\/\/www.korhanyilmaz.com\/index.php?rest_route=%2Fwp%2Fv2%2Fcomments&post=24436"}],"version-history":[{"count":0,"href":"http:\/\/www.korhanyilmaz.com\/index.php?rest_route=\/wp\/v2\/posts\/24436\/revisions"}],"wp:attachment":[{"href":"http:\/\/www.korhanyilmaz.com\/index.php?rest_route=%2Fwp%2Fv2%2Fmedia&parent=24436"}],"wp:term":[{"taxonomy":"category","embeddable":true,"href":"http:\/\/www.korhanyilmaz.com\/index.php?rest_route=%2Fwp%2Fv2%2Fcategories&post=24436"},{"taxonomy":"post_tag","embeddable":true,"href":"http:\/\/www.korhanyilmaz.com\/index.php?rest_route=%2Fwp%2Fv2%2Ftags&post=24436"}],"curies":[{"name":"wp","href":"https:\/\/api.w.org\/{rel}","templated":true}]}}