{"id":24419,"date":"2010-07-26T17:51:51","date_gmt":"2010-07-26T17:51:51","guid":{"rendered":"http:\/\/www.korhanyilmaz.com\/?p=24419"},"modified":"2010-07-26T17:51:51","modified_gmt":"2010-07-26T17:51:51","slug":"polis-asker-korumayi-yumrukladi-iddiasi","status":"publish","type":"post","link":"http:\/\/www.korhanyilmaz.com\/?p=24419","title":{"rendered":"Polis asker korumay\u0131 yumruklad\u0131 iddias\u0131"},"content":{"rendered":"<p style=\"text-align: center;\"><a href=\"http:\/\/www.korhanyilmaz.com\/wp-content\/uploads\/2010\/07\/400.jpg\"  class=\"lightview\"><img loading=\"lazy\" decoding=\"async\" class=\"size-full wp-image-24420 aligncenter\" src=\"http:\/\/www.korhanyilmaz.com\/wp-content\/uploads\/2010\/07\/400.jpg\" alt=\"\" width=\"396\" height=\"198\" \/><\/a><\/p>\n<p style=\"text-align: justify;\">Yo\u011fun bak\u0131ma al\u0131nan Do\u011fan\u2019\u0131n avukatlar\u0131 yakalama karar\u0131na itiraz etti<\/p>\n<p style=\"text-align: justify;\">BALYOZ G\u00fcvenlik Harekat Plan\u0131 davas\u0131nda hakk\u0131nda yakalama karar\u0131 \u00e7\u0131kart\u0131lan ve teslim olmak \u00fczere \u0130stanbul\u2019a gelirken Bodrum Milas Havaliman\u0131\u2019nda yakalanarak g\u00f6zalt\u0131na al\u0131nan 1\u2019inci Ordu eski Komutan\u0131 emekli Orgeneral \u00c7etin Do\u011fan kalp krizi ge\u00e7irme riski oldu\u011fu gerek\u00e7esi ile Dr. Siyami Ersek G\u00f6\u011f\u00fcs Kalp ve Damar Cerrahisi E\u011fitim ve Ara\u015ft\u0131rma Hastanesi\u2019nin yo\u011fun bak\u0131m servisine yat\u0131r\u0131ld\u0131.<!--more--><\/p>\n<p style=\"text-align: justify;\">Emekli Orgeneral \u00c7etin Do\u011fan, emekli Tu\u011fgeneral S\u00fcha Tanyeri ve Albay Dursun \u00c7i\u00e7ek\u2019in avukatlar\u0131 Celal \u00dclgen ve H\u00fcseyin Ers\u00f6z \u0130stanbul 10\u2019uncu A\u011f\u0131r Ceza Mahkemesi\u2019ne ba\u015fvurarak yakalama karar\u0131n\u0131n geri al\u0131nmas\u0131n\u0131, al\u0131nmad\u0131\u011f\u0131 taktirde itiraz\u0131n de\u011ferlendirilmesi i\u00e7in \u0130stanbul 11\u2019inci A\u011f\u0131r Ceza Mahkemesi\u2019ne g\u00f6nderilmesini istedi.<\/p>\n<p style=\"text-align: justify;\">Avukat Celal \u00dclgen ve H\u00fcseyin Ers\u00f6z ayr\u0131ca yakalama karar\u0131 \u00e7\u0131kartan hakimler Davut Bedir, Ali Efendi Peksak ve Murat \u00dcr\u00fcnd\u00fc hakk\u0131nda da reddi hakim talebinde bulundu.<\/p>\n<p style=\"text-align: justify;\"><strong>DAHA \u00d6NCE KA\u00c7MADILAR<\/strong><\/p>\n<p style=\"text-align: justify;\">Mahkemeye verilen yakamala karar\u0131na itiraz dilek\u00e7esinde san\u0131klar hakk\u0131nda daha \u00f6ncede yakalama karar\u0131 \u00e7\u0131kt\u0131\u011f\u0131 hat\u0131rlat\u0131larak &#8220;Bu s\u00fcre\u00e7te tutuklama \u015fartlar\u0131 \u00e7er\u00e7evesinde say\u0131lan \u201cka\u00e7ma&#8221; ve \u201cdelilleri karartma\u201c y\u00f6n\u00fcnde bir eylem i\u00e7inde olmam\u0131\u015flard\u0131r&#8221; denilerek yakalama karar\u0131n\u0131 \u00f6\u011frenir \u00f6\u011frenmez adliyeye gelerek teslim olduklar\u0131 belirtildi.<\/p>\n<p style=\"text-align: justify;\">Balyoz G\u00fcvenlik Harekat Plan\u0131 davas\u0131n\u0131n g\u00f6r\u00fclece\u011fi \u0130stanbul 10\u2019uncu A\u011f\u0131r Ceza Mahkemesi\u2019nin tensip karar\u0131n\u0131n usul ve esas a\u00e7\u0131s\u0131ndan bir \u00e7ok hukuka ayk\u0131r\u0131l\u0131\u011f\u0131 i\u00e7inde bar\u0131d\u0131rd\u0131\u011f\u0131 ifade edilen dilek\u00e7ede \u015funlara yer veridi:<\/p>\n<p style=\"text-align: justify;\">&#8220;Yakalama karar\u0131n\u0131 veren mahkeme bu dosyan\u0131n s\u0131n\u0131klar\u0131n\u0131n daha \u00f6nce tahliye edildi\u011fini ve \u00f6zg\u00fcr olmalar\u0131n\u0131n bir mahkeme karar\u0131na ba\u011fl\u0131 bulundu\u011funu g\u00f6rmezden gelmi\u015ftir. Say\u0131n mahkeme hukukta yok say\u0131lacak bir karar ile \u2019yakalama emri\u2019 vermi\u015ftir. Mahkemenin bu karar\u0131 hi\u00e7 ku\u015fkusuz Avrupa \u0130nsan Haklar\u0131 S\u00f6zle\u015fmesi\u2019nin 6\u2019nc\u0131 maddesinde d\u00fczenlenen adil yarg\u0131lama hakk\u0131na da ayk\u0131r\u0131l\u0131k olu\u015fturmaktad\u0131r. \u00c7\u00fcnk\u00fc mahkemelerin bir ka\u00e7 ay ya da g\u00fcn aral\u0131\u011f\u0131 ile birbirine tamamen farkl\u0131 kararlar vermesi, bir tahliye, bir tutukluluk \u015feklinde bu kararlar\u0131n de\u011fi\u015fmessi \u00e7\u0131plak g\u00f6zle dahi g\u00f6r\u00fclecek bir A\u0130HS ihlalidir. Mahkeme bu ihlali gidermek i\u00e7in bir A\u0130HM karar\u0131 beklemek yerine ivedi olarak kendisi bu hatadan d\u00f6nmelidir.&#8221;<\/p>\n<p style=\"text-align: justify;\">Emekli Orgeneral \u00c7etin Do\u011fan ve emekli Tu\u011fgeneral S\u00fcha Tanyeri\u2019nin Balyoz G\u00fcvenlik Harekat Plan\u0131 soru\u015fturmas\u0131 kapsam\u0131nda daha \u00f6nce iki kez tutukland\u0131\u011f\u0131 hat\u0131rlat\u0131lan dilek\u00e7ede davan\u0131n g\u00f6r\u00fclece\u011fi \u0130stanbul 10\u2019uncu A\u011f\u0131r Ceza Mahkemesi \u00fcye hakimi Ali Efendi Peksak\u2019\u0131n ilk tutuklamay\u0131 yapan hakim oldu\u011fu belirtildi.<\/p>\n<p style=\"text-align: justify;\"><strong>YARGI\u00c7LARA EMANET ED\u0130LEN G\u00dcC\u00dcN HUKUK DI\u015eI KULLANIMI<\/strong><\/p>\n<p style=\"text-align: justify;\">Hakim Ali Efendi Peksak\u2019\u0131n da imzas\u0131n\u0131n bulundu\u011fu 102 ki\u015fi hakk\u0131ndaki yakalama karar\u0131n\u0131n daha \u00f6nce Ali Efendi Peksak taraf\u0131ndan verilen tutuklama karar\u0131 ile ayn\u0131 gerek\u00e7eleri i\u00e7erdi\u011fi ifade edilen dilek\u00e7ede, &#8220;D\u00fcnyada \u00f6rne\u011fi g\u00f6r\u00fclmeyecek \u015fekilde m\u00fcvekkilerimizle birlikte toplam 102 ki\u015finin yakalanmas\u0131 yakalanmas\u0131na ili\u015fkin karardaki gerek\u00e7esizlik de yine ayn\u0131 soyut husular\u0131 i\u00e7ermektedir. Gerek\u00e7esizlik keyfilik demektir. Gerek\u00e7e hem san\u0131\u011f\u0131, hem vekilini hem de yarg\u0131c\u0131n kendisini tatmin edecek \u00f6l\u00e7\u00fcde a\u00e7\u0131k net ve somut olmal\u0131 san\u0131\u011f\u0131n ve avukat\u0131n\u0131n d\u00fc\u015f\u00fcnd\u00fc\u011f\u00fc t\u00fcm sorulara yan\u0131t vermelidir. 102 san\u0131k hakk\u0131nda yakalama karar\u0131 \u00e7\u0131kar\u0131lmas\u0131, bu tutuklama ya da yakalama karar\u0131na g\u00f6sterilen gerek\u00e7e, yarg\u0131\u00e7lara emanet edilen g\u00fcc\u00fcn hukuk d\u0131\u015f\u0131nda kullan\u0131lmas\u0131ndan ibarettir. Bu gerek\u00e7e hukukumuzun temelini olu\u015fturan t\u00fcm de\u011ferleri (toplumsal ya da demokratik de\u011ferler de dahil) tahrip edici niteliktedir&#8221; denildi.<\/p>\n<p style=\"text-align: justify;\"><strong>POL\u0130SLER ASKER KORUMALARA SALDIRDI <\/strong><\/p>\n<p style=\"text-align: justify;\">Celal \u00dclgen yapt\u0131\u011f\u0131 a\u00e7\u0131klamada \u00c7etin Do\u011fan\u2019\u0131n d\u00fcn 17.45 u\u00e7a\u011f\u0131 ile \u0130stanbul\u2019a gelirken Bodrum Milas Havaliman\u0131\u2019nda yakalama karar\u0131 oldu\u011fu gerek\u00e7esi ile polisler taraf\u0131ndan al\u0131 konuldu\u011funu belirtetek \u015funlar\u0131 s\u00f6yledi:<\/p>\n<p style=\"text-align: justify;\">&#8220;Polisler \u2019sizin yakalanman\u0131z var. Bu nedenle sizi u\u00e7akla g\u00f6nderemeyiz, sizi al\u0131koyaca\u011f\u0131z\u2019 demi\u015fler. \u00c7etin Pa\u015fa da \u2019Karde\u015fim bunu sa\u011f\u0131r sultan biliyor. \u0130stanbul\u2019a gidiyorum. Biletim \u0130stanbul\u2019a, u\u00e7ak \u0130stanbul u\u00e7a\u011f\u0131. Haber verin \u0130stanbul\u2019da u\u00e7aktan inince gelsin als\u0131nlar. Kald\u0131 ki ben sabah adliyeye gidece\u011fim\u2019 demi\u015f. Bu itiraza ra\u011fmen polis al\u0131koymaya devam edince devreye Milas ba\u015fsavc\u0131s\u0131 giriyor ve savc\u0131 polis nezaretinde u\u00e7akla \u0130stanbul\u2019a g\u00f6nderilmesini sa\u011fl\u0131yor. Ancak u\u00e7ak havaalan\u0131nda 45 dakika bekletiliyor. Bu arada Milas savc\u0131l\u0131\u011f\u0131 ile irtibat kurulmadan \u00f6nce baz\u0131 polisler \u00c7etin Pa\u015fa\u2019n\u0131n asker olan korumalar\u0131na sald\u0131r\u0131l\u0131yor ve birini yumrukluyorlar.&#8221;<\/p>\n<p style=\"text-align: justify;\"><strong>KALP KR\u0130Z\u0130 GE\u00c7\u0130RME R\u0130SK\u0130 VAR <\/strong><\/p>\n<p style=\"text-align: justify;\">Emekli Orgeneral \u00c7etin Do\u011fan\u2019\u0131n ya\u015fad\u0131\u011f\u0131 yo\u011fun stres nedeniyle Atat\u00fcrk Havaliman\u0131\u2019na indikten sonra Adli T\u0131p Kurumu\u2019na g\u00f6t\u00fcr\u00fclerek doktor kontrolunden ge\u00e7irildi\u011fini ifade eden avukat Celal \u00dclgen, &#8220;Burada yap\u0131lan kontrol\u00fcn ard\u0131ndan doktor kalp krizi riski bulundu\u011funu belirterek bu haliyle Ter\u00f6rle M\u00fccadele \u015eube M\u00fcd\u00fcrl\u00fc\u011f\u00fc\u2019ne g\u00f6nderemeyece\u011fini, normal bir vatanda\u015f da olsa evine g\u00f6nderemeyece\u011fini s\u00f6yledi. \u00c7etin Pa\u015fa\u2019y\u0131 \u0130stanbul \u00dcniversitesi \u00c7apa T\u0131p Fak\u00fcltesi\u2019ne sevk etti. Burada yap\u0131lan tetkikler sonras\u0131nda da daha \u00f6nce muayenesi yap\u0131lan Dr. Siyami Ersek G\u00f6\u011f\u00fcs Kalp ve Damar Cerrahisi E\u011fitim ve Ara\u015ft\u0131rma Hastanesi\u2019ne g\u00f6nderildi. Gece saat 03.00\u2019de yat\u0131\u015f\u0131 yap\u0131ld\u0131. \u00c7etin Pa\u015fa geceyi yo\u011fun bak\u0131mda ge\u00e7irdi. \u015eu anda da yo\u011fun bak\u0131mda. Kalp krizi tehditi devam ediyor&#8221; dedi.<\/p>\n<p style=\"text-align: justify;\">M\u00fcvekkili emekli Tu\u011fgeneral S\u00fcha Tanyeri\u2019nin de \u0130stanbul\u2019a geldi\u011fini belireten avukat Celal \u00dclgen, &#8220;Geli\u015fmelere g\u00f6re bir \u015fekilde getirip teslim edece\u011fiz. Bir gazetede yakalaman\u0131n uygulanmayaca\u011f\u0131 yaz\u0131lm\u0131\u015ft\u0131. Milas savc\u0131s\u0131 sisteme girdi\u011finde yakalama karar\u0131n\u0131n kaydedildi\u011fini g\u00f6rd\u00fc. Yani b\u00f6yle bir \u015fey yok. S\u00fcha Tanyeri\u2019nin gelip gelmeyece\u011fini g\u00f6r\u00fc\u015fmemiz belirleyecek. Reddi hakim talebinde de bulundu\u011fumuz i\u00e7in \u015fu anda bu geli\u015fmeleri izliyoruz&#8221; dedi.<\/p>\n<p style=\"text-align: justify;\">Av. Celal \u00dclgen, \u0130rtaci ile M\u00fccadele Eylem Plan\u0131\u2019n\u0131n alt\u0131nda \u0131slak imzas\u0131 bulundu\u011fu gerek\u00e7esi ile tutuklu yarg\u0131lanan Dursun \u00c7i\u00e7ek hakk\u0131nda Balyoz G\u00fcvenlik Harekat Plan\u0131 davas\u0131nda da yakalama \u00e7\u0131kart\u0131lmas\u0131n\u0131n anlams\u0131z oldu\u011funu s\u00f6yledi.<\/p>\n<p style=\"text-align: justify;\"><span style=\"color: #888888;\">Vatan<\/span><\/p>\n","protected":false},"excerpt":{"rendered":"<p style=\"text-align: center;\">\n<p style=\"text-align: justify;\">Yo\u011fun bak\u0131ma al\u0131nan Do\u011fan\u2019\u0131n avukatlar\u0131 yakalama karar\u0131na itiraz etti<\/p>\n<p style=\"text-align: justify;\">BALYOZ G\u00fcvenlik Harekat Plan\u0131 davas\u0131nda hakk\u0131nda yakalama karar\u0131 \u00e7\u0131kart\u0131lan ve teslim olmak \u00fczere \u0130stanbul\u2019a gelirken Bodrum Milas Havaliman\u0131\u2019nda yakalanarak g\u00f6zalt\u0131na al\u0131nan 1\u2019inci Ordu eski Komutan\u0131 emekli Orgeneral \u00c7etin Do\u011fan kalp krizi ge\u00e7irme riski oldu\u011fu gerek\u00e7esi ile Dr. Siyami Ersek <\/p>\n","protected":false},"author":1,"featured_media":0,"comment_status":"open","ping_status":"closed","sticky":false,"template":"","format":"standard","meta":{"footnotes":""},"categories":[105],"tags":[],"class_list":["post-24419","post","type-post","status-publish","format-standard","hentry","category-gundem","odd"],"_links":{"self":[{"href":"http:\/\/www.korhanyilmaz.com\/index.php?rest_route=\/wp\/v2\/posts\/24419","targetHints":{"allow":["GET"]}}],"collection":[{"href":"http:\/\/www.korhanyilmaz.com\/index.php?rest_route=\/wp\/v2\/posts"}],"about":[{"href":"http:\/\/www.korhanyilmaz.com\/index.php?rest_route=\/wp\/v2\/types\/post"}],"author":[{"embeddable":true,"href":"http:\/\/www.korhanyilmaz.com\/index.php?rest_route=\/wp\/v2\/users\/1"}],"replies":[{"embeddable":true,"href":"http:\/\/www.korhanyilmaz.com\/index.php?rest_route=%2Fwp%2Fv2%2Fcomments&post=24419"}],"version-history":[{"count":0,"href":"http:\/\/www.korhanyilmaz.com\/index.php?rest_route=\/wp\/v2\/posts\/24419\/revisions"}],"wp:attachment":[{"href":"http:\/\/www.korhanyilmaz.com\/index.php?rest_route=%2Fwp%2Fv2%2Fmedia&parent=24419"}],"wp:term":[{"taxonomy":"category","embeddable":true,"href":"http:\/\/www.korhanyilmaz.com\/index.php?rest_route=%2Fwp%2Fv2%2Fcategories&post=24419"},{"taxonomy":"post_tag","embeddable":true,"href":"http:\/\/www.korhanyilmaz.com\/index.php?rest_route=%2Fwp%2Fv2%2Ftags&post=24419"}],"curies":[{"name":"wp","href":"https:\/\/api.w.org\/{rel}","templated":true}]}}