{"id":24407,"date":"2010-07-23T17:34:16","date_gmt":"2010-07-23T17:34:16","guid":{"rendered":"http:\/\/www.korhanyilmaz.com\/?p=24407"},"modified":"2010-07-23T17:34:16","modified_gmt":"2010-07-23T17:34:16","slug":"kilicdaroglu-baykal-sarigul-bulusmasina-ne-dedi","status":"publish","type":"post","link":"http:\/\/www.korhanyilmaz.com\/?p=24407","title":{"rendered":"K\u0131l\u0131\u00e7daro\u011flu Baykal-Sar\u0131g\u00fcl bulu\u015fmas\u0131na ne dedi?"},"content":{"rendered":"<p><a href=\"http:\/\/www.korhanyilmaz.com\/wp-content\/uploads\/2010\/07\/336.jpg\"  class=\"lightview\"><img loading=\"lazy\" decoding=\"async\" class=\"aligncenter size-full wp-image-24408\" src=\"http:\/\/www.korhanyilmaz.com\/wp-content\/uploads\/2010\/07\/336.jpg\" alt=\"\" width=\"289\" height=\"214\" \/><\/a><\/p>\n<p style=\"text-align: justify;\">CHP Genel Ba\u015fkan\u0131 Kemal K\u0131l\u0131\u00e7daro\u011flu, Deniz Baykal ile \u015ei\u015fli Belediye Ba\u015fkan\u0131 Mustafa Sar\u0131g\u00fcl&#8217;\u00fcn g\u00f6r\u00fc\u015fmesinin kendisini mutlu etti\u011fini belirtti. Deniz Baykal ise Mustafa Sar\u0131g\u00fcl  ile g\u00f6r\u00fc\u015fmesine ili\u015fkin &#8220;Kimsenin benim yapt\u0131\u011f\u0131m g\u00f6r\u00fc\u015fmelerden rahats\u0131zl\u0131k duymas\u0131, tedirginlik duymas\u0131 i\u00e7in bir neden yok&#8221; dedi.<!--more--><\/p>\n<p style=\"text-align: justify;\">K\u0131l\u0131\u00e7daro\u011flu, Malatya&#8217;ya gidi\u015finde Esenbo\u011fa Havaliman\u0131&#8217;nda gazetecilerin g\u00fcndeme ili\u015fkin sorular\u0131n\u0131 yan\u0131tlad\u0131.<\/p>\n<p style=\"text-align: justify;\">Sar\u0131g\u00fcl&#8217;\u00fcn Deniz Baykal ile g\u00f6r\u00fc\u015fmesini nas\u0131l de\u011ferlendirdi\u011fi sorusu \u00fczerine K\u0131l\u0131\u00e7daro\u011flu, &#8220;Say\u0131n Sar\u0131g\u00fcl ile Say\u0131n Baykal&#8217;\u0131n g\u00f6r\u00fc\u015fmesi beni memnun etti. \u0130nsani olarak ge\u00e7mi\u015fte bir siyasal tart\u0131\u015fma ya\u015fanm\u0131\u015ft\u0131, kendi aralar\u0131nda ve bir kopukluk vard\u0131. \u00d6yle anla\u015f\u0131l\u0131yor ki bu kopukluk giderildi&#8221; diye konu\u015ftu.<\/p>\n<p style=\"text-align: justify;\">&#8220;G\u00f6r\u00fc\u015fmenin kendisine kar\u015f\u0131 yap\u0131ld\u0131\u011f\u0131&#8221; y\u00f6n\u00fcndeki yorumlar\u0131n hat\u0131rlat\u0131lmas\u0131 \u00fczerine K\u0131l\u0131\u00e7daro\u011flu, &#8220;Onu ben bilemem. Onu g\u00f6r\u00fc\u015fmeyi yapan ki\u015filere soracaks\u0131n\u0131z. Kamuoyuna yans\u0131yan bilgilerden \u00f6\u011frendi\u011fim, normal, insani ili\u015fkilerin g\u00fc\u00e7lenmesi a\u00e7\u0131s\u0131ndan yap\u0131lan g\u00f6r\u00fc\u015fmedir&#8221; de\u011ferlendirmesinde bulundu.<\/p>\n<p style=\"text-align: justify;\">Bir ba\u015fka gazetecinin, daha \u00f6nce Baykal ve Sar\u0131g\u00fcl&#8217;\u00fcn kongrede &#8220;kar\u015f\u0131 kar\u015f\u0131ya geldiklerini&#8221; s\u00f6ylemesi \u00fczerine, &#8220;Evet, o kongrede ben de vard\u0131m. \u0130ki ayr\u0131 genel ba\u015fkan\u0131 aday\u0131 vard\u0131. Dolay\u0131s\u0131yla tart\u0131\u015fma oldu. O tart\u0131\u015fmay\u0131 ya\u015fam\u0131n her alan\u0131na ta\u015f\u0131mak do\u011fru de\u011fil. Bir genel kuruldaki tart\u0131\u015fmayd\u0131. \u00d6yle anla\u015f\u0131l\u0131yor ki sonland\u0131r\u0131ld\u0131&#8221; diye konu\u015ftu.<\/p>\n<p style=\"text-align: justify;\">K\u0131l\u0131\u00e7daro\u011flu, &#8220;Bu g\u00f6r\u00fc\u015fmeyi sizin genel ba\u015fkanl\u0131\u011f\u0131n\u0131za d\u00f6n\u00fck bir \u015fey olarak alg\u0131lam\u0131yor musunuz&#8221; sorusunu da &#8220;hay\u0131r&#8221; \u015feklinde yan\u0131tlad\u0131.<\/p>\n<p style=\"text-align: justify;\"><strong>Baykal: &#8220;Tedirginlik duymas\u0131nlar&#8221; <\/strong><\/p>\n<p style=\"text-align: justify;\">Deniz Baykal ise Mustafa Sar\u0131g\u00fcl ile g\u00f6r\u00fc\u015fmesine ili\u015fkin &#8220;Kimsenin benim yapt\u0131\u011f\u0131m g\u00f6r\u00fc\u015fmelerden rahats\u0131zl\u0131k duymas\u0131, tedirginlik duymas\u0131 i\u00e7in bir neden yok&#8221; dedi.<\/p>\n<p style=\"text-align: justify;\">Deniz Baykal, \u0130stanbul&#8217;a hareketi \u00f6ncesi, Esenbo\u011fa Havaliman\u0131&#8217;nda gazetecilerin sorular\u0131n\u0131 yan\u0131tlad\u0131.<\/p>\n<p style=\"text-align: justify;\">Baykal, Sar\u0131g\u00fcl ile g\u00f6r\u00fc\u015fmesinin K\u0131l\u0131\u00e7daro\u011flu&#8217;na kar\u015f\u0131 yap\u0131ld\u0131\u011f\u0131 y\u00f6n\u00fcnde yorumlar bulundu\u011funun hat\u0131rlat\u0131lmas\u0131 \u00fczerine, &#8220;Bizim kap\u0131m\u0131z d\u00fc\u015fmanl\u0131k kap\u0131s\u0131 de\u011fil, pi\u015fmanl\u0131k kap\u0131s\u0131 da de\u011fil. Kap\u0131m\u0131z, memleketini seven, partisini seven herkese a\u00e7\u0131k. Kimsenin benim yapt\u0131\u011f\u0131m g\u00f6r\u00fc\u015fmelerden rahats\u0131zl\u0131k duymas\u0131, tedirginlik duymas\u0131 i\u00e7in bir neden yok&#8221; diye konu\u015ftu.<\/p>\n<p style=\"text-align: justify;\">Bu g\u00f6r\u00fc\u015fmeden rahats\u0131zl\u0131k duyanlar varsa onlar\u0131 da bekledi\u011fini ifade eden Baykal, &#8220;Onlara da kap\u0131m a\u00e7\u0131k. Onlara da s\u00f6yleyecek bir-iki g\u00fczel s\u00f6z\u00fcm\u00fcz olabilir. Bin kere t\u00f6vbeni bozmu\u015f olsan da gene de gel. Bizim kap\u0131m\u0131z herkese a\u00e7\u0131k bir kap\u0131d\u0131r&#8221; de\u011ferlendirmesinde bulundu.<\/p>\n<p style=\"text-align: justify;\"><span style=\"color: #888888;\">CNN T\u00dcRK<\/span><\/p>\n","protected":false},"excerpt":{"rendered":"<\/p>\n<p style=\"text-align: justify;\">CHP Genel Ba\u015fkan\u0131 Kemal K\u0131l\u0131\u00e7daro\u011flu, Deniz Baykal ile \u015ei\u015fli Belediye Ba\u015fkan\u0131 Mustafa Sar\u0131g\u00fcl&#8217;\u00fcn g\u00f6r\u00fc\u015fmesinin kendisini mutlu etti\u011fini belirtti. Deniz Baykal ise Mustafa Sar\u0131g\u00fcl ile g\u00f6r\u00fc\u015fmesine ili\u015fkin &#8220;Kimsenin benim yapt\u0131\u011f\u0131m g\u00f6r\u00fc\u015fmelerden rahats\u0131zl\u0131k duymas\u0131, tedirginlik duymas\u0131 i\u00e7in bir neden yok&#8221; dedi.<\/p>\n","protected":false},"author":1,"featured_media":0,"comment_status":"open","ping_status":"closed","sticky":false,"template":"","format":"standard","meta":{"footnotes":""},"categories":[105],"tags":[],"class_list":["post-24407","post","type-post","status-publish","format-standard","hentry","category-gundem","odd"],"_links":{"self":[{"href":"http:\/\/www.korhanyilmaz.com\/index.php?rest_route=\/wp\/v2\/posts\/24407","targetHints":{"allow":["GET"]}}],"collection":[{"href":"http:\/\/www.korhanyilmaz.com\/index.php?rest_route=\/wp\/v2\/posts"}],"about":[{"href":"http:\/\/www.korhanyilmaz.com\/index.php?rest_route=\/wp\/v2\/types\/post"}],"author":[{"embeddable":true,"href":"http:\/\/www.korhanyilmaz.com\/index.php?rest_route=\/wp\/v2\/users\/1"}],"replies":[{"embeddable":true,"href":"http:\/\/www.korhanyilmaz.com\/index.php?rest_route=%2Fwp%2Fv2%2Fcomments&post=24407"}],"version-history":[{"count":0,"href":"http:\/\/www.korhanyilmaz.com\/index.php?rest_route=\/wp\/v2\/posts\/24407\/revisions"}],"wp:attachment":[{"href":"http:\/\/www.korhanyilmaz.com\/index.php?rest_route=%2Fwp%2Fv2%2Fmedia&parent=24407"}],"wp:term":[{"taxonomy":"category","embeddable":true,"href":"http:\/\/www.korhanyilmaz.com\/index.php?rest_route=%2Fwp%2Fv2%2Fcategories&post=24407"},{"taxonomy":"post_tag","embeddable":true,"href":"http:\/\/www.korhanyilmaz.com\/index.php?rest_route=%2Fwp%2Fv2%2Ftags&post=24407"}],"curies":[{"name":"wp","href":"https:\/\/api.w.org\/{rel}","templated":true}]}}