{"id":24403,"date":"2010-07-23T19:22:31","date_gmt":"2010-07-23T19:22:31","guid":{"rendered":"http:\/\/www.korhanyilmaz.com\/?p=24403"},"modified":"2010-07-23T19:22:31","modified_gmt":"2010-07-23T19:22:31","slug":"balyoz-102-sanik-hakkinda-yakalama-karari","status":"publish","type":"post","link":"http:\/\/www.korhanyilmaz.com\/?p=24403","title":{"rendered":"Balyoz: 102 san\u0131k hakk\u0131nda yakalama karar\u0131"},"content":{"rendered":"<p style=\"text-align: center;\"><a href=\"http:\/\/www.korhanyilmaz.com\/wp-content\/uploads\/2010\/07\/335.jpg\"  class=\"lightview\"><img loading=\"lazy\" decoding=\"async\" class=\"aligncenter size-full wp-image-24404\" src=\"http:\/\/www.korhanyilmaz.com\/wp-content\/uploads\/2010\/07\/335.jpg\" alt=\"\" width=\"302\" height=\"216\" \/><\/a><\/p>\n<p style=\"text-align: justify;\">\u0130stanbul 10. A\u011f\u0131r Ceza Mahkemesi, &#8220;Balyoz Plan\u0131&#8221; davas\u0131na ili\u015fkin olarak 102 san\u0131k hakk\u0131nda yakalama emri \u00e7\u0131kar\u0131lmas\u0131na karar verdi. Yakalama karar\u0131 \u00e7\u0131kar\u0131lan san\u0131klar aras\u0131nda \u00c7etin Do\u011fan, Dursun \u00c7i\u00e7ek, \u00d6zden \u00d6rnek, \u0130brahim F\u0131rt\u0131na, Ergin Saygun, Kadir Sa\u011fd\u0131\u00e7 ve Feyyaz \u00d6\u011f\u00fct\u00e7\u00fc de var. <!--more--><\/p>\n<p style=\"text-align: justify;\">\u0130stanbul 10. A\u011f\u0131r Ceza Mahkemesi \u00fcye hakimi Davut Bedir, davaya ili\u015fkin tensip zapt\u0131 konusundaki sorular \u00fczerine, zapt\u0131n haz\u0131rland\u0131\u011f\u0131n\u0131 bildirdi.<\/p>\n<p style=\"text-align: justify;\">Tensiple birlikte davan\u0131n 102 san\u0131\u011f\u0131 hakk\u0131nda yakalama karar\u0131 \u00e7\u0131kar\u0131ld\u0131\u011f\u0131n\u0131 belirten hakim Bedir, davan\u0131n ilk duru\u015fmas\u0131n\u0131n 16 Aral\u0131k 2010 tarihinde yap\u0131lmas\u0131n\u0131n kararla\u015ft\u0131r\u0131ld\u0131\u011f\u0131n\u0131 kaydetti.<\/p>\n<p style=\"text-align: justify;\">Hakim Bedir, san\u0131k say\u0131s\u0131 dikkate al\u0131nd\u0131\u011f\u0131nda Be\u015fikta\u015f&#8217;taki \u0130stanbul Adliyesi&#8217;nin duru\u015fma salonlar\u0131n\u0131n fiziki \u015fartlar\u0131n\u0131n yetersiz oldu\u011fu g\u00f6z \u00f6n\u00fcnde tutularak, duru\u015fmalar\u0131n Silivri Ceza \u0130nfaz Kurumlar\u0131 Yerle\u015fkesi&#8217;ndeki salonunda yap\u0131lmas\u0131na karar verildi\u011fi bildirdi.<\/p>\n<p style=\"text-align: justify;\">\u00c7etin Do\u011fan karara tepki g\u00f6stererek, &#8220;Bu bir kara lekedir, hukuk cinayetidir. biz her \u015feye dayanmaya haz\u0131r\u0131z&#8221; dedi.<\/p>\n<p style=\"text-align: justify;\">Balyoz G\u00fcvenlik Harekat Plan\u0131 soru\u015fturmas\u0131 kapsam\u0131nda daha \u00f6nce aralar\u0131nda  Birinci Ordu eski Komutan\u0131 emekli Orgeneral \u00c7etin Do\u011fan, emekli Tu\u011fgeneral S\u00fcha Tanyeli, Emekli Korgeneral Engin Alan, T\u00fcmgeneral Abdullah Dalay, Korgeneral Yurdaer Olcan ve Korgeneral Nuri Ali Kararbaba&#8217;n\u0131n da bulundu\u011fu 46 ki\u015fi tutuklanm\u0131\u015f yap\u0131lan itirazlar \u00fczerine tahliye olmu\u015flard\u0131.<\/p>\n<p style=\"text-align: justify;\"><strong>\u00c7etin Do\u011fan iki kez tahliye edilmi\u015fti <\/strong><\/p>\n<p style=\"text-align: justify;\">Balyoz G\u00fcvenlik Harekat Plan\u0131 iddianamesinin bir numaral\u0131 san\u0131\u011f\u0131 olan Birinci Ordu eski Komutan\u0131 emekli Orgeneral \u00c7etin Do\u011fan 26 \u015eubat 2010&#8217;da sevk edildi\u011fi \u0130stanbul 10&#8217;uncu A\u011f\u0131r Ceza Mahkemesi \u00fcye hakimi Ali Efendi Peksak taraf\u0131ndan tutuklanm\u0131\u015ft\u0131.<\/p>\n<p style=\"text-align: justify;\">Avukatlar\u0131n\u0131n yapt\u0131\u011f\u0131 itiraz \u00fczerine 1 Nisan 2010&#8217;da 12&#8217;inci A\u011f\u0131r Ceza Mahkemesi \u00fcye Hakimi Oktay Kuban taraf\u0131ndan tahliye edilen \u00c7etin Do\u011fan hakk\u0131nda savc\u0131l\u0131\u011f\u0131n yapt\u0131\u011f\u0131 itiraz \u00fczerine 12&#8217;inci A\u011f\u0131r Ceza Mahkemsi heyetince yakalama karar\u0131 \u00e7\u0131kart\u0131lm\u0131\u015ft\u0131.<\/p>\n<p style=\"text-align: justify;\">\u00c7etin Do\u011fan 23 Nisan 2010&#8217;da teslim olarak ikinci kez tutuklanm\u0131\u015ft\u0131. Do\u011fan avukatlar\u0131n\u0131n itiraz\u0131 \u00fczerine 18 Haziran 2010&#8217;da ikinci kez  tahliye edilmi\u015fti.<\/p>\n<p style=\"text-align: justify;\"><strong>Kimlere tutuklama karar\u0131 \u00e7\u0131kt\u0131? <\/strong><\/p>\n<p style=\"text-align: justify;\">Engin Alan, \u00c7etin Do\u011fan, \u00d6zden \u00d6rnek, \u015e\u00fckr\u00fc Sar\u0131\u0131\u015f\u0131k, Halil \u0130brahim F\u0131rt\u0131na, Ergin Saygun, Nejat Pek, Mustafa Korkut \u00d6zarslan, Dursun \u00c7i\u00e7ek,  Ayhan Ta\u015f, Ramazan Cem G\u00fcrdeniz, \u0130zzet Ocak, S\u00fcha Tanyeri, B\u00fclent Tuncay, Nuri Ali Karababa, Mustafa \u00c7al\u0131\u015f, G\u00fcrb\u00fcz Kaya, Nurettin I\u015f\u0131k, Hasan Basri Aslan, Ali R\u0131za S\u00f6zen, \u0130lkay Nerat, Veli Murat Tulga, Behzat Balta.<\/p>\n<p style=\"text-align: justify;\">Tuncay \u00c7akan, Hasan Fehmi Canan, Halil Kalkanl\u0131, Salim Erkal Bekta\u015f, Ahmet Yavuz, Ahmet K\u00fc\u00e7\u00fck\u015fahin, Recai Elmaz, Ahmet \u015eent\u00fcrk, M\u00fcmtaz Can, Fatih Altun, Mehmet Kaya Varol, Recep Y\u0131ld\u0131z, Bekir Memi\u015f, Ali \u0130hsan \u00c7uhadaro\u011flu, Mehmet Yoleri, Metin Yavuz Yal\u00e7\u0131n, Yurdaer Olcan, \u0130hsan Balabanl\u0131, Emin K\u00fc\u00e7\u00fckk\u0131l\u0131\u00e7, Hakan Akko\u00e7, \u0130krami \u00d6zturan, Burhan G\u00f6k\u00e7e, Do\u011fan Fatih K\u00fc\u00e7\u00fck, G\u00f6khan G\u00f6kay, Nihat \u00d6zkan, Hasan Nurg\u00f6ren, S\u0131rr\u0131 Y\u0131lmaz.<\/p>\n<p style=\"text-align: justify;\">Ahmet Feyyaz \u00d6\u011f\u00fct\u00e7\u00fc, Abdullah Zafer Ar\u0131soy, Abdullah Dalay, \u00d6zer Karabulut, Mehmet Otuzbiro\u011flu, Kadir Sa\u011fd\u0131\u00e7, Ali Deniz Kutluk, Turgay Erda\u011f, Taylan \u00c7ak\u0131r, Ahmet T\u00fcrkmen, Mehmet Fatih Ilgar, Cem Aziz \u00c7akmak, Muharrem Nuri Alacal\u0131, Ali Semih \u00c7etin, Utku Arslan, Fatih Ulu\u00e7 Ye\u011fin, Levent Erkek, Levent \u00c7ehreli, Hakan \u0130smail \u00c7elikhan, Ertu\u011frul U\u00e7ar, Ali T\u00fcrk\u015fen, Tayfun Duman, Nihat Altunbulak, Ercan \u0130ren\u00e7in, Bora Serdar, Levent G\u00f6rge\u00e7.<\/p>\n<p style=\"text-align: justify;\">Ahmet Tuner, G\u00f6khan \u00c7ilo\u011flu, Halil Helvac\u0131o\u011flu, Suat Ayt\u0131n, Dora Sungunay, Soner Polat, Meftun H\u0131raca, Ya\u015far Barbaros B\u00fcy\u00fcksa\u011fanak, Hasan G\u00fclkaya, Faruk Do\u011fan, \u0130brahim Koray \u00d6zyurt, M\u00fccahit Erakyol, Abdullah Gavremolu, K\u0131van\u00e7 K\u0131rmac\u0131, Yusuf Ziya Toker, Cengiz K\u00f6yl\u00fc, Hanifi Y\u0131ld\u0131r\u0131m, Cemal Temiz\u00f6z, Bulut \u00d6mer Mirmiro\u011flu, hakan Sarg\u0131n, H\u00fcseyin \u00d6z\u00e7oban, Yusuf Kelleli, H\u00fcseyin Topuz, Murat \u00d6z\u00e7elik, Mustafa \u00d6nsel, Ali Ayd\u0131n.<\/p>\n<p style=\"text-align: justify;\"><span style=\"color: #888888;\">CNN T\u00dcRK<\/span><\/p>\n","protected":false},"excerpt":{"rendered":"<p style=\"text-align: center;\">\n<p style=\"text-align: justify;\">\u0130stanbul 10. A\u011f\u0131r Ceza Mahkemesi, &#8220;Balyoz Plan\u0131&#8221; davas\u0131na ili\u015fkin olarak 102 san\u0131k hakk\u0131nda yakalama emri \u00e7\u0131kar\u0131lmas\u0131na karar verdi. Yakalama karar\u0131 \u00e7\u0131kar\u0131lan san\u0131klar aras\u0131nda \u00c7etin Do\u011fan, Dursun \u00c7i\u00e7ek, \u00d6zden \u00d6rnek, \u0130brahim F\u0131rt\u0131na, Ergin Saygun, Kadir Sa\u011fd\u0131\u00e7 ve Feyyaz \u00d6\u011f\u00fct\u00e7\u00fc de var. <\/p>\n","protected":false},"author":1,"featured_media":0,"comment_status":"open","ping_status":"closed","sticky":false,"template":"","format":"standard","meta":{"footnotes":""},"categories":[105],"tags":[],"class_list":["post-24403","post","type-post","status-publish","format-standard","hentry","category-gundem","odd"],"_links":{"self":[{"href":"http:\/\/www.korhanyilmaz.com\/index.php?rest_route=\/wp\/v2\/posts\/24403","targetHints":{"allow":["GET"]}}],"collection":[{"href":"http:\/\/www.korhanyilmaz.com\/index.php?rest_route=\/wp\/v2\/posts"}],"about":[{"href":"http:\/\/www.korhanyilmaz.com\/index.php?rest_route=\/wp\/v2\/types\/post"}],"author":[{"embeddable":true,"href":"http:\/\/www.korhanyilmaz.com\/index.php?rest_route=\/wp\/v2\/users\/1"}],"replies":[{"embeddable":true,"href":"http:\/\/www.korhanyilmaz.com\/index.php?rest_route=%2Fwp%2Fv2%2Fcomments&post=24403"}],"version-history":[{"count":0,"href":"http:\/\/www.korhanyilmaz.com\/index.php?rest_route=\/wp\/v2\/posts\/24403\/revisions"}],"wp:attachment":[{"href":"http:\/\/www.korhanyilmaz.com\/index.php?rest_route=%2Fwp%2Fv2%2Fmedia&parent=24403"}],"wp:term":[{"taxonomy":"category","embeddable":true,"href":"http:\/\/www.korhanyilmaz.com\/index.php?rest_route=%2Fwp%2Fv2%2Fcategories&post=24403"},{"taxonomy":"post_tag","embeddable":true,"href":"http:\/\/www.korhanyilmaz.com\/index.php?rest_route=%2Fwp%2Fv2%2Ftags&post=24403"}],"curies":[{"name":"wp","href":"https:\/\/api.w.org\/{rel}","templated":true}]}}