{"id":24392,"date":"2010-07-21T20:12:01","date_gmt":"2010-07-21T20:12:01","guid":{"rendered":"http:\/\/www.korhanyilmaz.com\/?p=24392"},"modified":"2010-07-21T20:12:01","modified_gmt":"2010-07-21T20:12:01","slug":"horasanda-sel-6-olu","status":"publish","type":"post","link":"http:\/\/www.korhanyilmaz.com\/?p=24392","title":{"rendered":"Horasan&#8217;da sel: 6 \u00f6l\u00fc"},"content":{"rendered":"<p><a href=\"http:\/\/www.korhanyilmaz.com\/wp-content\/uploads\/2010\/07\/333.jpg\"  class=\"lightview\"><img loading=\"lazy\" decoding=\"async\" class=\"aligncenter size-full wp-image-24393\" src=\"http:\/\/www.korhanyilmaz.com\/wp-content\/uploads\/2010\/07\/333.jpg\" alt=\"\" width=\"292\" height=\"220\" \/><\/a><\/p>\n<p style=\"text-align: justify;\">Erzurum&#8217;un Horasan il\u00e7esine ba\u011fl\u0131 Sa\u00e7l\u0131k k\u00f6y\u00fcnde meydana gelen selde ayn\u0131 aileden 6 ki\u015fi \u00f6ld\u00fc, 1 ki\u015fi yaraland\u0131.<\/p>\n<p style=\"text-align: justify;\">Edinilen bilgiye g\u00f6re, il\u00e7ede etkili olan sa\u011fana\u011f\u0131n ard\u0131ndan, Sa\u00e7l\u0131k k\u00f6y\u00fc deresinin ta\u015fmas\u0131 sonucu dere yata\u011f\u0131nda bulunan Ziya Kocaba\u015f&#8217;a ait evi su bast\u0131. <!--more--><\/p>\n<p style=\"text-align: justify;\">Su bask\u0131n\u0131 sonucu evde bulunan ayn\u0131 aileden 7 ki\u015fi ak\u0131nt\u0131ya kap\u0131larak, kayboldu.<\/p>\n<p style=\"text-align: justify;\">\u0130l \u00d6zel \u0130dare Genel Sekreterli\u011fi ve jandarma ekiplerince yap\u0131lan aramada, Mahide Kocaba\u015f (70), C\u00fcneyt Kocaba\u015f, Aysel Kocaba\u015f (18), Sezer Kocaba\u015f, anne Kezban Kocaba\u015f ve Yusuf Kocaba\u015f&#8217;\u0131n (7) cesedine ula\u015f\u0131ld\u0131.<\/p>\n<p style=\"text-align: justify;\">Kay\u0131p Orhan Kocaba\u015f ise Sa\u00e7l\u0131k k\u00f6y\u00fcne 3 kilometre uzakl\u0131kta Alag\u00f6z k\u00f6y\u00fcnde yaral\u0131 olarak kurtar\u0131larak, Horasan Devlet Hastanesi&#8217;nde tedavi alt\u0131na al\u0131nd\u0131.<\/p>\n<p style=\"text-align: justify;\">Horasan Kaymakam\u0131 Mahmut A\u011fbal, sel bask\u0131n\u0131 sonucu ayn\u0131 aileden 6 ki\u015finin \u00f6ld\u00fc\u011f\u00fcn\u00fc, 1 ki\u015finin yaral\u0131 olarak kurtar\u0131ld\u0131\u011f\u0131n\u0131 belirterek, \u015fu an i\u00e7in selde kay\u0131p ba\u015fka kimsenin olmad\u0131\u011f\u0131n\u0131 s\u00f6yledi.<\/p>\n<p style=\"text-align: justify;\"><a href=\"http:\/\/www.korhanyilmaz.com\/wp-content\/uploads\/2010\/07\/334.jpg\"  class=\"lightview\"><img loading=\"lazy\" decoding=\"async\" class=\"aligncenter size-full wp-image-24394\" src=\"http:\/\/www.korhanyilmaz.com\/wp-content\/uploads\/2010\/07\/334.jpg\" alt=\"\" width=\"350\" height=\"233\" \/><\/a><\/p>\n<p style=\"text-align: justify;\"><strong>K\u00f6yl\u00fcler tepkili!.. <\/strong><\/p>\n<p style=\"text-align: justify;\">Bu arada Erzurum Valisi Sebahattin \u00d6zt\u00fcrk, Sa\u00e7l\u0131k k\u00f6y\u00fcnde incelemelerde bulundu. Vali \u00d6zt\u00fcrk, Bay\u0131nd\u0131rl\u0131k ve \u0130skan \u0130l M\u00fcd\u00fcr\u00fc Ya\u015far G\u00fcven\u00e7 ve Tekman Kaymakam\u0131 Cahit Karatepe ile birlikte, Sa\u00e7l\u0131k k\u00f6y\u00fcnde sel bask\u0131n\u0131nda \u00f6lenlerin yak\u0131nlar\u0131na ba\u015fsa\u011fl\u0131\u011f\u0131 diledi.<\/p>\n<p style=\"text-align: justify;\">\u00d6zt\u00fcrk, gazetecilere yapt\u0131\u011f\u0131 a\u00e7\u0131klamada, selde hayat\u0131n\u0131 kaybedenlerin defini i\u00e7in gerekli \u00e7al\u0131\u015fmalar\u0131n yap\u0131laca\u011f\u0131n\u0131 s\u00f6yledi.<\/p>\n<p style=\"text-align: justify;\">B\u00f6lgede bug\u00fcn sa\u011fanak ya\u011f\u0131\u015f\u0131n etkili oldu\u011funu ve dere yata\u011f\u0131 yak\u0131n\u0131nda bulunan bir evin sel sular\u0131ndan y\u0131k\u0131ld\u0131\u011f\u0131n\u0131 ifade eten \u00d6zt\u00fcrk, &#8220;Sa\u00e7l\u0131k k\u00f6y\u00fc, yol a\u011fz\u0131nda bir k\u00f6y. Bug\u00fcn etkili olan sa\u011fanaktan dolay\u0131 dere yata\u011f\u0131n\u0131n yak\u0131n\u0131nda bulunan k\u00f6yden, 6 vatanda\u015f\u0131m\u0131z\u0131 sele kapt\u0131rd\u0131k. Bir \u00e7ocuk kurtulabildi. Tabii burada yap\u0131lmas\u0131 gereken \u015feyler var. Vatanda\u015flar\u0131n defin i\u015flemlerine arkada\u015flar\u0131m\u0131z yard\u0131mc\u0131 olacaklar. K\u0131sa vadeli tedbir ama\u00e7l\u0131 bir \u00e7al\u0131\u015fma yapacak. Arkada\u015flar\u0131m\u0131z inceleyecekler. Buran\u0131n sele maruz kald\u0131\u011f\u0131 y\u00f6n\u00fcnde rapor tutup, ilgili yerlere iletilecek&#8221; dedi.<\/p>\n<p style=\"text-align: justify;\">Vali \u00d6zt\u00fcrk, sel bask\u0131n\u0131nda evi y\u0131k\u0131lan Ziya Kocaba\u015f i\u00e7in \u00e7ad\u0131r kurulmas\u0131 talimat\u0131 da verdi.<\/p>\n<p style=\"text-align: justify;\">\u00d6te yandan Vali \u00d6zt\u00fcrk&#8217;\u00fcn k\u00f6ye geli\u015fi s\u0131ras\u0131nda, baz\u0131 vatanda\u015flar k\u00f6y i\u00e7erisinden ge\u00e7en derenin ta\u015fmas\u0131 sonucu selin meydana geldi\u011fini, daha \u00f6nce de defalarca ilgili makamlardan k\u00f6pr\u00fc yap\u0131m\u0131 i\u00e7in taleplerde bulunduklar\u0131n\u0131, ancak taleplerinin yerine getirilmedi\u011fini ifade ederek, tepki g\u00f6sterdi.<\/p>\n<p style=\"text-align: justify;\"><span style=\"color: #888888;\">CNN T\u00dcRK<\/span><\/p>\n","protected":false},"excerpt":{"rendered":"<\/p>\n<p style=\"text-align: justify;\">Erzurum&#8217;un Horasan il\u00e7esine ba\u011fl\u0131 Sa\u00e7l\u0131k k\u00f6y\u00fcnde meydana gelen selde ayn\u0131 aileden 6 ki\u015fi \u00f6ld\u00fc, 1 ki\u015fi yaraland\u0131.<\/p>\n<p style=\"text-align: justify;\">Edinilen bilgiye g\u00f6re, il\u00e7ede etkili olan sa\u011fana\u011f\u0131n ard\u0131ndan, Sa\u00e7l\u0131k k\u00f6y\u00fc deresinin ta\u015fmas\u0131 sonucu dere yata\u011f\u0131nda bulunan Ziya Kocaba\u015f&#8217;a ait evi su bast\u0131. <\/p>\n","protected":false},"author":1,"featured_media":0,"comment_status":"open","ping_status":"closed","sticky":false,"template":"","format":"standard","meta":{"footnotes":""},"categories":[105],"tags":[],"class_list":["post-24392","post","type-post","status-publish","format-standard","hentry","category-gundem","odd"],"_links":{"self":[{"href":"http:\/\/www.korhanyilmaz.com\/index.php?rest_route=\/wp\/v2\/posts\/24392","targetHints":{"allow":["GET"]}}],"collection":[{"href":"http:\/\/www.korhanyilmaz.com\/index.php?rest_route=\/wp\/v2\/posts"}],"about":[{"href":"http:\/\/www.korhanyilmaz.com\/index.php?rest_route=\/wp\/v2\/types\/post"}],"author":[{"embeddable":true,"href":"http:\/\/www.korhanyilmaz.com\/index.php?rest_route=\/wp\/v2\/users\/1"}],"replies":[{"embeddable":true,"href":"http:\/\/www.korhanyilmaz.com\/index.php?rest_route=%2Fwp%2Fv2%2Fcomments&post=24392"}],"version-history":[{"count":0,"href":"http:\/\/www.korhanyilmaz.com\/index.php?rest_route=\/wp\/v2\/posts\/24392\/revisions"}],"wp:attachment":[{"href":"http:\/\/www.korhanyilmaz.com\/index.php?rest_route=%2Fwp%2Fv2%2Fmedia&parent=24392"}],"wp:term":[{"taxonomy":"category","embeddable":true,"href":"http:\/\/www.korhanyilmaz.com\/index.php?rest_route=%2Fwp%2Fv2%2Fcategories&post=24392"},{"taxonomy":"post_tag","embeddable":true,"href":"http:\/\/www.korhanyilmaz.com\/index.php?rest_route=%2Fwp%2Fv2%2Ftags&post=24392"}],"curies":[{"name":"wp","href":"https:\/\/api.w.org\/{rel}","templated":true}]}}