{"id":24382,"date":"2010-07-21T16:52:45","date_gmt":"2010-07-21T16:52:45","guid":{"rendered":"http:\/\/www.korhanyilmaz.com\/?p=24382"},"modified":"2010-07-21T16:52:45","modified_gmt":"2010-07-21T16:52:45","slug":"7-ilden-7-sehit-cenazesi-kalkti-2","status":"publish","type":"post","link":"http:\/\/www.korhanyilmaz.com\/?p=24382","title":{"rendered":"7 ilden 7 \u015fehit cenazesi kalkt\u0131&#8230;"},"content":{"rendered":"<p style=\"text-align: center;\"><a href=\"http:\/\/www.korhanyilmaz.com\/wp-content\/uploads\/2010\/07\/3321.jpg\"  class=\"lightview\"><img loading=\"lazy\" decoding=\"async\" class=\"aligncenter size-full wp-image-24386\" src=\"http:\/\/www.korhanyilmaz.com\/wp-content\/uploads\/2010\/07\/3321.jpg\" alt=\"\" width=\"307\" height=\"236\" \/><\/a><\/p>\n<p style=\"text-align: justify;\">Hakkari ve Van&#8217;daki ter\u00f6r sald\u0131r\u0131lar\u0131nda \u015fehit olan 7 asker topra\u011fa verildi. Binlerce ki\u015finin kat\u0131ld\u0131\u011f\u0131 t\u00f6renlerde ter\u00f6r protesto edildi.<\/p>\n<p style=\"text-align: justify;\">T\u00fcrkiye \u015fehitlerini u\u011furlad\u0131; 7 ilde 7 \u015fehit i\u00e7in t\u00f6ren yap\u0131ld\u0131. <!--more--><\/p>\n<p style=\"text-align: justify;\"><strong>Tokat:<\/strong><\/p>\n<p style=\"text-align: justify;\">Hakkari \u00c7ukurca&#8217;daki ter\u00f6r sald\u0131r\u0131s\u0131nda \u015fehit olan piyade \u00fcste\u011fmen \u00c7etin Aylar i\u00e7in Tokat&#8217;un Turhal il\u00e7esinde t\u00f6ren yap\u0131ld\u0131. \u00c7ayl\u0131 beldesi cemevinde yap\u0131lan t\u00f6renin ard\u0131ndan \u015fehit \u00fcste\u011fmen son yolculu\u011funa u\u011furland\u0131.<\/p>\n<p style=\"text-align: justify;\"><strong>Manisa:<\/strong><\/p>\n<p style=\"text-align: justify;\">\u00c7ukurca \u015fehidi uzman onba\u015f\u0131 Samet Y\u0131lmaz i\u00e7in Manisa&#8217;da t\u00f6ren vard\u0131. Turgutlu il\u00e7esindeki t\u00f6rende ter\u00f6r protesto edildi.<\/p>\n<p style=\"text-align: justify;\">Cenaze \u00f6ncesi MHP il te\u015fkilat\u0131na as\u0131lan ve daha \u00f6nce Ayd\u0131n il mhp il binas\u0131ndan indirilmesi tart\u0131\u015fma yaratan &#8220;Sen a\u00e7\u0131ld\u0131k\u00e7a analar\u0131m\u0131z a\u011fl\u0131yor&#8221; yaz\u0131l\u0131 parkart ge\u00e7ici olarak indirildi. T\u00f6renin ard\u0131ndan \u015fehit Y\u0131lmaz topra\u011fa verildi.<\/p>\n<p style=\"text-align: justify;\"><strong>Gaziantep:<\/strong><\/p>\n<p style=\"text-align: justify;\">Piyade uzman \u00e7avu\u015f Mesut Keklik\u00e7i i\u00e7in Gaziantep&#8217;in \u0130slahiye il\u00e7esinde t\u00f6ren yap\u0131ld\u0131. T\u00f6rene kat\u0131lan 5 bin ki\u015fi ter\u00f6re lanet ya\u011fd\u0131rd\u0131.<\/p>\n<p style=\"text-align: justify;\"><strong>Hatay:<\/strong><\/p>\n<p style=\"text-align: justify;\">\u015eehit Ayhan Say i\u00e7in Hatay&#8217;da da 10 bin ki\u015fi topland\u0131. 23 ya\u015f\u0131ndaki uzman \u00e7avu\u015f Say, t\u00f6renle son yolculu\u011funa u\u011furland\u0131.<\/p>\n<p style=\"text-align: justify;\"><strong>Bursa:<\/strong><\/p>\n<p style=\"text-align: justify;\">Bursa&#8217;daki t\u00f6ren piyade onba\u015f\u0131 Hakan Yutkun i\u00e7indi. \u015eehit onba\u015f\u0131n\u0131n cenazesi, Hamitler mezarl\u0131\u011f\u0131ndaki \u015fehitlikte topra\u011fa verildi.<\/p>\n<p style=\"text-align: justify;\"><strong>Nev\u015fehir:<\/strong><\/p>\n<p style=\"text-align: justify;\">Bir y\u0131l \u00f6nce g\u00f6reve ba\u015flayan ve \u015fehit d\u00fc\u015fen uzman \u00e7avu\u015f Turgay Y\u0131lmaz , Nev\u015fehir&#8217;de son yolculu\u011funa u\u011furland\u0131. Y\u00fczlerce ki\u015fi ter\u00f6r\u00fc protesto etti.<\/p>\n<p style=\"text-align: justify;\"><strong>Adana:<\/strong><\/p>\n<p style=\"text-align: justify;\">Van&#8217;\u0131n G\u00fcrp\u0131nar il\u00e7esinde \u015fehit olan Serdar Ye\u015filyurt ise Adana&#8217;daki t\u00f6renin ard\u0131ndan topra\u011fa verildi.<\/p>\n<p style=\"text-align: justify;\"><span style=\"color: #888888;\">CNN T\u00dcRK<\/span><\/p>\n","protected":false},"excerpt":{"rendered":"<p style=\"text-align: center;\">\n<p style=\"text-align: justify;\">Hakkari ve Van&#8217;daki ter\u00f6r sald\u0131r\u0131lar\u0131nda \u015fehit olan 7 asker topra\u011fa verildi. Binlerce ki\u015finin kat\u0131ld\u0131\u011f\u0131 t\u00f6renlerde ter\u00f6r protesto edildi.<\/p>\n<p style=\"text-align: justify;\">T\u00fcrkiye \u015fehitlerini u\u011furlad\u0131; 7 ilde 7 \u015fehit i\u00e7in t\u00f6ren yap\u0131ld\u0131. <\/p>\n","protected":false},"author":1,"featured_media":0,"comment_status":"open","ping_status":"closed","sticky":false,"template":"","format":"standard","meta":{"footnotes":""},"categories":[105],"tags":[],"class_list":["post-24382","post","type-post","status-publish","format-standard","hentry","category-gundem","odd"],"_links":{"self":[{"href":"http:\/\/www.korhanyilmaz.com\/index.php?rest_route=\/wp\/v2\/posts\/24382","targetHints":{"allow":["GET"]}}],"collection":[{"href":"http:\/\/www.korhanyilmaz.com\/index.php?rest_route=\/wp\/v2\/posts"}],"about":[{"href":"http:\/\/www.korhanyilmaz.com\/index.php?rest_route=\/wp\/v2\/types\/post"}],"author":[{"embeddable":true,"href":"http:\/\/www.korhanyilmaz.com\/index.php?rest_route=\/wp\/v2\/users\/1"}],"replies":[{"embeddable":true,"href":"http:\/\/www.korhanyilmaz.com\/index.php?rest_route=%2Fwp%2Fv2%2Fcomments&post=24382"}],"version-history":[{"count":0,"href":"http:\/\/www.korhanyilmaz.com\/index.php?rest_route=\/wp\/v2\/posts\/24382\/revisions"}],"wp:attachment":[{"href":"http:\/\/www.korhanyilmaz.com\/index.php?rest_route=%2Fwp%2Fv2%2Fmedia&parent=24382"}],"wp:term":[{"taxonomy":"category","embeddable":true,"href":"http:\/\/www.korhanyilmaz.com\/index.php?rest_route=%2Fwp%2Fv2%2Fcategories&post=24382"},{"taxonomy":"post_tag","embeddable":true,"href":"http:\/\/www.korhanyilmaz.com\/index.php?rest_route=%2Fwp%2Fv2%2Ftags&post=24382"}],"curies":[{"name":"wp","href":"https:\/\/api.w.org\/{rel}","templated":true}]}}