{"id":24379,"date":"2010-07-21T15:14:40","date_gmt":"2010-07-21T15:14:40","guid":{"rendered":"http:\/\/www.korhanyilmaz.com\/?p=24379"},"modified":"2010-07-21T15:14:40","modified_gmt":"2010-07-21T15:14:40","slug":"bahceli-basbakanin-son-cirpinislari","status":"publish","type":"post","link":"http:\/\/www.korhanyilmaz.com\/?p=24379","title":{"rendered":"Bah\u00e7eli: &#8220;Ba\u015fbakan&#8217;\u0131n son \u00e7\u0131rp\u0131n\u0131\u015flar\u0131&#8230;&#8221;"},"content":{"rendered":"<p style=\"text-align: center;\"><a href=\"http:\/\/www.korhanyilmaz.com\/wp-content\/uploads\/2010\/07\/331.jpg\"  class=\"lightview\"><img loading=\"lazy\" decoding=\"async\" class=\"aligncenter size-full wp-image-24380\" src=\"http:\/\/www.korhanyilmaz.com\/wp-content\/uploads\/2010\/07\/331.jpg\" alt=\"\" width=\"307\" height=\"236\" \/><\/a><\/p>\n<p style=\"text-align: justify;\">&#8220;Riyakarl\u0131k, siyasi sahtekarl\u0131k ve m\u00fcnaf\u0131kl\u0131k \u00f6rne\u011fi&#8221;&#8230; MHP lideri Devlet Bah\u00e7eli, Ba\u015fbakan Recep Tayyip Erdo\u011fan&#8217;\u0131n grup toplant\u0131s\u0131ndaki g\u00f6zya\u015flar\u0131n\u0131 bu s\u00f6zlerle de\u011ferlendirdi. Bah\u00e7eli, &#8220;Bu hezeyanlar Ba\u015fbakan&#8217;\u0131n son \u00e7\u0131rp\u0131n\u0131\u015flar\u0131&#8221; dedi. <!--more--><\/p>\n<p style=\"text-align: justify;\">Yaz\u0131l\u0131 bir a\u00e7\u0131klama yapan MHP Genel Ba\u015fkan\u0131, Ba\u015fbakan Erdo\u011fan&#8217;\u0131n Anayasa de\u011fi\u015fikli\u011fi ile etnik b\u00f6l\u00fcc\u00fcl\u00fc\u011f\u00fcn \u00f6n\u00fcn\u00fc a\u00e7may\u0131 ve yolsuzluklar\u0131n hesab\u0131n\u0131 vermekten ka\u00e7may\u0131 ama\u00e7lad\u0131\u011f\u0131n\u0131 \u00f6ne s\u00fcrd\u00fc.<\/p>\n<p style=\"text-align: justify;\">&#8220;\u00dclk\u00fcc\u00fc \u015fehitler i\u00e7in d\u00f6k\u00fclen sahte g\u00f6zya\u015flar\u0131 yeni bir tiyatro sahnesi&#8221; diyen Bah\u00e7eli&#8217;ye g\u00f6re, &#8220;Psikiyatrinin alan\u0131na giren bu ilgin\u00e7 durumun konunun uzmanlar\u0131nca incelenmesi&#8221; gerekiyor.<\/p>\n<p style=\"text-align: justify;\">A\u00e7\u0131klamada Ba\u015fbakan&#8217;a seslenen MHP lideri, Ba\u015fbakan&#8217;\u0131n g\u00f6zya\u015flar\u0131 ile \u015fehit annelerinin g\u00f6zya\u015flar\u0131n\u0131n kar\u015f\u0131la\u015ft\u0131r\u0131lmas\u0131n\u0131 istedi.<\/p>\n<p style=\"text-align: justify;\">Bah\u00e7eli, &#8220;\u015eehit annelerinin g\u00f6zya\u015flar\u0131n\u0131n bir damlas\u0131n\u0131n vicdan laboratuvar\u0131nda samimiyet testinden ge\u00e7irilmesi sonucu ortaya \u00e7\u0131kacak ahlak ve d\u00fcr\u00fcstl\u00fck raporu kar\u015f\u0131s\u0131nda y\u00fcz\u00fcn\u00fcz k\u0131zaracak m\u0131?&#8221; sorusunu y\u00f6neltti.<\/p>\n<p style=\"text-align: justify;\">Erdo\u011fan&#8217;\u0131n grup konu\u015fmas\u0131nda &#8220;kendi dram\u0131n\u0131 ortaya koydu\u011funu&#8221; ileri s\u00fcren Bah\u00e7eli, &#8220;12 Eyl\u00fcl 1980 askeri darbesinde dara\u011fa\u00e7lar\u0131nda ve i\u015fkencelerde hayatlar\u0131n\u0131 kaybedenlerin hat\u0131ralar\u0131na s\u0131\u011f\u0131nan Ba\u015fbakan\u0131n, hem \u00fclk\u00fcc\u00fc hem de devrimci \u00f6zelliklerini bug\u00fcne kadar i\u00e7inde gizledi\u011fi bu vesileyle anla\u015f\u0131lm\u0131\u015ft\u0131r. Ancak, bunu 30 y\u0131l nas\u0131l saklad\u0131\u011f\u0131, bu bast\u0131r\u0131lm\u0131\u015f duygular\u0131n ruhunda nas\u0131l bir tahribata yol a\u00e7t\u0131\u011f\u0131 tam olarak anla\u015f\u0131lamam\u0131\u015ft\u0131r&#8221; g\u00f6r\u00fc\u015f\u00fcn\u00fc ifade etti.<\/p>\n<p style=\"text-align: justify;\"><strong>&#8220;\u015eehitlere bu kadar duygulanmad\u0131&#8221; <\/strong><\/p>\n<p style=\"text-align: justify;\">&#8220;Ba\u015fbakan Erdo\u011fan&#8217;\u0131n, ayn\u0131 g\u00fcn Hakkari \u00c7ukurca ve Van&#8217;da PKK ter\u00f6r sald\u0131r\u0131lar\u0131 sonras\u0131 topra\u011fa d\u00fc\u015fen yedi \u015fehit kar\u015f\u0131s\u0131nda bu kadar duygulanmamas\u0131n\u0131n, ger\u00e7ek niyetlerin ne oldu\u011funu b\u00fct\u00fcn \u00e7\u0131plakl\u0131\u011f\u0131yla ortaya koydu\u011funu&#8221; iddia eden Bah\u00e7eli, \u015fu g\u00f6r\u00fc\u015fleri ifade etti:<\/p>\n<p style=\"text-align: justify;\">&#8220;Buradan a\u011flayan Ba\u015fbakan&#8217;a seslenmek istiyorum; d\u00fcn Meclis&#8217;te \u00fclk\u00fcc\u00fc \u015fehitler i\u00e7in d\u00f6kt\u00fc\u011f\u00fcn\u00fcz sahte g\u00f6zya\u015flar\u0131n\u0131n bir damlas\u0131 ile ayn\u0131 g\u00fcn ocaklar\u0131na ate\u015f d\u00fc\u015fen yedi \u015fehidimizin muhterem annelerinin d\u00f6kt\u00fc\u011f\u00fc g\u00f6zya\u015flar\u0131n\u0131n bir damlas\u0131n\u0131n vicdan laboratuvar\u0131nda samimiyet testinden ge\u00e7irilmesi sonucu ortaya \u00e7\u0131kacak ahlak ve d\u00fcr\u00fcstl\u00fck raporu kar\u015f\u0131s\u0131nda y\u00fcz\u00fcn\u00fcz k\u0131zaracak m\u0131d\u0131r?<\/p>\n<p style=\"text-align: justify;\">T\u00fcrk milleti, Ba\u015fbakan&#8217;\u0131n Anayasa de\u011fi\u015fikli\u011fini pazarlamak i\u00e7in utanmadan sergiledi\u011fi bu siyaset kalpazanl\u0131\u011f\u0131n\u0131n, bu milli irade doland\u0131r\u0131c\u0131l\u0131\u011f\u0131n\u0131n ger\u00e7ek nedenlerini ve arkas\u0131ndaki \u00e7irkin y\u00fcz\u00fc elbette g\u00f6recek ve h\u00fckm\u00fcn\u00fc verecektir. \u00dclk\u00fcc\u00fc \u015fehitler i\u00e7in sahte g\u00f6zya\u015flar\u0131 d\u00f6kerek siyasi m\u00fcnaf\u0131kl\u0131\u011f\u0131n \u015fahikas\u0131na \u00e7\u0131kan Ba\u015fbakan&#8217;\u0131n ve kahraman \u00d6zel Harekat mensuplar\u0131n\u0131 milliyet\u00e7i olduklar\u0131 i\u00e7in b\u0131y\u0131klar\u0131ndan hareketle a\u015fa\u011f\u0131lamaya yeltenen yard\u0131mc\u0131s\u0131n\u0131n ba\u015f\u0131n\u0131 \u00e7ekti\u011fi &#8216;AKP Yalan Kumpanyas\u0131&#8221;n\u0131 bekleyen ak\u0131bet, 12 Eyl\u00fcl 2010 g\u00fcn\u00fc milli irade duvar\u0131na \u00e7arpmakt\u0131r.<\/p>\n<p style=\"text-align: justify;\">T\u00fcrk milliyet\u00e7ileri ve \u00fclk\u00fcc\u00fc camia, \u015ferefli hat\u0131ralar\u0131n\u0131 ebediyete kadar y\u00fcreklerinde ya\u015fataca\u011f\u0131 aziz \u015fehitlerimizin ruhlar\u0131 ile birlikte 12 Eyl\u00fcl 2010 g\u00fcn\u00fc Ba\u015fbakan&#8217;\u0131 referandum sand\u0131\u011f\u0131 ba\u015f\u0131nda bekliyor olacakt\u0131r.&#8221;<\/p>\n<p style=\"text-align: justify;\"><span style=\"color: #888888;\">CNN T\u00dcRK<\/span><\/p>\n","protected":false},"excerpt":{"rendered":"<p style=\"text-align: center;\">\n<p style=\"text-align: justify;\">&#8220;Riyakarl\u0131k, siyasi sahtekarl\u0131k ve m\u00fcnaf\u0131kl\u0131k \u00f6rne\u011fi&#8221;&#8230; MHP lideri Devlet Bah\u00e7eli, Ba\u015fbakan Recep Tayyip Erdo\u011fan&#8217;\u0131n grup toplant\u0131s\u0131ndaki g\u00f6zya\u015flar\u0131n\u0131 bu s\u00f6zlerle de\u011ferlendirdi. Bah\u00e7eli, &#8220;Bu hezeyanlar Ba\u015fbakan&#8217;\u0131n son \u00e7\u0131rp\u0131n\u0131\u015flar\u0131&#8221; dedi. <\/p>\n","protected":false},"author":1,"featured_media":0,"comment_status":"open","ping_status":"closed","sticky":false,"template":"","format":"standard","meta":{"footnotes":""},"categories":[105],"tags":[],"class_list":["post-24379","post","type-post","status-publish","format-standard","hentry","category-gundem","odd"],"_links":{"self":[{"href":"http:\/\/www.korhanyilmaz.com\/index.php?rest_route=\/wp\/v2\/posts\/24379","targetHints":{"allow":["GET"]}}],"collection":[{"href":"http:\/\/www.korhanyilmaz.com\/index.php?rest_route=\/wp\/v2\/posts"}],"about":[{"href":"http:\/\/www.korhanyilmaz.com\/index.php?rest_route=\/wp\/v2\/types\/post"}],"author":[{"embeddable":true,"href":"http:\/\/www.korhanyilmaz.com\/index.php?rest_route=\/wp\/v2\/users\/1"}],"replies":[{"embeddable":true,"href":"http:\/\/www.korhanyilmaz.com\/index.php?rest_route=%2Fwp%2Fv2%2Fcomments&post=24379"}],"version-history":[{"count":0,"href":"http:\/\/www.korhanyilmaz.com\/index.php?rest_route=\/wp\/v2\/posts\/24379\/revisions"}],"wp:attachment":[{"href":"http:\/\/www.korhanyilmaz.com\/index.php?rest_route=%2Fwp%2Fv2%2Fmedia&parent=24379"}],"wp:term":[{"taxonomy":"category","embeddable":true,"href":"http:\/\/www.korhanyilmaz.com\/index.php?rest_route=%2Fwp%2Fv2%2Fcategories&post=24379"},{"taxonomy":"post_tag","embeddable":true,"href":"http:\/\/www.korhanyilmaz.com\/index.php?rest_route=%2Fwp%2Fv2%2Ftags&post=24379"}],"curies":[{"name":"wp","href":"https:\/\/api.w.org\/{rel}","templated":true}]}}