{"id":24367,"date":"2010-07-20T17:16:07","date_gmt":"2010-07-20T17:16:07","guid":{"rendered":"http:\/\/www.korhanyilmaz.com\/?p=24367"},"modified":"2010-07-20T17:16:07","modified_gmt":"2010-07-20T17:16:07","slug":"bdpden-basbakana-timsah-gozyaslari","status":"publish","type":"post","link":"http:\/\/www.korhanyilmaz.com\/?p=24367","title":{"rendered":"BDP&#8217;den Ba\u015fbakan&#8217;a: &#8220;Timsah g\u00f6zya\u015flar\u0131&#8221;"},"content":{"rendered":"<p><a href=\"http:\/\/www.korhanyilmaz.com\/wp-content\/uploads\/2010\/07\/328.jpg\"  class=\"lightview\"><img loading=\"lazy\" decoding=\"async\" class=\"aligncenter size-full wp-image-24368\" src=\"http:\/\/www.korhanyilmaz.com\/wp-content\/uploads\/2010\/07\/328.jpg\" alt=\"\" width=\"292\" height=\"225\" \/><\/a><\/p>\n<p style=\"text-align: justify;\">BDP Genel Ba\u015fkan Yard\u0131mc\u0131s\u0131 G\u00fcltan K\u0131\u015fanak, referandumu boykot edenlerin say\u0131s\u0131n\u0131n, &#8220;evet&#8221; ya da &#8220;hay\u0131r&#8221; diyenlerin say\u0131s\u0131ndan fazla olaca\u011f\u0131n\u0131 savunarak, &#8220;13 Eyl\u00fcl sabah\u0131, halk\u0131n anayasas\u0131n\u0131 in\u015fa s\u00fcreci ba\u015flataca\u011f\u0131z&#8221; dedi. Ba\u015fbakan Erdo\u011fan&#8217;\u0131n, kendilerinin ya\u015fad\u0131klar\u0131 ac\u0131lar \u00fczerinden siyaset yapt\u0131\u011f\u0131n\u0131 iddia eden K\u0131\u015fanak, &#8220;G\u00f6zya\u015flar\u0131n timsah g\u00f6zya\u015f\u0131 de\u011filse i\u015fkenceciler i\u00e7in soru\u015fturma ba\u015flat\u0131rs\u0131n&#8221; de\u011ferlendirmesinde bulundu. <!--more--><\/p>\n<p style=\"text-align: justify;\">K\u0131\u015fanak, partisinin grup toplant\u0131s\u0131nda yapt\u0131\u011f\u0131 konu\u015fmada, Ba\u015fbakan Recep Tayyip Erdo\u011fan&#8217;\u0131n, sivil toplum kurulu\u015flar\u0131n\u0131n kad\u0131n temsilcileri ile yapt\u0131\u011f\u0131 toplant\u0131da &#8220;herkesi dinliyormu\u015f gibi yapt\u0131\u011f\u0131n\u0131 ancak kendi bildi\u011fini okudu\u011funu&#8221; iddia etti.<\/p>\n<p style=\"text-align: justify;\">Erdo\u011fan&#8217;\u0131n, &#8220;kendi politikas\u0131n\u0131 dikte ettirmeye \u00e7al\u0131\u015ft\u0131\u011f\u0131n\u0131&#8221; savunan K\u0131\u015fanak, &#8220;Say\u0131n Ba\u015fbakan, ak\u0131l verme biraz kulak ver. Bize talimat, icazet verme&#8221; diye konu\u015ftu.<\/p>\n<p style=\"text-align: justify;\">Erdo\u011fan&#8217;\u0131n s\u00f6z konusu toplant\u0131da, Diyarbak\u0131rl\u0131 Sakine Arat&#8217;\u0131n hayat hikayesinden de bahsetti\u011fini an\u0131msatan K\u0131\u015fanak, Arat&#8217;\u0131n b\u00fct\u00fcn \u00f6m\u00fcr\u00fcn\u00fcn, K\u00fcrt sorununun tarih\u00e7esi gibi oldu\u011funu ifade etti.<\/p>\n<p style=\"text-align: justify;\">K\u0131\u015fanak, &#8220;Ba\u015fbakan ne Sakine Anay\u0131 anl\u0131yor, ne Sakine Ana gibi olan asker annelerini anl\u0131yor. Bar\u0131\u015f annelerinin sesini duymayanlar, bug\u00fcn kalk\u0131p Sakine Ana&#8217;ya s\u0131\u011f\u0131narak siyaset yap\u0131yorlar&#8221; diye konu\u015ftu.<\/p>\n<p style=\"text-align: justify;\">Ba\u015fbakan Erdo\u011fan&#8217;\u0131n, ayn\u0131 toplant\u0131da Arjantin ve \u0130rlanda&#8217;dan \u00f6rnekler vererek kad\u0131nlara tavsiyelerde bulundu\u011funu anlatan K\u0131\u015fanak, Erdo\u011fan&#8217;\u0131n, s\u00f6z konusu iki \u00fclkede neler ya\u015fand\u0131\u011f\u0131n\u0131 ve sorunlar\u0131n nas\u0131l \u00e7\u00f6z\u00fcld\u00fc\u011f\u00fcn\u00fc iyi \u00f6\u011frenmesi gerekti\u011fini s\u00f6yledi. K\u0131\u015fanak, Arjantin&#8217;de i\u015fkenceci generallerin yarg\u0131 kar\u015f\u0131s\u0131na \u00e7\u0131kar\u0131ld\u0131\u011f\u0131n\u0131, \u0130rlanda&#8217;da halk\u0131n temel taleplerinin hayat bulmaya ba\u015flad\u0131\u011f\u0131n\u0131 ifade etti.<\/p>\n<p style=\"text-align: justify;\"><strong>&#8220;\u00d6zel birlik&#8221; konusu <\/strong><\/p>\n<p style=\"text-align: justify;\">H\u00fck\u00fcmetin g\u00fcndeminde &#8220;\u00f6zel birlik&#8221; konusunun bulundu\u011funu kaydeden K\u0131\u015fanak, mevcut ordunun d\u00f6rtte birinin zaten profesyonel askerlerden olu\u015ftu\u011funu s\u00f6yledi. K\u0131\u015fanak, Erdo\u011fan&#8217;\u0131n, 30 y\u0131ld\u0131r uygulanan ve &#8220;derde derman olmad\u0131\u011f\u0131&#8221; ortaya \u00e7\u0131kan y\u00f6ntemi bir kez daha \u00e7\u00f6z\u00fcm olarak topluma sundu\u011funu iddia etti.<\/p>\n<p style=\"text-align: justify;\">G\u00fcltan K\u0131\u015fanak, Erdo\u011fan&#8217;\u0131n, &#8220;\u015fiddet politikalar\u0131 \u00fczerine de\u011fil, \u00e7\u00f6z\u00fcm politikalar\u0131 \u00fczerine&#8221; d\u00fc\u015f\u00fcnmesi gerekti\u011fini ifade etti.<\/p>\n<p style=\"text-align: justify;\">&#8220;K\u00fcrt a\u00e7\u0131l\u0131m\u0131 konusunda son bir y\u0131ldaki en iyi geli\u015fmenin bar\u0131\u015f el\u00e7ili\u011fi yapmak i\u00e7in Kandil ve Mahmur&#8217;dan gelen grup&#8221; oldu\u011funu belirten K\u0131\u015fanak, ancak daha sonra Mahmur kamp\u0131na geri d\u00f6n\u00fc\u015f\u00fcn ger\u00e7ekle\u015fti\u011fini s\u00f6yledi. K\u0131\u015fanak, &#8220;Bu durum, AKP h\u00fck\u00fcmetinin sahte a\u00e7\u0131l\u0131m\u0131na vurulan en b\u00fcy\u00fck darbedir&#8221; dedi.<\/p>\n<p style=\"text-align: justify;\">Baz\u0131 gazetelerde, &#8220;ordunun i\u00e7inde ter\u00f6r \u00f6rg\u00fct\u00fc PKK&#8217;y\u0131 destekleyenlerin bulundu\u011funun tespit edildi\u011fi&#8221; y\u00f6n\u00fcnde haberler yay\u0131mland\u0131\u011f\u0131n\u0131 belirten K\u0131\u015fanak, &#8220;T\u00fcrkiye halk\u0131n\u0131 ak\u0131ls\u0131z yerine koymay\u0131n. Ordunun i\u00e7inde PKK&#8217;y\u0131 destekleyen \u00fcst d\u00fczey insanlar, 3 y\u0131l boyunca bu orduda halen nas\u0131l bar\u0131nabiliyor. Bu sorunun cevab\u0131n\u0131 vermeleri gerekiyor. 3 y\u0131ld\u0131r bu soru\u015fturma neden savsakland\u0131. Bu soru\u015fturmadan niye bir sonu\u00e7 \u00e7\u0131kmad\u0131? Bunun cevab\u0131n\u0131n verilmesi gerekiyor&#8221; diye konu\u015ftu.<\/p>\n<p style=\"text-align: justify;\"><strong>Timsah g\u00f6zya\u015flar\u0131 <\/strong><\/p>\n<p style=\"text-align: justify;\">G\u00fcltan K\u0131\u015fanak, 12 Eyl\u00fcl darbe d\u00f6neminde i\u015fkence g\u00f6renlerden birinin de kendisi oldu\u011funu, bu i\u015fkencenin izlerini halen v\u00fccudunda ta\u015f\u0131d\u0131\u011f\u0131n\u0131 s\u00f6yledi.<\/p>\n<p style=\"text-align: justify;\">Ba\u015fbakan Erdo\u011fan&#8217;\u0131n, kendilerinin ya\u015fad\u0131klar\u0131 ac\u0131lar \u00fczerinden siyaset yapt\u0131\u011f\u0131n\u0131 iddia eden K\u0131\u015fanak, &#8220;\u0130\u015fkence yapanlardan hesap sormak i\u00e7in Anayasay\u0131 m\u0131 de\u011fi\u015ftirmek gerekiyordu? Neden \u015fimdiye kadar bunun hesab\u0131n\u0131 sormad\u0131n\u0131z? G\u00f6zya\u015flar\u0131n timsah g\u00f6zya\u015f\u0131 de\u011filse i\u015fkenceciler i\u00e7in soru\u015fturma ba\u015flat\u0131rs\u0131n?&#8221; dedi.<\/p>\n<p style=\"text-align: justify;\">K\u0131\u015fanak, yap\u0131lan Anayasa de\u011fi\u015fikli\u011finde darbe yapanlar\u0131n yarg\u0131lanmas\u0131n\u0131 engelleyen maddenin kald\u0131r\u0131ld\u0131\u011f\u0131n\u0131 ancak darbe yapanlar\u0131n yarg\u0131lan\u0131p yarg\u0131lanmayaca\u011f\u0131n\u0131n me\u00e7hul oldu\u011funu s\u00f6yledi.<\/p>\n<p style=\"text-align: justify;\">Anayasa de\u011fi\u015fiklik paketinin &#8220;yama anayasa&#8221; oldu\u011funu belirten K\u0131\u015fanak, toplumun tamamen yeni bir anayasa istedi\u011fini s\u00f6yledi. Bu talebin kar\u015f\u0131s\u0131nda &#8220;AK Parti&#8217;nin direndi\u011fini&#8221; iddia eden K\u0131\u015fanak, \u015funlar\u0131 s\u00f6yledi:<\/p>\n<p style=\"text-align: justify;\">&#8220;AKP yapt\u0131\u011f\u0131 bu yamayla, makyajla lime lime olan 12 Eyl\u00fcl fa\u015fist anayasas\u0131n\u0131 onar\u0131p tamir edip yoluna devam etmek istiyor. Bu, &#8217;12 Eyl\u00fcl darbe anayasas\u0131 ile devam edelim&#8217; anlam\u0131na geliyor. AKP, hem bu vesayet\u00e7i anayasan\u0131n \u00f6mr\u00fcn\u00fc uzatmak hem de \u00e7\u0131kacak sonuca g\u00f6re AKP&#8217;nin hanesine bir ba\u015far\u0131 yazmak istiyor. AKP&#8217;nin yapt\u0131\u011f\u0131 ile 82 Anayasas\u0131nda Kenan Evren&#8217;in yapt\u0131\u011f\u0131 ayn\u0131 \u015feydir.<\/p>\n<p style=\"text-align: justify;\">\u015eimdi halk\u0131n anayasa yapmas\u0131n\u0131n zaman\u0131 geldi. \u015eimdiye kadar bu \u00fclkede anayasalar hep darbe d\u00f6neminde yap\u0131ld\u0131. \u0130lk kez halk\u0131n \u00f6n\u00fcne f\u0131rsat \u00e7\u0131kt\u0131. Bu referandumda halk sand\u0131\u011fa gitmeyerek. &#8216;ben fa\u015fist anayasas\u0131n\u0131 yamal\u0131 da olsa kabul etmiyorum. Yeni bir anayasa istiyorum&#8217; diyecek. Referandumu boykot edenlerin say\u0131s\u0131, &#8216;evet&#8217; ya da &#8216;hay\u0131r&#8217; diyenlerin say\u0131s\u0131nda fazla olacak. 13 Eyl\u00fcl sabah\u0131 halk\u0131n anayasas\u0131n\u0131 in\u015fa s\u00fcreci ba\u015flataca\u011f\u0131z. Fa\u015fist anayasaya k\u0131rm\u0131z\u0131 kart g\u00f6sterece\u011fiz.&#8221;<\/p>\n<p style=\"text-align: justify;\"><span style=\"color: #888888;\">CNN T\u00dcRK<\/span><\/p>\n","protected":false},"excerpt":{"rendered":"<\/p>\n<p style=\"text-align: justify;\">BDP Genel Ba\u015fkan Yard\u0131mc\u0131s\u0131 G\u00fcltan K\u0131\u015fanak, referandumu boykot edenlerin say\u0131s\u0131n\u0131n, &#8220;evet&#8221; ya da &#8220;hay\u0131r&#8221; diyenlerin say\u0131s\u0131ndan fazla olaca\u011f\u0131n\u0131 savunarak, &#8220;13 Eyl\u00fcl sabah\u0131, halk\u0131n anayasas\u0131n\u0131 in\u015fa s\u00fcreci ba\u015flataca\u011f\u0131z&#8221; dedi. Ba\u015fbakan Erdo\u011fan&#8217;\u0131n, kendilerinin ya\u015fad\u0131klar\u0131 ac\u0131lar \u00fczerinden siyaset yapt\u0131\u011f\u0131n\u0131 iddia eden K\u0131\u015fanak, &#8220;G\u00f6zya\u015flar\u0131n timsah g\u00f6zya\u015f\u0131 de\u011filse i\u015fkenceciler i\u00e7in soru\u015fturma ba\u015flat\u0131rs\u0131n&#8221; de\u011ferlendirmesinde bulundu. <\/p>\n","protected":false},"author":1,"featured_media":0,"comment_status":"open","ping_status":"closed","sticky":false,"template":"","format":"standard","meta":{"footnotes":""},"categories":[105],"tags":[],"class_list":["post-24367","post","type-post","status-publish","format-standard","hentry","category-gundem","odd"],"_links":{"self":[{"href":"http:\/\/www.korhanyilmaz.com\/index.php?rest_route=\/wp\/v2\/posts\/24367","targetHints":{"allow":["GET"]}}],"collection":[{"href":"http:\/\/www.korhanyilmaz.com\/index.php?rest_route=\/wp\/v2\/posts"}],"about":[{"href":"http:\/\/www.korhanyilmaz.com\/index.php?rest_route=\/wp\/v2\/types\/post"}],"author":[{"embeddable":true,"href":"http:\/\/www.korhanyilmaz.com\/index.php?rest_route=\/wp\/v2\/users\/1"}],"replies":[{"embeddable":true,"href":"http:\/\/www.korhanyilmaz.com\/index.php?rest_route=%2Fwp%2Fv2%2Fcomments&post=24367"}],"version-history":[{"count":0,"href":"http:\/\/www.korhanyilmaz.com\/index.php?rest_route=\/wp\/v2\/posts\/24367\/revisions"}],"wp:attachment":[{"href":"http:\/\/www.korhanyilmaz.com\/index.php?rest_route=%2Fwp%2Fv2%2Fmedia&parent=24367"}],"wp:term":[{"taxonomy":"category","embeddable":true,"href":"http:\/\/www.korhanyilmaz.com\/index.php?rest_route=%2Fwp%2Fv2%2Fcategories&post=24367"},{"taxonomy":"post_tag","embeddable":true,"href":"http:\/\/www.korhanyilmaz.com\/index.php?rest_route=%2Fwp%2Fv2%2Ftags&post=24367"}],"curies":[{"name":"wp","href":"https:\/\/api.w.org\/{rel}","templated":true}]}}