{"id":24362,"date":"2010-07-20T17:41:24","date_gmt":"2010-07-20T17:41:24","guid":{"rendered":"http:\/\/www.korhanyilmaz.com\/?p=24362"},"modified":"2010-07-20T17:41:24","modified_gmt":"2010-07-20T17:41:24","slug":"hakkaride-ve-vanda-pkk-saldirilari-7-sehit","status":"publish","type":"post","link":"http:\/\/www.korhanyilmaz.com\/?p=24362","title":{"rendered":"Hakkari&#8217;de ve Van&#8217;da PKK sald\u0131r\u0131lar\u0131: 7 \u015fehit"},"content":{"rendered":"<p><a href=\"http:\/\/www.korhanyilmaz.com\/wp-content\/uploads\/2010\/07\/327.jpg\"  class=\"lightview\"><img loading=\"lazy\" decoding=\"async\" class=\"aligncenter size-full wp-image-24363\" src=\"http:\/\/www.korhanyilmaz.com\/wp-content\/uploads\/2010\/07\/327.jpg\" alt=\"\" width=\"292\" height=\"219\" \/><\/a><\/p>\n<p style=\"text-align: justify;\">Hakkari&#8217;nin \u00c7ukurca il\u00e7esinde ter\u00f6r \u00f6rg\u00fct\u00fc PKK ile g\u00fcvenlik g\u00fc\u00e7leri aras\u0131nda \u00e7\u0131kan \u00e7at\u0131\u015fmada 6 asker \u015fehit oldu, 9 asker yaraland\u0131. Van&#8217;\u0131n G\u00fcrp\u0131nar il\u00e7esinde de PKK&#8217;l\u0131lar operasyon b\u00f6lgesine giden askerlere ate\u015f a\u00e7t\u0131, 1 asker \u015fehit oldu.<!--more--><\/p>\n<p style=\"text-align: justify;\"><strong>Hakkari:<\/strong><\/p>\n<p style=\"text-align: justify;\">Genelkurmay Ba\u015fkanl\u0131\u011f\u0131&#8217;ndan yap\u0131lan a\u00e7\u0131klamaya g\u00f6re, Hakk\u00e2ri&#8217;nin \u00c7ukurca il\u00e7esi da\u011fl\u0131k arazi kesiminde konu\u015flu bir birli\u011fe, gece saat 02.00 s\u0131ralar\u0131nda b\u00f6l\u00fcc\u00fc ter\u00f6r \u00f6rg\u00fct\u00fc mensuplar\u0131nca sald\u0131r\u0131 giri\u015fiminde bulunuldu.<\/p>\n<p style=\"text-align: justify;\">A\u00e7\u0131klamada, &#8220;Sald\u0131r\u0131 giri\u015fimine kar\u015f\u0131 birlik taraf\u0131ndan g\u00f6sterilen reaksiyon esnas\u0131nda \u00e7\u0131kan \u00e7at\u0131\u015fmada 1 \u00dcste\u011fmen, 4 Uzman Erba\u015f ve 1 Erba\u015f \u015fehit olmu\u015f, ayr\u0131ca 9 Er hafif \u015fekilde yaralanm\u0131\u015ft\u0131r. B\u00f6lge \u0130HA, taarruz helikopteri ve birliklerle takviye edilmi\u015f olup, operasyonlar devam etmektedir. Geli\u015fmeler hakk\u0131nda ayr\u0131ca bilgi verilecektir&#8221; denildi.<\/p>\n<p style=\"text-align: justify;\"><strong>Van:<\/strong><\/p>\n<p style=\"text-align: justify;\">Van&#8217;\u0131n G\u00fcrp\u0131nar il\u00e7esi Yal\u0131nca b\u00f6lgesinde de, operasyon halindeki g\u00fcvenlik g\u00fc\u00e7lerine, ter\u00f6r \u00f6rg\u00fct\u00fc PKK \u00fcyelerince taciz ate\u015fi a\u00e7\u0131ld\u0131.<\/p>\n<p style=\"text-align: justify;\">Ate\u015fte, bir asker \u015fehit oldu. B\u00f6lgede hava destekli geni\u015f \u00e7apl\u0131 operasyon devam ediyor.<\/p>\n<p style=\"text-align: justify;\"><span style=\"color: #888888;\">CNN T\u00dcRK<\/span><\/p>\n","protected":false},"excerpt":{"rendered":"<\/p>\n<p style=\"text-align: justify;\">Hakkari&#8217;nin \u00c7ukurca il\u00e7esinde ter\u00f6r \u00f6rg\u00fct\u00fc PKK ile g\u00fcvenlik g\u00fc\u00e7leri aras\u0131nda \u00e7\u0131kan \u00e7at\u0131\u015fmada 6 asker \u015fehit oldu, 9 asker yaraland\u0131. Van&#8217;\u0131n G\u00fcrp\u0131nar il\u00e7esinde de PKK&#8217;l\u0131lar operasyon b\u00f6lgesine giden askerlere ate\u015f a\u00e7t\u0131, 1 asker \u015fehit oldu.<\/p>\n","protected":false},"author":1,"featured_media":0,"comment_status":"open","ping_status":"closed","sticky":false,"template":"","format":"standard","meta":{"footnotes":""},"categories":[105],"tags":[],"class_list":["post-24362","post","type-post","status-publish","format-standard","hentry","category-gundem","odd"],"_links":{"self":[{"href":"http:\/\/www.korhanyilmaz.com\/index.php?rest_route=\/wp\/v2\/posts\/24362","targetHints":{"allow":["GET"]}}],"collection":[{"href":"http:\/\/www.korhanyilmaz.com\/index.php?rest_route=\/wp\/v2\/posts"}],"about":[{"href":"http:\/\/www.korhanyilmaz.com\/index.php?rest_route=\/wp\/v2\/types\/post"}],"author":[{"embeddable":true,"href":"http:\/\/www.korhanyilmaz.com\/index.php?rest_route=\/wp\/v2\/users\/1"}],"replies":[{"embeddable":true,"href":"http:\/\/www.korhanyilmaz.com\/index.php?rest_route=%2Fwp%2Fv2%2Fcomments&post=24362"}],"version-history":[{"count":0,"href":"http:\/\/www.korhanyilmaz.com\/index.php?rest_route=\/wp\/v2\/posts\/24362\/revisions"}],"wp:attachment":[{"href":"http:\/\/www.korhanyilmaz.com\/index.php?rest_route=%2Fwp%2Fv2%2Fmedia&parent=24362"}],"wp:term":[{"taxonomy":"category","embeddable":true,"href":"http:\/\/www.korhanyilmaz.com\/index.php?rest_route=%2Fwp%2Fv2%2Fcategories&post=24362"},{"taxonomy":"post_tag","embeddable":true,"href":"http:\/\/www.korhanyilmaz.com\/index.php?rest_route=%2Fwp%2Fv2%2Ftags&post=24362"}],"curies":[{"name":"wp","href":"https:\/\/api.w.org\/{rel}","templated":true}]}}