{"id":24359,"date":"2010-07-20T15:18:40","date_gmt":"2010-07-20T15:18:40","guid":{"rendered":"http:\/\/www.korhanyilmaz.com\/?p=24359"},"modified":"2010-07-20T15:18:40","modified_gmt":"2010-07-20T15:18:40","slug":"bahceli-erdogan-sureci-oyaliyor","status":"publish","type":"post","link":"http:\/\/www.korhanyilmaz.com\/?p=24359","title":{"rendered":"Bah\u00e7eli: &#8220;Erdo\u011fan s\u00fcreci oyal\u0131yor&#8221;"},"content":{"rendered":"<p><a href=\"http:\/\/www.korhanyilmaz.com\/wp-content\/uploads\/2010\/07\/326.jpg\"  class=\"lightview\"><img loading=\"lazy\" decoding=\"async\" class=\"aligncenter size-full wp-image-24360\" src=\"http:\/\/www.korhanyilmaz.com\/wp-content\/uploads\/2010\/07\/326.jpg\" alt=\"\" width=\"292\" height=\"203\" \/><\/a><\/p>\n<p style=\"text-align: justify;\">MHP lideri Devlet Bah\u00e7eli, ter\u00f6rle m\u00fccadelede h\u00fck\u00fcmetin &#8220;i\u015fi askere havale ederek bu sorumlulu\u011fundan ve kararlardan ka\u00e7man\u0131n, s\u00fcreci oyalaman\u0131n hesab\u0131n\u0131 yapt\u0131\u011f\u0131n\u0131&#8221; \u00f6ne s\u00fcrd\u00fc.<\/p>\n<p style=\"text-align: justify;\">MHP lideri Bah\u00e7eli, partisinin grup toplant\u0131s\u0131nda konu\u015ftu. <!--more--><\/p>\n<p style=\"text-align: justify;\">Son g\u00fcnlerde Ba\u015fbakan Erdo\u011fan&#8217;\u0131n b\u00f6l\u00fcc\u00fc ter\u00f6rle m\u00fccadelede y\u0131llar sonra akl\u0131na &#8220;profesyonel ordu, \u00f6zel ordu, s\u0131n\u0131r ordusu, \u00f6zel birlik&#8221; gibi isimlerle an\u0131lan bir yeni silahl\u0131 yap\u0131lanma geldi\u011fini ifade eden Bah\u00e7eli, &#8220;Biz, \u015fayet can kay\u0131plar\u0131m\u0131z\u0131 \u00f6nleyecekse, ter\u00f6r\u00fc bir nebze azaltacaksa, al\u0131nacak her yasal tedbirin arkas\u0131nda oluruz ve do\u011fru i\u015fler yap\u0131lacaksa sonuna kadar da destekleriz. Ancak bu tedbir kal\u0131c\u0131 ve k\u00f6kl\u00fc de\u011fil tali bir tedbirdir. Ter\u00f6rizmi tamamen ortadan kald\u0131rmaya de\u011fil, ter\u00f6rizmle m\u00fccadeleyi oyalamaya y\u00f6nelik bir taktiktir&#8221; dedi.<\/p>\n<p style=\"text-align: justify;\">Ter\u00f6rle m\u00fccadelede tek y\u00f6ntem \u00f6zel hudut birlikleriymi\u015f gibi sunularak kamuoyunda bu yapay g\u00fcndem \u00fczerinden tart\u0131\u015fma ba\u015flad\u0131\u011f\u0131n\u0131 belirten Bah\u00e7eli, &#8220;Elbette ki, bu konuda ter\u00f6rizmle m\u00fccadeleden \u00f6nce, ter\u00f6ristle m\u00fccadelenin bir par\u00e7as\u0131d\u0131r ve d\u00fc\u015f\u00fcn\u00fclebilecek bir tedbirdir. Ancak b\u00f6l\u00fcc\u00fcl\u00fc\u011f\u00fc ve ter\u00f6rizmi durdurmak i\u00e7in s\u0131n\u0131ra \u00f6zel birlikler d\u0131\u015f\u0131nda \u00e7ok daha etkili siyasi karar gerektiren tedbirler de al\u0131nmak durumundad\u0131r&#8221; dedi.<\/p>\n<p style=\"text-align: justify;\">Bah\u00e7eli, &#8220;Madem ki \u00f6zel yeti\u015fmi\u015f g\u00fcvenlik elemanlar\u0131n\u0131n bu i\u015fin \u00fcstesinden gelebilece\u011fini s\u00f6yl\u00fcyorsunuz, o halde Emniyet Genel M\u00fcd\u00fcrl\u00fc\u011f\u00fc b\u00fcnyesinde olu\u015fan \u00d6zel Harekat timini y\u0131llar \u00f6nce neden b\u00f6lgeden \u00e7ektiniz? Ve milletimizin esenli\u011fi i\u00e7in ter\u00f6rle m\u00fccadelede say\u0131s\u0131z \u015fehit vermi\u015f kahraman \u00d6zel Harekat polisinin aziz hat\u0131ralar\u0131n\u0131, \u015feref ve haysiyetini incitecek \u015fekilde, b\u0131y\u0131\u011f\u0131 \u00fczerinden utanmadan hakaretler ediyorsunuz. Bunlar\u0131n, kendi ifadenizle MHP&#8217;li olduklar\u0131n\u0131 s\u00f6yleyip y\u00f6renin \u015fartlar\u0131n\u0131 g\u00f6r\u00fcnce siyasetimize g\u00f6n\u00fcl vermi\u015f olmalar\u0131ndan ve bunu bahane edip Milliyet\u00e7i-\u00dclk\u00fcc\u00fc camian\u0131n kahraman evlatlar\u0131ndan neden rahats\u0131z oluyorsunuz? Ve \u00fcstelik bunca hakarete ra\u011fmen \u015fimdi ne oldu da yeniden ve benzerini olu\u015fturmaya \u00e7al\u0131\u015f\u0131yorsunuz? Hi\u00e7 kimse, MHP&#8217;yi de, \u00dclk\u00fcc\u00fc gen\u00e7li\u011fi de kendi \u0131rk\u00e7\u0131 zihniyeti i\u00e7in malzeme olarak kullanamaz. T\u00fcrk milletine d\u00fc\u015fmanl\u0131\u011f\u0131n\u0131, T\u00fcrk polisine ve askerine nefretini ilkel ve kimliksiz zihniyetinin siyaset malzemesi yapamaz. <span style=\"text-decoration: underline;\">MHP&#8217;yi ve kadrolar\u0131n\u0131 y\u0131k\u0131c\u0131 ve b\u00f6l\u00fcc\u00fc emelleri i\u00e7in en b\u00fcy\u00fck engel g\u00f6renlerin bizden \u00f6z\u00fcr dilemelerini beklemek ihanetin tabiat\u0131na ayk\u0131r\u0131 olacakt\u0131r. Ancak, AKP zihniyetini hi\u00e7 de\u011filse ge\u00e7mi\u015fi \u015fan \u015ferefle ve \u015fahadetle dolu kahraman \u00d6zel Harekat polislerimizden, \u015fehitlerinin ailelerinden derhal \u00f6z\u00fcr dilemeye \u00e7a\u011f\u0131r\u0131yorum. Aksi takdirde bu al\u00e7akl\u0131k, s\u00f6yleyenin de, s\u00f6yletenin de, g\u00f6z yuman\u0131n da aln\u0131na, nesillerinden bile \u00e7\u0131kmayacak kadar kaz\u0131nm\u0131\u015f bir <strong>\u015ferefsizlik<\/strong> olarak kalacakt\u0131r&#8221; dedi.<\/span><\/p>\n<p style=\"text-align: justify;\"><strong>&#8220;Yanl\u0131\u015f tedavide \u0131srar ediyor&#8221; <\/strong><\/p>\n<p style=\"text-align: justify;\">Ba\u015fbakan&#8217;\u0131n &#8220;ter\u00f6rizme koydu\u011fu yanl\u0131\u015f te\u015fhisten yola \u00e7\u0131karak yanl\u0131\u015f tedavide \u0131srar etti\u011fini&#8221; \u00f6ne s\u00fcren Bah\u00e7eli, &#8220;Ba\u015fbakan\u0131n \u00f6nerisinde, Kandil Da\u011f\u0131na kapsaml\u0131 kara harekat\u0131 yoktur. Barzani&#8217;ye kar\u015f\u0131 PKK&#8217;l\u0131lar\u0131 teslim etmesine y\u00f6nelik bir ihtar ve bask\u0131 yoktur. B\u00f6lgenin i\u015fgalcisi olan Amerika&#8217;ya kar\u015f\u0131 bir dik duru\u015f ve tav\u0131r yoktur. \u0130\u00e7erideki ter\u00f6ristleri besleyen kimlik tahriklerine son vermeye d\u00f6n\u00fck bir pi\u015fmanl\u0131k yoktur. Bunca siyasi lider turundan sonra, s\u0131n\u0131ra dizilecek askerlerimizin profesyonel olmas\u0131ndan ba\u015fka bir \u00f6nerisi de bulunmamaktad\u0131r&#8221; dedi.<\/p>\n<p style=\"text-align: justify;\">Bah\u00e7eli, &#8220;Bir yandan, yurti\u00e7inde &#8216;a\u00e7\u0131l\u0131m&#8217; denen y\u0131k\u0131ma devam edeceksiniz, \u00f6te yandan elinde silah\u0131yla dayanm\u0131\u015f ter\u00f6risti s\u0131n\u0131rda durdurmaya \u00e7al\u0131\u015facaks\u0131n\u0131z&#8230; Bir yandan &#8216;ok yaydan \u00e7\u0131kt\u0131&#8217; deyip kimliklerin tahrikini \u0131srarla s\u00fcrd\u00fcreceksiniz, di\u011fer yandan \u00f6zel birlikler olu\u015fturup, eksik yaln\u0131zca buradaym\u0131\u015f gibi su\u00e7unuzu gizleyeceksiniz&#8230; Bir yandan, Pe\u015fmerge reisine teslim olacaks\u0131n\u0131z, Washington&#8217;a boyun e\u011feceksiniz, di\u011fer yandan b\u00fct\u00fcn eksikli\u011fi askerin yap\u0131s\u0131nda arayacaks\u0131n\u0131z&#8230; Bu tam bir tespit yanl\u0131\u015f\u0131d\u0131r ve sonu\u00e7 vermesi m\u00fcmk\u00fcn de\u011fildir. Elbette ki ter\u00f6rle m\u00fccadeleyi \u00f6zel e\u011fitilmi\u015f profesyonel birliklerle yapmak gerekmektedir. K\u0131smen yararl\u0131 da olabilir. Fakat, burada dikkatimizi \u00e7eken nokta, AKP h\u00fck\u00fcmetleri d\u00f6neminde yap\u0131lm\u0131\u015f toplam 54 Milli G\u00fcvenlik Kurulu toplant\u0131s\u0131nda, s\u00fcrekli ter\u00f6rle m\u00fccadeledeki kararl\u0131l\u0131\u011fa vurgu yap\u0131lm\u0131\u015f olmas\u0131na ra\u011fmen bu konunun a\u00e7\u0131klamalarda g\u00fcndeme getirilmemi\u015f olmas\u0131d\u0131r&#8221; diye konu\u015ftu.<\/p>\n<p style=\"text-align: justify;\">MHP lideri, &#8220;Sekiz y\u0131la yakla\u015fan AKP h\u00fck\u00fcmetlerinin her eylem sonucu toplanan Ter\u00f6rle M\u00fccadele Y\u00fcksek Kurulu toplant\u0131lar\u0131n\u0131n, \u00c7ankaya&#8217;da zaman zaman yap\u0131lan zirvelerin sonu\u00e7 bildirilerinde bu derece \u00f6nem atfedilen konudan bahsedilmemi\u015f bulunmas\u0131d\u0131r. Bu itibarla, Ba\u015fbakan Erdo\u011fan&#8217;\u0131n siyasi \u00e7\u00f6z\u00fcm aray\u0131\u015f\u0131ndan askeri tedbir aray\u0131\u015f\u0131na girmi\u015f olmas\u0131 bile aradaki y\u00fczlerce \u015fehidin vebalini ta\u015f\u0131mas\u0131na ra\u011fmen b\u00fcy\u00fck bir de\u011fi\u015fimdir. Ancak \u015fayet bu bir tedbir ise 8 y\u0131ld\u0131r h\u00fck\u00fcmet olarak Ba\u015fbakan&#8217;\u0131n akl\u0131na \u015fimdi mi gelmi\u015ftir? Bu konuda yapaca\u011f\u0131 giri\u015fim i\u00e7in muhalefet partilerinin g\u00f6r\u00fc\u015f\u00fcn\u00fcn al\u0131nmas\u0131 m\u0131 gerekmektedir? H\u00fck\u00fcmet kendisidir. Kendisi Ba\u015fbakan&#8217;d\u0131r. TBMM&#8217;de \u00e7o\u011funlu\u011fu vard\u0131r. Diledi\u011fi tedbiri alacak durumdad\u0131r&#8221; dedi.<\/p>\n<p style=\"text-align: justify;\"><strong>&#8220;Muhalefet elini ta\u015f\u0131n alt\u0131na koysun&#8221; z\u0131rvas\u0131<\/strong><\/p>\n<p style=\"text-align: justify;\">MHP&#8217;nin daha \u00f6nce yapt\u0131\u011f\u0131 uyar\u0131lar\u0131 s\u0131ralayan Bah\u00e7eli &#8220;Bu itibarla &#8216;muhalefet yap\u0131c\u0131 olsun, muhalefet \u00e7\u00f6z\u00fcm \u00f6nersin, muhalefet elini ta\u015f\u0131n alt\u0131na koysun&#8217; gibi z\u0131rvalar\u0131n hi\u00e7bir anlam\u0131 ve kar\u015f\u0131l\u0131\u011f\u0131 yoktur&#8221; diye konu\u015ftu.<\/p>\n<p style=\"text-align: justify;\">Bah\u00e7eli, b\u00f6l\u00fcc\u00fcl\u00fck ve ter\u00f6rle m\u00fccadelede ba\u015fl\u0131ca \u00f6nerilerini ise &#8220;Kandil b\u00f6lgesine kara harekat\u0131 yap\u0131lmas\u0131 ve \u00f6rg\u00fct\u00fcn imhas\u0131, Irak i\u00e7inde g\u00fcvenlik ku\u015fa\u011f\u0131 olu\u015fturulmas\u0131, PKK a\u00e7\u0131l\u0131m\u0131ndan vazge\u00e7ilmesi, b\u00f6lgede Ola\u011fan\u00fcst\u00fc Hal ilan edilmesi, Kuzey Irak&#8217;a cayd\u0131r\u0131c\u0131l\u0131k stratejisinin uygulanmas\u0131, ter\u00f6rist ba\u015f\u0131n\u0131n temas kanallar\u0131n\u0131n b\u00fct\u00fcn\u00fcyle kesilmesi, etnik tahriklerin ve ayr\u0131mc\u0131l\u0131\u011f\u0131n son bulmas\u0131&#8221; \u015feklinde s\u0131ralad\u0131.<\/p>\n<p style=\"text-align: justify;\">Bah\u00e7eli, &#8220;Bizim ba\u015f\u0131ndan beri &#8216;y\u0131k\u0131m&#8217; ad\u0131n\u0131 verdi\u011fimiz ve tahripkar sonu\u00e7lar\u0131 bilinen &#8216;a\u00e7\u0131l\u0131m&#8217;dan vazge\u00e7ilmedik\u00e7e, g\u00fcvenirli\u011fini kaybetmi\u015f Ba\u015fbakanla y\u00fcz y\u00fcze g\u00f6r\u00fc\u015fme konusundaki \u00e7ekincelerimiz bilinmektedir. Bu a\u00e7\u0131dan, Ba\u015fbakan Erdo\u011fan&#8217;\u0131n &#8216;isti\u015fare niyetimiz maalesef MHP taraf\u0131ndan daha en ba\u015f\u0131ndan reddedilmi\u015ftir&#8217; ifadesi tamam\u0131yla \u00e7arp\u0131tmad\u0131r. \u00dcstelik buna gerek\u00e7e olarak kulland\u0131\u011f\u0131 &#8216;gen\u00e7leri, \u00e7ocuklar\u0131, anneleri, babalar\u0131 T\u00fcrkiye&#8217;nin gelece\u011fini ilgilendiren b\u00f6yle hayati bir meseleden&#8217; ka\u00e7t\u0131\u011f\u0131m\u0131za yoran s\u00f6zleri ise b\u00fct\u00fcn\u00fcyle aldatmad\u0131r. Bu konunun milli bir sorun oldu\u011fu, Ba\u015fbakan&#8217;\u0131n akl\u0131na \u015fimdi mi gelmi\u015ftir? S\u0131n\u0131r\u0131n kapat\u0131lmas\u0131n\u0131n gerekli oldu\u011fu AKP zihniyetinin g\u00fcndemine yeni mi d\u00fc\u015fm\u00fc\u015ft\u00fcr? Bu durum, vizyonsuzlu\u011fun, hesaps\u0131zl\u0131\u011f\u0131n sonucu de\u011fil midir? Bu durum, acziyetin ve yetersizli\u011fin ilan\u0131 de\u011fil midir? AKP zihniyetinin, kusurlar\u0131n gizlemeye \u00e7al\u0131\u015fmalar\u0131n\u0131n sebebi de burada aranmal\u0131d\u0131r. Bunlar, sorumluluklar\u0131n\u0131 payla\u015ft\u0131rmak istiyorlar, su\u00e7lar\u0131na ortak ar\u0131yorlar. Bunlar, yanl\u0131\u015f kararlar\u0131n\u0131 tek ba\u015f\u0131na al\u0131p, vahim sonu\u00e7lar\u0131n\u0131 fig\u00fcranlara payla\u015ft\u0131rmak istiyorlar. Oyun bu, d\u00fczen bunun \u00fczerine, tuzaklar bu hesapla haz\u0131rlan\u0131yor. Milliyet\u00e7i Hareket bu oyuna gelmez, \u00dclk\u00fcc\u00fc Hareket bu tuza\u011fa d\u00fc\u015fmez. Bize \u0131rk\u00e7\u0131, kafatas\u00e7\u0131 diyenleri, elimizin s\u0131k\u0131lmayaca\u011f\u0131n\u0131, bize selam bile verilmeyece\u011fini s\u00f6yleyenleri, kandan beslendi\u011fimiz iftiras\u0131n\u0131 atanlar\u0131 a\u00e7\u0131k\u00e7a \u00f6z\u00fcr dilemedik\u00e7e asla affetmez ve bir araya da gelmez. Ba\u015fbakan Erdo\u011fan bu bata\u011fa bilerek ve isteyerek girmi\u015ftir. Girdik\u00e7e batm\u0131\u015f ve g\u00f6m\u00fclm\u00fc\u015ft\u00fcr. \u015eimdi bizden \u00e7ekip \u00e7\u0131karmam\u0131z\u0131 istemektedir. Bir eli PKK&#8217;dayken, bizim ona uzatacak elimiz yoktur. &#8216;A\u00e7\u0131l\u0131mdan pi\u015fman\u0131m&#8217; demeden yapacak yard\u0131m\u0131m\u0131z da yoktur. E\u011fer, Ba\u015fbakan Erdo\u011fan geriye d\u00f6n\u00fc\u015f\u00fc olmayan bir yola girmi\u015fse, &#8216;ok yaydan \u00e7\u0131kt\u0131&#8217; diyorsa, b\u00f6l\u00fcc\u00fcl\u00fck yolunda yaln\u0131z kalaca\u011f\u0131n\u0131 s\u00f6ylemek isterim. Bilinmelidir ki g\u00f6m\u00fclece\u011fi batakta son pi\u015fmanl\u0131k da fayda etmeyecektir&#8221; dedi.<\/p>\n<p style=\"text-align: justify;\"><strong> Pankart tart\u0131\u015fmas\u0131 <\/strong><\/p>\n<p style=\"text-align: justify;\">Bah\u00e7eli, &#8220;Ayd\u0131n ilinde, tarafs\u0131z ve hakkaniyete sayg\u0131l\u0131, siyaset \u00fcst\u00fc d\u00fc\u015f\u00fcnen ve \u00e7al\u0131\u015fan, liyakatli bir m\u00fclki amirin g\u00f6revlendirilmesi art\u0131k ka\u00e7\u0131n\u0131lmaz hale gelmi\u015ftir&#8221; dedi.<\/p>\n<p style=\"text-align: justify;\">&#8220;MHP Ayd\u0131n \u0130l Ba\u015fkanl\u0131\u011f\u0131na yap\u0131lan sald\u0131r\u0131n\u0131n tamamen keyfi ve haddi a\u015fan bir kanunsuzluk&#8221; oldu\u011funu belirten Bah\u00e7eli, &#8220;Bunu yapan\u0131n ve yapt\u0131ran\u0131n ba\u015fbakan, bakan veya vali olmas\u0131 bu k\u00fcstahl\u0131\u011f\u0131 ve hakareti asla de\u011fi\u015ftirmez. Bu oyunun par\u00e7as\u0131 olan basiretsiz il valisinin Ayd\u0131n&#8217;da g\u00f6rev yapma zemini ve \u015fartlar\u0131 b\u00fct\u00fcn\u00fcyle ortadan kalkm\u0131\u015ft\u0131r. Ve konu \u00f6z\u00fcrle telafi edilemeyecek kadar \u00f6nem ve ciddiyet kazanm\u0131\u015ft\u0131r. Ayd\u0131n ilinde, tarafs\u0131z ve hakkaniyete sayg\u0131l\u0131, siyaset \u00fcst\u00fc d\u00fc\u015f\u00fcnen ve \u00e7al\u0131\u015fan, liyakatli bir m\u00fclki amirin g\u00f6revlendirilmesi art\u0131k ka\u00e7\u0131n\u0131lmaz hale gelmi\u015ftir&#8221; diye konu\u015ftu.<\/p>\n<p style=\"text-align: justify;\">&#8220;Anayasa de\u011fi\u015fikliklerine &#8216;hay\u0131r&#8221; mitinginin ilkini 1 A\u011fustos&#8217;ta Ayd\u0131n&#8217;da yapaca\u011f\u0131n\u0131 bildiren Bah\u00e7eli, &#8220;Ayd\u0131n il ba\u015fkanl\u0131\u011f\u0131m\u0131n \u00f6n\u00fcnde dava arkada\u015flar\u0131mla ve Ayd\u0131nl\u0131larla dimdik haz\u0131r bulunaca\u011f\u0131m. Benimle ayn\u0131 inanc\u0131 payla\u015fan, ayn\u0131 heyecan\u0131 duyan ve y\u00f6netime ders vermek isteyen b\u00fct\u00fcn Egeli karde\u015flerimle, Efelerle, Zeybeklerle bu meydanda kucakla\u015faca\u011f\u0131m&#8221; dedi.<\/p>\n<p style=\"text-align: justify;\"><strong>Anayasa referandumu <\/strong><\/p>\n<p style=\"text-align: justify;\">Halkoyuna sunulan Anayasa de\u011fi\u015fikliklerine olumlu bakan vatanda\u015flara, bu paket i\u00e7inde ne oldu\u011funa de\u011fil, \u00f6ncelikle nelerin olmad\u0131\u011f\u0131na bakmalar\u0131n\u0131 \u00f6neren Bah\u00e7eli, bu Anayasa de\u011fi\u015fikli\u011finde &#8220;Demokrasi aray\u0131\u015f\u0131, hukukun \u00fcst\u00fcnl\u00fc\u011f\u00fc \u00f6zlemi, milli iradeyi hakim k\u0131lma iste\u011fi, milletin hukuku, ba\u011f\u0131ms\u0131z, tarafs\u0131z yarg\u0131 ve hukuk devleti, T\u00fcrk milletinin sorunlar\u0131 ve s\u0131k\u0131nt\u0131lar\u0131, yoksullu\u011fa, a\u00e7l\u0131\u011fa, i\u015fsizli\u011fe, hayat pahal\u0131l\u0131\u011f\u0131na \u00e7\u00f6z\u00fcm&#8221; olmad\u0131\u011f\u0131n\u0131 kaydetti.<\/p>\n<p style=\"text-align: justify;\">Bah\u00e7eli, &#8220;Hesap ba\u015fkad\u0131r. Bunlar\u0131n niyetleri; yarg\u0131 ba\u011f\u0131ms\u0131zl\u0131\u011f\u0131 de\u011fil, kendisine ba\u011fl\u0131 ve ba\u011f\u0131ml\u0131 yarg\u0131 yaratmakt\u0131r. T\u00fcrk milletine \u00f6zg\u00fcrl\u00fck de\u011fil, etnik b\u00f6l\u00fcc\u00fcl\u00fck dayatmakt\u0131r. T\u00fcrk milli kimli\u011fini de\u011fi\u015ftirmek, devletin temellerini y\u0131kmakt\u0131r. Yolsuzluk, vurgun ve h\u0131rs\u0131zl\u0131k i\u00e7in \u00f6zg\u00fcrl\u00fck alan\u0131 a\u00e7makt\u0131r. Milletin hukukunu savunmak de\u011fil, Habur&#8217;daki \u00e7ad\u0131r mahkemesinin devam\u0131n\u0131 getirmektir. D\u00fczmece hukuk ile adalet \u00f6n\u00fcnde hesap vermekten ka\u00e7makt\u0131r&#8221; dedi.<\/p>\n<p style=\"text-align: justify;\">Bah\u00e7eli, referandumda &#8220;hay\u0131r&#8221;\u0131n, &#8220;Nafile ka\u00e7acak delik aramay\u0131n, \u015fahadetlerin hesab\u0131n\u0131 bir bir soraca\u011f\u0131m, kurtulu\u015funuz yoktur, al\u00e7aklar\u0131n yakas\u0131na yap\u0131\u015faca\u011f\u0131m&#8221; anlam\u0131na gelece\u011fini savundu.<\/p>\n<p style=\"text-align: justify;\"><span style=\"color: #888888;\">CNN T\u00dcRK<\/span><\/p>\n","protected":false},"excerpt":{"rendered":"<\/p>\n<p style=\"text-align: justify;\">MHP lideri Devlet Bah\u00e7eli, ter\u00f6rle m\u00fccadelede h\u00fck\u00fcmetin &#8220;i\u015fi askere havale ederek bu sorumlulu\u011fundan ve kararlardan ka\u00e7man\u0131n, s\u00fcreci oyalaman\u0131n hesab\u0131n\u0131 yapt\u0131\u011f\u0131n\u0131&#8221; \u00f6ne s\u00fcrd\u00fc.<\/p>\n<p style=\"text-align: justify;\">MHP lideri Bah\u00e7eli, partisinin grup toplant\u0131s\u0131nda konu\u015ftu. <\/p>\n","protected":false},"author":1,"featured_media":0,"comment_status":"open","ping_status":"closed","sticky":false,"template":"","format":"standard","meta":{"footnotes":""},"categories":[105],"tags":[],"class_list":["post-24359","post","type-post","status-publish","format-standard","hentry","category-gundem","odd"],"_links":{"self":[{"href":"http:\/\/www.korhanyilmaz.com\/index.php?rest_route=\/wp\/v2\/posts\/24359","targetHints":{"allow":["GET"]}}],"collection":[{"href":"http:\/\/www.korhanyilmaz.com\/index.php?rest_route=\/wp\/v2\/posts"}],"about":[{"href":"http:\/\/www.korhanyilmaz.com\/index.php?rest_route=\/wp\/v2\/types\/post"}],"author":[{"embeddable":true,"href":"http:\/\/www.korhanyilmaz.com\/index.php?rest_route=\/wp\/v2\/users\/1"}],"replies":[{"embeddable":true,"href":"http:\/\/www.korhanyilmaz.com\/index.php?rest_route=%2Fwp%2Fv2%2Fcomments&post=24359"}],"version-history":[{"count":0,"href":"http:\/\/www.korhanyilmaz.com\/index.php?rest_route=\/wp\/v2\/posts\/24359\/revisions"}],"wp:attachment":[{"href":"http:\/\/www.korhanyilmaz.com\/index.php?rest_route=%2Fwp%2Fv2%2Fmedia&parent=24359"}],"wp:term":[{"taxonomy":"category","embeddable":true,"href":"http:\/\/www.korhanyilmaz.com\/index.php?rest_route=%2Fwp%2Fv2%2Fcategories&post=24359"},{"taxonomy":"post_tag","embeddable":true,"href":"http:\/\/www.korhanyilmaz.com\/index.php?rest_route=%2Fwp%2Fv2%2Ftags&post=24359"}],"curies":[{"name":"wp","href":"https:\/\/api.w.org\/{rel}","templated":true}]}}