{"id":24355,"date":"2010-07-20T18:14:57","date_gmt":"2010-07-20T18:14:57","guid":{"rendered":"http:\/\/www.korhanyilmaz.com\/?p=24355"},"modified":"2010-07-20T18:14:57","modified_gmt":"2010-07-20T18:14:57","slug":"kilicdarogluna-gore-aglama-numarasi","status":"publish","type":"post","link":"http:\/\/www.korhanyilmaz.com\/?p=24355","title":{"rendered":"K\u0131l\u0131\u00e7daro\u011flu&#8217;na g\u00f6re a\u011flama numaras\u0131"},"content":{"rendered":"<p><a href=\"http:\/\/www.korhanyilmaz.com\/wp-content\/uploads\/2010\/07\/325.jpg\"  class=\"lightview\"><img loading=\"lazy\" decoding=\"async\" class=\"aligncenter size-full wp-image-24356\" src=\"http:\/\/www.korhanyilmaz.com\/wp-content\/uploads\/2010\/07\/325.jpg\" alt=\"\" width=\"292\" height=\"224\" \/><\/a><\/p>\n<p style=\"text-align: justify;\">CHP Genel Ba\u015fkan\u0131 Kemal K\u0131l\u0131\u00e7daro\u011flu, Ba\u015fbakan Erdo\u011fan&#8217;\u0131n bug\u00fcnk\u00fc Meclis Grup toplant\u0131s\u0131nda, 12 Eyl\u00fcl d\u00f6neminde idam edilen gen\u00e7lerin mektubunu okurken a\u011flamas\u0131na, &#8220;E\u011fer, \u00e7\u0131k\u0131p Ba\u015fbakan, Erdal Eren&#8217;in foto\u011fraf\u0131n\u0131 g\u00f6sterip, e\u011fer a\u011flama numaras\u0131 yap\u0131yorsa, \u00f6nce ondan vazge\u00e7ip o aileden \u00f6z\u00fcr dilesin, halktan \u00f6z\u00fcr dilesin. Yapt\u0131\u011f\u0131 \u00e7ok ay\u0131p bir \u015fey. E\u011fer hesap sorulacaksa o aile hesap soracakt\u0131r&#8221; dedi. <!--more--><\/p>\n<p style=\"text-align: justify;\">20 Temmuz Bar\u0131\u015f ve \u00d6zg\u00fcrl\u00fck Bayram\u0131 kutlamalar\u0131 i\u00e7in KKTC&#8217;de bulunan K\u0131l\u0131\u00e7daro\u011flu, KKTC&#8217;nin 1. Cumhurba\u015fkan\u0131 Rauf Denkta\u015f ile g\u00f6r\u00fc\u015fmesinin ard\u0131ndan, Denkta\u015f&#8217;\u0131n \u00e7al\u0131\u015fma ofisi \u00e7\u0131k\u0131\u015f\u0131nda gazetecilerin sorular\u0131n\u0131 yan\u0131tlad\u0131.<\/p>\n<p style=\"text-align: justify;\">Ba\u015fbakan Recep Tayyip Erdo\u011fan&#8217;\u0131n bug\u00fcn bir konu\u015fmas\u0131nda &#8220;Hesap vermekten korkmuyorum&#8221; dedi\u011fini belirten K\u0131l\u0131\u00e7daro\u011flu, \u015f\u00f6yle devam etti: &#8220;Benim bildi\u011fim kadar\u0131yla hesap vermekten korkmayan insan Anayasa&#8217;daki dokunulmazl\u0131k maddelerinin arkas\u0131na s\u0131\u011f\u0131nmaz. E\u011fer bir insan dokunulmazl\u0131k maddelerinin arkas\u0131na s\u0131\u011f\u0131n\u0131yorsa hesap vermekten korkuyor demektir. Bir ba\u015fka \u00f6nemli nokta Say\u0131n Ba\u015fbakan&#8217;a soruyorum, siz, &#8216;Dokunulmazl\u0131klar\u0131n kald\u0131r\u0131lmas\u0131 gerekir, biz dokunulmazl\u0131klar\u0131 kald\u0131raca\u011f\u0131z&#8217; diye millete s\u00f6z verdiniz mi vermediniz mi?<\/p>\n<p style=\"text-align: justify;\">S\u00f6z verdiniz, \u00fcstelik bir de\u011fil birden fazla s\u00f6z verdiniz ve yerine getirmediniz. \u00dc\u00e7, s\u00f6z verip de s\u00f6z\u00fcn\u00fc yerine getirmeyen politikac\u0131ya vatanda\u015f ne der? Bu \u00fc\u00e7 sorunun yan\u0131t\u0131n\u0131 ben do\u011frusu Say\u0131n Ba\u015fbakan&#8217;dan \u00f6\u011frenmek isterim. Sordu\u011fum sorular \u00e7ok a\u00e7\u0131k, \u00e7ok net, Say\u0131n Ba\u015fbakan da bu sorular\u0131ma yan\u0131t versin, ondan sonra biz tart\u0131\u015fal\u0131m.&#8221;<\/p>\n<p style=\"text-align: justify;\">Ba\u015fbakan Erdo\u011fan&#8217;\u0131n yine, &#8220;Anayasa Mahkemesi&#8217;nin bah\u00e7esine gecekondu yapt\u0131rmaktan&#8221; s\u00f6z etti\u011fini kaydeden CHP lideri, &#8220;Biz, Anayasa Mahkemesi&#8217;nin bah\u00e7esine gecekondu falan yapt\u0131rd\u0131\u011f\u0131m\u0131z yok, ayr\u0131ca benim gecekondum da yok. Ayr\u0131ca benim, etraf\u0131 \u00e7ift duvarlarla \u00f6r\u00fcl\u00fc, havuzlu villam da yok. Say\u0131n Ba\u015fbakan \u00f6nce \u00e7\u0131k\u0131p \u00dcsk\u00fcdar K\u0131s\u0131kl\u0131&#8217;daki havuzlu villalar\u0131n\u0131n hesab\u0131n\u0131 versin millete&#8221; diye konu\u015ftu.<\/p>\n<p style=\"text-align: justify;\">CHP lideri, Ba\u015fbakan Erdo\u011fan&#8217;\u0131n bug\u00fcnk\u00fc Meclis Grup toplant\u0131s\u0131nda, 12 Eyl\u00fcl d\u00f6neminde idam edilen gen\u00e7lerin mektubunu okurken g\u00f6zya\u015flar\u0131n\u0131 tutamad\u0131\u011f\u0131n\u0131n hat\u0131rlat\u0131lmas\u0131 \u00fczerine \u015funlar\u0131 s\u00f6yledi:<\/p>\n<p style=\"text-align: justify;\">&#8220;Ba\u015fbakan&#8217;\u0131n bir \u00f6zelli\u011fi var, her \u015feyi istismar eder. Erdal Eren&#8217;i de istismar eder. Deniz Gezmi\u015f&#8217;i de istismar eder. 12 Eyl\u00fcl&#8217;de i\u015fkence g\u00f6rm\u00fc\u015f herkesi istismar eder. \u00c7\u00fcnk\u00fc bunlar\u0131n kafas\u0131n\u0131n arkas\u0131nda ba\u015fka planlar var, o amaca ula\u015fmak i\u00e7in her \u015feyi istismar ederler. Bunlar dini istismar etmedi mi? \u0130nsanlar\u0131n en temiz duygular\u0131n\u0131, inan\u00e7lar\u0131n\u0131 dahi istismar ettiler, onun i\u00e7in bunlara g\u00fcvenilmez. Bunlar i\u015fkence g\u00f6rmedi, bunlar 12 Ey\u00fcl&#8217;de fatura \u00f6demedi. E\u011fer, \u00e7\u0131k\u0131p Ba\u015fbakan, Erdal Eren&#8217;in foto\u011fraf\u0131n\u0131 g\u00f6sterip, e\u011fer a\u011flama numaras\u0131 yap\u0131yorsa, \u00f6nce ondan vazge\u00e7ip o aileden \u00f6z\u00fcr dilesin, halktan \u00f6z\u00fcr dilesin. Yapt\u0131\u011f\u0131 \u00e7ok ay\u0131p bir \u015fey. E\u011fer hesap sorulacaksa o aile hesap soracakt\u0131r. O aile bile, Erdo\u011fan&#8217;\u0131n getirdi\u011fi d\u00fczenlemelerin 12 Eyl\u00fcl&#8217;le hesapla\u015fma olmad\u0131\u011f\u0131n\u0131 \u00e7ok iyi biliyor.&#8221;<\/p>\n<p style=\"text-align: justify;\">Ba\u015fbakan&#8217;\u0131n, &#8220;12 Eyl\u00fcl&#8217;le hesapla\u015facaksa neden Y\u00d6K&#8217;\u00fc kald\u0131rmad\u0131\u011f\u0131n\u0131&#8221; soran K\u0131l\u0131\u00e7daro\u011flu, &#8220;Y\u00d6K&#8217;\u00fc ele ge\u00e7irmeden \u00f6nce ba\u011f\u0131r\u0131p \u00e7a\u011f\u0131r\u0131yordun. &#8216;Y\u00d6K&#8217;\u00fc kald\u0131raca\u011f\u0131z&#8221; diyordun. Niye Y\u00d6K&#8217;\u00fc kald\u0131rmaktan vazge\u00e7tin?&#8221; \u015feklinde konu\u015ftu.<\/p>\n<p style=\"text-align: justify;\"><span style=\"color: #888888;\">CNN T\u00dcRK<\/span><\/p>\n","protected":false},"excerpt":{"rendered":"<\/p>\n<p style=\"text-align: justify;\">CHP Genel Ba\u015fkan\u0131 Kemal K\u0131l\u0131\u00e7daro\u011flu, Ba\u015fbakan Erdo\u011fan&#8217;\u0131n bug\u00fcnk\u00fc Meclis Grup toplant\u0131s\u0131nda, 12 Eyl\u00fcl d\u00f6neminde idam edilen gen\u00e7lerin mektubunu okurken a\u011flamas\u0131na, &#8220;E\u011fer, \u00e7\u0131k\u0131p Ba\u015fbakan, Erdal Eren&#8217;in foto\u011fraf\u0131n\u0131 g\u00f6sterip, e\u011fer a\u011flama numaras\u0131 yap\u0131yorsa, \u00f6nce ondan vazge\u00e7ip o aileden \u00f6z\u00fcr dilesin, halktan \u00f6z\u00fcr dilesin. Yapt\u0131\u011f\u0131 \u00e7ok ay\u0131p bir \u015fey. E\u011fer hesap sorulacaksa o aile hesap <\/p>\n","protected":false},"author":1,"featured_media":0,"comment_status":"open","ping_status":"closed","sticky":false,"template":"","format":"standard","meta":{"footnotes":""},"categories":[105],"tags":[],"class_list":["post-24355","post","type-post","status-publish","format-standard","hentry","category-gundem","odd"],"_links":{"self":[{"href":"http:\/\/www.korhanyilmaz.com\/index.php?rest_route=\/wp\/v2\/posts\/24355","targetHints":{"allow":["GET"]}}],"collection":[{"href":"http:\/\/www.korhanyilmaz.com\/index.php?rest_route=\/wp\/v2\/posts"}],"about":[{"href":"http:\/\/www.korhanyilmaz.com\/index.php?rest_route=\/wp\/v2\/types\/post"}],"author":[{"embeddable":true,"href":"http:\/\/www.korhanyilmaz.com\/index.php?rest_route=\/wp\/v2\/users\/1"}],"replies":[{"embeddable":true,"href":"http:\/\/www.korhanyilmaz.com\/index.php?rest_route=%2Fwp%2Fv2%2Fcomments&post=24355"}],"version-history":[{"count":0,"href":"http:\/\/www.korhanyilmaz.com\/index.php?rest_route=\/wp\/v2\/posts\/24355\/revisions"}],"wp:attachment":[{"href":"http:\/\/www.korhanyilmaz.com\/index.php?rest_route=%2Fwp%2Fv2%2Fmedia&parent=24355"}],"wp:term":[{"taxonomy":"category","embeddable":true,"href":"http:\/\/www.korhanyilmaz.com\/index.php?rest_route=%2Fwp%2Fv2%2Fcategories&post=24355"},{"taxonomy":"post_tag","embeddable":true,"href":"http:\/\/www.korhanyilmaz.com\/index.php?rest_route=%2Fwp%2Fv2%2Ftags&post=24355"}],"curies":[{"name":"wp","href":"https:\/\/api.w.org\/{rel}","templated":true}]}}