{"id":24352,"date":"2010-07-20T15:09:00","date_gmt":"2010-07-20T15:09:00","guid":{"rendered":"http:\/\/www.korhanyilmaz.com\/?p=24352"},"modified":"2010-07-20T15:09:00","modified_gmt":"2010-07-20T15:09:00","slug":"erdogan-12-eylulde-idam-edilenleri-hatirlatti","status":"publish","type":"post","link":"http:\/\/www.korhanyilmaz.com\/?p=24352","title":{"rendered":"Erdo\u011fan 12 Eyl\u00fcl&#8217;de idam edilenleri hat\u0131rlatt\u0131"},"content":{"rendered":"<p style=\"text-align: center;\"><a href=\"http:\/\/www.korhanyilmaz.com\/wp-content\/uploads\/2010\/07\/324.jpg\"  class=\"lightview\"><img loading=\"lazy\" decoding=\"async\" class=\"aligncenter size-full wp-image-24353\" src=\"http:\/\/www.korhanyilmaz.com\/wp-content\/uploads\/2010\/07\/324.jpg\" alt=\"\" width=\"307\" height=\"236\" \/><\/a><\/p>\n<p style=\"text-align: justify;\">Ba\u015fbakan Recep Tayyip Erdo\u011fan partisinin grup toplant\u0131s\u0131nda yine &#8220;referanduma evet&#8221; \u00e7a\u011fr\u0131s\u0131 yapt\u0131 ama bu kez 12 Eyl\u00fcl&#8217;de idam edilenleri hat\u0131rlatarak. Ba\u015fbakan konu\u015fmas\u0131 s\u0131ras\u0131nda zaman zaman duyguland\u0131. Muhalefetin mitinglerde &#8220;hay\u0131r&#8221;\u0131n gerek\u00e7elerini a\u00e7\u0131klarken asl\u0131nda &#8220;evet&#8221;in nedenlerini anlatt\u0131\u011f\u0131n\u0131 \u00f6ne s\u00fcrd\u00fc&#8230;<!--more--><\/p>\n<p style=\"text-align: justify;\">AK Parti Genel Ba\u015fkan\u0131 ve Ba\u015fbakan Recep Tayyip Erdo\u011fan, anayasa de\u011fi\u015fikli\u011fine ili\u015fkin olarak, &#8220;Bu anayasa de\u011fi\u015fikli\u011fi belki her \u015fey de\u011fildir ama \u00e7ok \u00f6nemli bir \u015feydir. T\u00fcrkiye&#8217;nin ayd\u0131nl\u0131k gelece\u011fi i\u00e7in, daha ileri bir demokrasi ve daha adil bir hukuk sistemi i\u00e7in \u00e7ok \u00f6nemli bir ad\u0131md\u0131r&#8221; dedi.<\/p>\n<p style=\"text-align: justify;\">Erdo\u011fan, partisinin grup toplant\u0131s\u0131nda yapt\u0131\u011f\u0131 konu\u015fmada, bug\u00fcn sabah saatlerinde Hakkari&#8217;nin \u00c7ukurca il\u00e7esinden ac\u0131 bir haber ald\u0131klar\u0131n\u0131 s\u00f6yledi.<\/p>\n<p style=\"text-align: justify;\">Yine bir mevzide gece saat 02.00 sular\u0131nda roketatar ve uzun namlulu silahlarla yap\u0131lan sald\u0131r\u0131da 6 askerin \u015fehit oldu\u011funu anlatan Erdo\u011fan; ilk belirlemelere g\u00f6re 15 askerin yaraland\u0131\u011f\u0131n\u0131, bir ter\u00f6ristin de \u00f6l\u00fc olarak ele ge\u00e7irildi\u011fini ifade etti.<\/p>\n<p style=\"text-align: justify;\">B\u00f6lgedeki operasyonlar\u0131n devam etti\u011fini belirten Erdo\u011fan, \u015fehitlere Allah&#8217;tan rahmet, ailelerine ve millete ba\u015fsa\u011fl\u0131\u011f\u0131; yaral\u0131 askerlere de acil \u015fifa dile\u011finde bulundu.<\/p>\n<p style=\"text-align: justify;\"><strong>ANAYASA DE\u011e\u0130\u015e\u0130KL\u0130\u011e\u0130 <\/strong><\/p>\n<p style=\"text-align: justify;\">Ba\u015fbakan Erdo\u011fan Anayasa de\u011fi\u015fikli\u011fi ile ilgili olarak da, &#8220;Bu Anayasa de\u011fi\u015fikli\u011fi belki her \u015fey de\u011fildir ama \u00e7ok \u00f6nemli bir \u015feydir. T\u00fcrkiye&#8217;nin ayd\u0131nl\u0131k gelece\u011fi i\u00e7in, daha ileri bir demokrasi ve daha adil bir hukuk sistemi i\u00e7in \u00e7ok \u00f6nemli bir ad\u0131md\u0131r&#8221; dedi.<\/p>\n<p style=\"text-align: justify;\">Erdo\u011fan, Anayasa de\u011fi\u015fli\u011finin \u00e7ocuklar, gen\u00e7ler ve 73 milyon vatanda\u015f i\u00e7in oldu\u011funu belirterek, &#8220;Herkesi bu b\u00fcy\u00fck de\u011fi\u015fim hareketine omuz vermeye \u00e7a\u011f\u0131r\u0131yorum&#8221; diye konu\u015ftu.<\/p>\n<p style=\"text-align: justify;\">&#8220;Milli iradenin g\u00fc\u00e7 kazanmas\u0131, vesayet\u00e7i ve stat\u00fckocu anlay\u0131\u015f\u0131n k\u0131r\u0131lmas\u0131 i\u00e7in tarihi bir ad\u0131md\u0131r&#8221; diyen Ba\u015fbakan, &#8220;De\u011fi\u015fikle AK Parti aras\u0131nda birebir ili\u015fki kurmak gibi zorlama yorumlar getirmenin \u00f6tesine g\u00f6r\u00fcld\u00fc\u011f\u00fc gibi asla ge\u00e7emiyorlar&#8221; diye konu\u015ftu.<\/p>\n<p style=\"text-align: justify;\">Erdo\u011fan, &#8220;\u0130lgisiz, alakas\u0131z konular\u0131 g\u00fcndeme getirerek, Anayasa de\u011fi\u015fikli\u011fini karalamaya \u00e7al\u0131\u015f\u0131yorlar&#8221; ifadelerini kulland\u0131.<\/p>\n<p style=\"text-align: justify;\">Ba\u015fbakan ayr\u0131ca, &#8220;Neredeyse \u00fclkenin her meselesinin \u00e7\u00f6z\u00fcm\u00fcn\u00fc bu paketten bekliyorlar. Sizin i\u015fsizli\u011fin \u00e7\u00f6z\u00fcm\u00fcne y\u00f6nelik bug\u00fcne kadar s\u00f6yledi\u011finiz, bir re\u00e7ete, proje var m\u0131? Bir sorun&#8221; dedi.<\/p>\n<p style=\"text-align: justify;\"><strong>12 EYL\u00dcL&#8217;DEK\u0130 \u0130DAMLAR <\/strong><\/p>\n<p style=\"text-align: justify;\">CHP Genel Ba\u015fkan\u0131 Kemal K\u0131l\u0131\u00e7daro\u011flu&#8217;nun Yalova&#8217;da yapt\u0131\u011f\u0131 konu\u015fmadaki &#8220;12 Eyl\u00fcl sonras\u0131nda idam sehpalar\u0131 kuruldu. 16 ya\u015f\u0131ndaki \u00e7ocu\u011fun ya\u015f\u0131 b\u00fcy\u00fct\u00fcl\u00fcp idam edildi. \u0130nsan\u0131n vicdan\u0131 s\u0131zlam\u0131yor mu?&#8221; s\u00f6zlerini an\u0131msatan Erdo\u011fan, &#8220;Evet, biz de ayn\u0131 \u015feyi s\u00f6yl\u00fcyoruz. 16 ya\u015f\u0131ndaki bir \u00e7ocu\u011fun idam sehpas\u0131na g\u00f6t\u00fcr\u00fclmesinden rahats\u0131z oluyorsun da neden bu pakete &#8216;hay\u0131r&#8217; diyorsun? \u015eecaat arz ederken sirkatlerini s\u00f6yl\u00fcyorlar. Bunlar neden &#8216;hay\u0131r&#8217; denilmesi gerekti\u011fini anlat\u0131rken neden &#8216;evet&#8217; denilmesi gerekti\u011fini anlat\u0131yorlar&#8221; dedi.<\/p>\n<p style=\"text-align: justify;\">Erdo\u011fan, Necdet Adal\u0131, Mustafa Pehlivano\u011flu ve Erdal Eren&#8217;in idam\u0131na i\u015faret ederek, &#8220;Tam 30 y\u0131l sonra, yine bir 12 Eyl\u00fcl g\u00fcn\u00fc, gencecik \u00f6l\u00fcmlerle, zamans\u0131z vedalarla, 17 ya\u015f\u0131ndaki \u00e7ocuklar\u0131 ya\u011fl\u0131 urgana ta\u015f\u0131yan zihniyetle hesapla\u015faca\u011f\u0131z&#8221; dedi.<\/p>\n<p style=\"text-align: justify;\"><strong>\u015eafak T\u00fcrk\u00fcs\u00fc&#8217;n\u00fcn s\u00f6zlerini okudu <\/strong><\/p>\n<p style=\"text-align: justify;\">S\u00f6zlerini, &#8220;\u015eu anda anlatacaklar\u0131m belki biraz farkl\u0131 olacak. Yak\u0131n siyasi tarihi ama trajik bir siyasi tarihi \u00f6n\u00fcn\u00fcze getirece\u011fim. Bu dram olacak ama getirmek zorunday\u0131m&#8221; diye s\u00fcrd\u00fcren Ba\u015fbakan Erdo\u011fan, konu\u015fmas\u0131n\u0131n bu b\u00f6l\u00fcm\u00fcnde duygulu anlar ya\u015fad\u0131, konu\u015fmakta zorland\u0131.<\/p>\n<p style=\"text-align: justify;\">Erdo\u011fan, Necdet Adal\u0131&#8217;n\u0131n, 19 ya\u015f\u0131nda bir lise \u00f6\u011frencisiyken cinayet i\u015fledi\u011fi iddias\u0131yla 1977&#8217;de tutukland\u0131\u011f\u0131n\u0131 an\u0131msatarak, o d\u00f6nem bir siyasi partinin \u0130stanbul Gen\u00e7lik Kollar\u0131 Ba\u015fkan\u0131 oldu\u011funu anlatt\u0131. Erdo\u011fan, &#8220;Adal\u0131, su\u00e7suzlu\u011funun ortaya \u00e7\u0131kaca\u011f\u0131ndan, serbest b\u0131rak\u0131laca\u011f\u0131ndan o kadar emindi ki Ulucanlar Cezaevinde arkada\u015flar\u0131n\u0131n firar giri\u015fimine kat\u0131lmad\u0131. Kendisini yarg\u0131layan mahkeme reisi Adal\u0131&#8217;n\u0131n masum oldu\u011funu iddia etti, karara \u015ferh koydu ancak fayda etmedi. Necdet Adal\u0131 22 ya\u015f\u0131ndayken 8 Ekim 1980&#8217;de as\u0131larak idam edildi&#8221; diye konu\u015ftu.<\/p>\n<p style=\"text-align: justify;\">\u015eair Nevzat \u00c7elik&#8217;in, Adal\u0131 i\u00e7in yazd\u0131\u011f\u0131 &#8220;\u015eafak T\u00fcrk\u00fcs\u00fc&#8221; adl\u0131 \u015fiirden bir b\u00f6l\u00fcm okuyan Erdo\u011fan, \u015fiirin, bu zamans\u0131z \u00f6l\u00fcm\u00fc en g\u00fczel \u015fekilde resmetti\u011fini belirtti.<\/p>\n<p style=\"text-align: justify;\">Erdo\u011fan, &#8220;Beni burada arama anne\/Kap\u0131da ad\u0131m\u0131 sorma\/Sa\u00e7lar\u0131na y\u0131ld\u0131z d\u00fc\u015fm\u00fc\u015f\/Koparma anne\/A\u011flama\/Ka\u00e7 zamand\u0131r y\u00fcz\u00fcm t\u0131ra\u015fl\u0131\/g\u00f6zlerim \u015fafak bekledim\/uzarken ellerim kula\u011f\u0131m kiri\u015fte\/\u00f6l\u00fcm\u00fc \u00f6zledim anne\/ya\u015famak isterken delice&#8230;&#8221; dizelerini salondakilerle payla\u015ft\u0131.<\/p>\n<p style=\"text-align: justify;\">Erdo\u011fan, Adal\u0131&#8217;n\u0131n 12 Eyl\u00fcl cuntas\u0131n\u0131n idam etti\u011fi ilk gen\u00e7 oldu\u011funa dikkati \u00e7ekerek, &#8220;Bir televizyon kanal\u0131nda o g\u00fcnlerin, idam kararlar\u0131n\u0131n nas\u0131l verildi\u011fini takip ediyorsunuz de\u011fil mi? Nas\u0131l verildi\u011fini g\u00f6r\u00fcyorsunuz. Bir bu yandan, bir bu yandan&#8230;&#8221; dedi.<\/p>\n<p style=\"text-align: justify;\"><strong>Konu\u015fmakta zorland\u0131 <\/strong><\/p>\n<p style=\"text-align: justify;\">Ba\u015fbakan Erdo\u011fan, sonradan su\u00e7lular\u0131n yakaland\u0131\u011f\u0131n\u0131, faillerin belli oldu\u011funu ancak Necdet Adal\u0131&#8217;n\u0131n geri gelmedi\u011fini kaydederek, s\u00f6zlerini \u015f\u00f6yle s\u00fcrd\u00fcrd\u00fc:<\/p>\n<p style=\"text-align: justify;\">&#8220;12 Eyl\u00fclc\u00fcler, kendi ifadeleriyle as\u0131lan bir solcuyla denge kurmak i\u00e7in bir de sa\u011fc\u0131 idam etmek istediler. Adal\u0131&#8217;dan sadece birka\u00e7 saat sonra 22 ya\u015f\u0131nda bir gen\u00e7, Mustafa Pehlivano\u011flu dara\u011fac\u0131na y\u00fcr\u00fcd\u00fc. Ailesi, infazdan 3 g\u00fcn sonra \u00e7ocuklar\u0131n\u0131 ziyarete geldi\u011finde, idam edildi\u011fini \u00f6\u011frendiler. Mustafa&#8217;dan geriye \u015fu sat\u0131rlar kald\u0131, o da \u00e7ok anlaml\u0131 sat\u0131rlar: Sevgili anneci\u011fim ve babac\u0131\u011f\u0131m, Sizler beni bu ya\u015fa kadar b\u00fcy\u00fctt\u00fcn\u00fcz ve yeti\u015ftirdiniz. Benim sizlere kar\u015f\u0131 i\u015fledi\u011fim hatalar\u0131 ve su\u00e7lar\u0131m\u0131 affedin, hakk\u0131n\u0131z\u0131 helal edin. Ben sizlerin bir evlad\u0131n\u0131z olarak, bug\u00fcne kadar cenab\u0131 hakk\u0131n ve onun resul\u00fcn\u00fcn, y\u00fcce peygamberimizin yolundan ayr\u0131lmad\u0131m.<\/p>\n<p style=\"text-align: justify;\">Al\u0131n yaz\u0131m\u0131z b\u00f6yle yaz\u0131lm\u0131\u015f, kader neyse onu \u00e7ekece\u011fiz. Ben de karde\u015fim Haydar gibi biran \u00f6nce Allah&#8217;\u0131n huzuruna \u00e7\u0131kaca\u011f\u0131m. E\u011fer benim g\u00fcnah\u0131m varsa, cenab\u0131 Allah&#8217;\u0131n huzurunda \u00e7ekmeye haz\u0131r\u0131m. Yok bir yanl\u0131\u015fl\u0131k sonucu \u00f6l\u00fcm\u00fcme karar verenler, idam edenler Allah&#8217;tan bulsunlar. Anne sizlerle helalle\u015fmek isterdim fakat olmad\u0131, hakk\u0131m varsa hepinize helal olsun, siz de helal edin&#8230;.&#8221;<\/p>\n<p style=\"text-align: justify;\">Erdo\u011fan, Pehlivano\u011flu&#8217;nun ailesine yazd\u0131\u011f\u0131 mektubun devam\u0131n\u0131 okumakta zorluk \u00e7ekti, bir s\u00fcre s\u00f6zlerine ara verdi. G\u00f6zleri dolan Erdo\u011fan, alk\u0131\u015flarla kar\u015f\u0131land\u0131.<\/p>\n<p style=\"text-align: justify;\">Erdo\u011fan, mektuba, yutkunarak ve sesi titreyerek devam etti. Erdo\u011fan, mektubu, &#8220;Son olarak a\u011fbime, yengeme, ye\u011fenime, bac\u0131ma selam eder, haklar\u0131n\u0131 helal etmelerini dilerim. Ni\u015fanl\u0131ma da selam eder, cenab\u0131 Allah&#8217;\u0131n mutlu bir yuva kurmas\u0131 i\u00e7in ona yard\u0131mc\u0131 olmas\u0131n\u0131 dilerim&#8221; c\u00fcmleleriyle tamamlad\u0131.<\/p>\n<p style=\"text-align: justify;\"><strong>&#8220;Erdal Eren 18 ya\u015f\u0131ndan k\u00fc\u00e7\u00fck omas\u0131na ra\u011fmen idam edildi&#8221; <\/strong><\/p>\n<p style=\"text-align: justify;\">Bir ba\u015fka ismin Erdal Eren oldu\u011funu kaydeden Erdo\u011fan, Eren&#8217;in 17 ya\u015f\u0131ndayken tutukland\u0131\u011f\u0131n\u0131, 13 Aral\u0131k 1980&#8217;de Ankara Merkez Cezaevi&#8217;nde 18 ya\u015f\u0131ndan k\u00fc\u00e7\u00fck olmas\u0131na ra\u011fmen idam edildi\u011fini an\u0131msatt\u0131.<\/p>\n<p style=\"text-align: justify;\">Muhsin Yaz\u0131c\u0131o\u011flu&#8217;nun, Mamak&#8217;ta \u00e7ekti\u011fi \u00e7ileleri, g\u00f6rd\u00fc\u011f\u00fc i\u015fkenceleri ve Mamak Cezaevinden yazd\u0131\u011f\u0131 dizeleri unutmad\u0131klar\u0131n\u0131 belirten Erdo\u011fan, Yaz\u0131c\u0131o\u011flu&#8217;ndan da, &#8220;Huzur dolu i\u00e7imde, ben sonsuzlu\u011fu d\u00fc\u015f\u00fcn\u00fcyorum\/Ey sonsuzlu\u011fun sahibi sana ula\u015fmak istiyorum\/Durun kapanmay\u0131n pencerelerim g\u00fcne\u015fi mi kapatmay\u0131n\/ Beton \u00e7ok so\u011fuk, \u00fc\u015f\u00fcyorum&#8221; dizelerini okudu.<\/p>\n<p style=\"text-align: justify;\">Erdo\u011fan, 14 May\u0131s 1987&#8217;de H\u00fcseyin Kurumahmuto\u011flu&#8217;nun, sabah namaz\u0131n\u0131 k\u0131larken, ba\u015f\u0131na vurulan dip\u00e7ik darbesiyle Mamak Cezaevinde gen\u00e7 ya\u015f\u0131nda d\u00fcnyaya veda etti\u011fini dile getirdi.<\/p>\n<p style=\"text-align: justify;\">Bu zul\u00fcmlerin, i\u015fkencelerin, insanl\u0131k d\u0131\u015f\u0131 uygulamalar\u0131n en yak\u0131n \u015fahitlerinden, ma\u011fdurlar\u0131ndan birinin de K\u00fclt\u00fcr ve Turizm Bakan\u0131 Ertu\u011frul G\u00fcnay oldu\u011funu ifade eden Erdo\u011fan, G\u00fcnay&#8217;\u0131n, 12 Eyl\u00fclde hapisteyken, vefat eden babas\u0131n\u0131n cenazesine kat\u0131lamad\u0131\u011f\u0131n\u0131 kaydetti.<\/p>\n<p style=\"text-align: justify;\">Ba\u015fbakan Erdo\u011fan, 12 Eyl\u00fcl\u00fcn, ayn\u0131 zamanda bir iade-i itibar olaca\u011f\u0131n\u0131 belirterek, MHP, CHP ve BDP&#8217;ye g\u00f6n\u00fcl verenlerden referandumda &#8220;evet&#8221; bekledi\u011fini s\u00f6yledi.<\/p>\n<p style=\"text-align: justify;\">Erdo\u011fan, &#8220;Y\u0131llarca 12 Eyl\u00fcl ma\u011fduru solcular\u0131 istismar eden CHP, 12 Eyl\u00fcl ile y\u00fczle\u015femese de biz y\u00fczle\u015fece\u011fiz. Y\u0131llarca 12 Eyl\u00fcl ma\u011fduru \u00fclk\u00fcc\u00fclerin sesine kulak vermeyen MHP, 12 Eyl\u00fcl ile hesapla\u015famasa da biz hesapla\u015faca\u011f\u0131z&#8221; dedi.<\/p>\n<p style=\"text-align: justify;\">Erdo\u011fan, &#8220;Adil bir \u015fekilde yarg\u0131lanmadan, dara\u011faca\u011f\u0131na g\u00f6nderilen Necdet Adal\u0131&#8217;n\u0131n, Mustafa Pehlivano\u011flu&#8217;nun, Erdal Eren&#8217;in, sabah namaz\u0131nda dayakla \u00f6ld\u00fcr\u00fclen H\u00fcseyin Kurumahmuto\u011flu&#8217;nun hat\u0131ralar\u0131 kar\u015f\u0131s\u0131nda aln\u0131m\u0131z ak kal\u0131rken, onlar boyunlar\u0131n\u0131 b\u00fckm\u00fc\u015f durumda kalacaklar, mahcup olacaklar&#8221; g\u00f6r\u00fc\u015f\u00fcn\u00fc dile getirdi.<\/p>\n<p style=\"text-align: justify;\"><strong>&#8220;Anayasa Mahkemesi&#8217;nin bah\u00e7esinde ev tutmam\u0131za gerek yok&#8221; <\/strong><\/p>\n<p style=\"text-align: justify;\">Erdo\u011fan ayr\u0131ca, CHP ile MHP&#8217;nin ayn\u0131 dili ve \u00fcslubu kulland\u0131\u011f\u0131n\u0131, her c\u00fcmlede kendisini &#8220;y\u00fcce divan&#8221; ile tehdit ettiklerini kaydetti. Erdo\u011fan, &#8220;Biz bu millete hizmet yoluna ba\u015f\u0131m\u0131z\u0131 koyduk. Bu yola can\u0131m\u0131z\u0131 koyduk. Biz korkularla de\u011fil, ideallerle, ilkelerle, heyecanla a\u015fkla ve sevda ile siyaset yap\u0131yoruz. O kuru s\u0131k\u0131 tehditleri bize bir \u015fey ifade etmiyor. Bizim Anayasa Mahkemesinin yan\u0131nda, y\u00f6resinde, bah\u00e7esinde ev tutmam\u0131za gerek yok. Bizim evimiz milletimizin i\u00e7inde. CHP Genel Ba\u015fkan\u0131 \u00f6nce Anayasa Mahkemesi&#8217;nin bah\u00e7esine kurdu\u011fu gecekondudan bir \u00e7\u0131ks\u0131n&#8221; diye konu\u015ftu.<\/p>\n<p style=\"text-align: justify;\">&#8220;Her c\u00fcmlede beni &#8216;Y\u00fcce Divan&#8217; ile tehdit ediyorlar&#8221; diyen Erdo\u011fan, &#8220;Biz bu millete hizmet yoluna ba\u015f\u0131m\u0131z\u0131 koyduk .O kuru s\u0131k\u0131 tehditleri bize bir \u015fey ifade etmiyor&#8221; ifadelerini kulland\u0131.<\/p>\n<p style=\"text-align: justify;\">BDP&#8217;nin &#8220;Anayasa de\u011fi\u015fikli\u011fi paketinde K\u00fcrtlerin lehine olabilecek hi\u00e7bir madde yok. Orada K\u00fcrt ad\u0131 ge\u00e7miyor&#8221; dedi\u011fini kaydeden Erdo\u011fan, \u015f\u00f6yle konu\u015ftu:<\/p>\n<p style=\"text-align: justify;\">&#8220;Orada hangi etnik unsurun ad\u0131 ge\u00e7iyor? Benim K\u00fcrt k\u00f6kenli vatanda\u015flar\u0131m\u0131n aleyhine olan bir madde var m\u0131? O maddelerin hepsinde de benim K\u00fcrt k\u00f6kenli vatanda\u015flar\u0131m\u0131n lehine olacak her \u015fey var. A&#8217;dan Z&#8217;ye her \u015fey var. Yani 73 milyonun hepsi i\u00e7in e\u015fit, her \u015fey var&#8230; Tayyip Erdo\u011fan bu de\u011fi\u015fiklikten ne kadar istifade ediyorsa, benim K\u00fcrt k\u00f6kenli vatanda\u015f\u0131m da o kadar istifade ediyor. Vatanda\u015flar\u0131m\u0131za bu ilkesizli\u011fi, samimiyetsizli\u011fi anlataca\u011f\u0131z.&#8221; <\/p>\n<hr style=\"height: 2px; width: 500px; border: 1px solid #cccccc; color: #ffffff;\" size=\"2\" noshade=\"noshade\" \/>\n<p style=\"text-align: justify;\"><strong>\u0130\u015eS\u0130ZL\u0130K TARTI\u015eMASI <\/strong><\/p>\n<p style=\"text-align: justify;\"><strong>&#8220;Siyasetten \u00e7ekilirim&#8221; <\/strong><\/p>\n<p style=\"text-align: justify;\">TOBB Ekonomi ve Teknoloji \u00dcniversitesi&#8217;nde ger\u00e7ekle\u015ftirilen &#8220;Uzmanla\u015fm\u0131\u015f Meslek Edindirme Merkezleri Projesi&#8221; tan\u0131t\u0131m toplant\u0131s\u0131nda da konu\u015fan Ba\u015fbakan Erdo\u011fan,  d\u00fcnyan\u0131n hi\u00e7bir yerinde \u00fcniversite mezunlar\u0131n\u0131n tamam\u0131na i\u015f olmad\u0131\u011f\u0131n\u0131 savundu.<\/p>\n<p style=\"text-align: justify;\">\u0130\u015fsizlik sorununu \u00e7\u00f6zece\u011fini s\u00f6yleyen CHP lider Kemal K\u0131l\u0131\u00e7daro\u011flu&#8217;na sert s\u00f6zlerle y\u00fcklenen Ba\u015fbakan, &#8220;E\u011fer hakikaten her \u00fcniversite mezununa bu \u00fclkede i\u015f bulman\u0131n \u0130lac\u0131 elindeyse, bu ila\u00e7 var da kullan\u0131lm\u0131yorsa, \u00e7ok iddial\u0131 bir ifade kullan\u0131yorum; ben siyasetten \u00e7ekilirim&#8221; diye konu\u015ftu.<\/p>\n<p style=\"text-align: justify;\">&#8220;Madem senin elinde b\u00f6yle bir sihirli de\u011fnek var, koy bu sihirli de\u011fne\u011fi ortaya, e\u011fer bu sihirli de\u011fnek kullan\u0131lm\u0131yorsa, ha o zaman Millete dersin ki &#8216;ben bu sihirli de\u011fne\u011fi koydum ortaya ama bunu al\u0131p kullanmad\u0131lar, kullanmad\u0131klar\u0131 i\u00e7in de bu ter\u00f6r devam etti&#8221; diyen Erdo\u011fan, &#8220;Ben bir \u00e7ok yerlerde camlara as\u0131lm\u0131\u015f, &#8216;elaman ar\u0131yorum&#8217; diyenleri \u00e7ok g\u00f6rd\u00fcm ama onun cevab\u0131 yok, ilanlarda da var, cevab\u0131 yok. \u0130\u015f be\u011fendiremiyorsun i\u015f&#8221; ifadelerini kulland\u0131.<\/p>\n<p style=\"text-align: justify;\"><span style=\"color: #888888;\">CNN T\u00dcRK<\/span><\/p>\n","protected":false},"excerpt":{"rendered":"<p style=\"text-align: center;\">\n<p style=\"text-align: justify;\">Ba\u015fbakan Recep Tayyip Erdo\u011fan partisinin grup toplant\u0131s\u0131nda yine &#8220;referanduma evet&#8221; \u00e7a\u011fr\u0131s\u0131 yapt\u0131 ama bu kez 12 Eyl\u00fcl&#8217;de idam edilenleri hat\u0131rlatarak. Ba\u015fbakan konu\u015fmas\u0131 s\u0131ras\u0131nda zaman zaman duyguland\u0131. Muhalefetin mitinglerde &#8220;hay\u0131r&#8221;\u0131n gerek\u00e7elerini a\u00e7\u0131klarken asl\u0131nda &#8220;evet&#8221;in nedenlerini anlatt\u0131\u011f\u0131n\u0131 \u00f6ne s\u00fcrd\u00fc&#8230;<\/p>\n","protected":false},"author":1,"featured_media":0,"comment_status":"open","ping_status":"closed","sticky":false,"template":"","format":"standard","meta":{"footnotes":""},"categories":[105],"tags":[],"class_list":["post-24352","post","type-post","status-publish","format-standard","hentry","category-gundem","odd"],"_links":{"self":[{"href":"http:\/\/www.korhanyilmaz.com\/index.php?rest_route=\/wp\/v2\/posts\/24352","targetHints":{"allow":["GET"]}}],"collection":[{"href":"http:\/\/www.korhanyilmaz.com\/index.php?rest_route=\/wp\/v2\/posts"}],"about":[{"href":"http:\/\/www.korhanyilmaz.com\/index.php?rest_route=\/wp\/v2\/types\/post"}],"author":[{"embeddable":true,"href":"http:\/\/www.korhanyilmaz.com\/index.php?rest_route=\/wp\/v2\/users\/1"}],"replies":[{"embeddable":true,"href":"http:\/\/www.korhanyilmaz.com\/index.php?rest_route=%2Fwp%2Fv2%2Fcomments&post=24352"}],"version-history":[{"count":0,"href":"http:\/\/www.korhanyilmaz.com\/index.php?rest_route=\/wp\/v2\/posts\/24352\/revisions"}],"wp:attachment":[{"href":"http:\/\/www.korhanyilmaz.com\/index.php?rest_route=%2Fwp%2Fv2%2Fmedia&parent=24352"}],"wp:term":[{"taxonomy":"category","embeddable":true,"href":"http:\/\/www.korhanyilmaz.com\/index.php?rest_route=%2Fwp%2Fv2%2Fcategories&post=24352"},{"taxonomy":"post_tag","embeddable":true,"href":"http:\/\/www.korhanyilmaz.com\/index.php?rest_route=%2Fwp%2Fv2%2Ftags&post=24352"}],"curies":[{"name":"wp","href":"https:\/\/api.w.org\/{rel}","templated":true}]}}