{"id":24348,"date":"2010-07-20T17:30:29","date_gmt":"2010-07-20T17:30:29","guid":{"rendered":"http:\/\/www.korhanyilmaz.com\/?p=24348"},"modified":"2010-07-20T17:30:29","modified_gmt":"2010-07-20T17:30:29","slug":"erdogan-ile-talatin-gorustugu-telefon-istendi","status":"publish","type":"post","link":"http:\/\/www.korhanyilmaz.com\/?p=24348","title":{"rendered":"Erdo\u011fan ile Talat&#8217;\u0131n g\u00f6r\u00fc\u015ft\u00fc\u011f\u00fc telefon istendi"},"content":{"rendered":"<p><a href=\"http:\/\/www.korhanyilmaz.com\/wp-content\/uploads\/2010\/07\/323.jpg\"  class=\"lightview\"><img loading=\"lazy\" decoding=\"async\" class=\"aligncenter size-full wp-image-24349\" src=\"http:\/\/www.korhanyilmaz.com\/wp-content\/uploads\/2010\/07\/323.jpg\" alt=\"\" width=\"292\" height=\"194\" \/><\/a><\/p>\n<p style=\"text-align: justify;\">&#8220;\u0130rtica ile m\u00fccadele eylem plan\u0131&#8221; davas\u0131n\u0131n g\u00f6r\u00fcld\u00fc\u011f\u00fc \u0130stanbul 13. A\u011f\u0131r Ceza Mahkemesi, Ba\u015fbakanl\u0131ktan, dosyada bulunan ve su\u00e7a konu oldu\u011fu belirtilen Ba\u015fbakan Recep Tayyip Erdo\u011fan ile eski KKTC Cumhurba\u015fkan\u0131 Mehmet Ali Talat aras\u0131nda yap\u0131lan g\u00f6r\u00fc\u015fme s\u0131ras\u0131nda Erdo\u011fan&#8217;\u0131n kulland\u0131\u011f\u0131 telefon numaras\u0131n\u0131n bildirilmesini istedi.<!--more--><\/p>\n<p style=\"text-align: justify;\">\u0130stanbul 13. A\u011f\u0131r Ceza Mahkemesi, &#8220;\u0130rtica ile M\u00fccadele Eylem Plan\u0131&#8221; iddialar\u0131yla ilgili haklar\u0131nda dava a\u00e7\u0131lan ve Yeditepe \u00dcniversitesi kurucusu Bedrettin Dalan ile Albay Dursun \u00c7i\u00e7ek&#8217;in de aralar\u0131nda bulundu\u011fu 7 san\u0131kl\u0131 davan\u0131n 15 Temmuzda g\u00f6r\u00fclen 10. duru\u015fmas\u0131n\u0131n taleplerini celse aras\u0131nda de\u011ferlendirdi.<\/p>\n<p style=\"text-align: justify;\">Buna g\u00f6re, tutuklu san\u0131k Dursun \u00c7i\u00e7ek&#8217;in, Genelkurmay Askeri Mahkemesinde duru\u015fmas\u0131 olmas\u0131 nedeniyle Ankara&#8217;daki Mamak Cezaevine sevk edilmesi y\u00f6n\u00fcndeki talebinin kabul\u00fcne karar verildi.<\/p>\n<p style=\"text-align: justify;\">&#8220;\u0130rtica ile m\u00fccadele eylem plan\u0131&#8221; ve &#8220;\u0130zmir&#8217;de bize yard\u0131mc\u0131 olacaklar&#8221; adl\u0131 belgeler \u00fczerinde neden parmak izi incelemesi yap\u0131lmad\u0131\u011f\u0131n\u0131n \u0130stanbul Cumhuriyet Ba\u015fsavc\u0131l\u0131\u011f\u0131 ve \u0130stanbul Emniyet M\u00fcd\u00fcrl\u00fc\u011f\u00fcnden sorulmas\u0131 kararla\u015ft\u0131r\u0131ld\u0131.<\/p>\n<p style=\"text-align: justify;\">Dosya kapsam\u0131nda hakim ve savc\u0131lar\u0131n 2008 y\u0131l\u0131nda \u0130stanbul Emniyet M\u00fcd\u00fcrl\u00fc\u011f\u00fcnce yap\u0131lan bir iftara kat\u0131ld\u0131klar\u0131 ve bu iftarda \u00e7ekilen foto\u011fraflar\u0131n M\u0130T M\u00fcste\u015farl\u0131\u011f\u0131na g\u00f6nderildi\u011fi \u015feklinde beyan bulundu\u011fu an\u0131msat\u0131lan ara kararda, bu konuda M\u0130T M\u00fcste\u015farl\u0131\u011f\u0131na yap\u0131lan bir ihbar olup olmad\u0131\u011f\u0131n\u0131n sorulmas\u0131 h\u00fckme ba\u011flad\u0131.<\/p>\n<p style=\"text-align: justify;\">San\u0131klarda bulundu\u011fu belirtilen ve su\u00e7a konu yap\u0131lan dok\u00fcmanlar, incelenmek \u00fczere emanet memurlu\u011fundan istendi.<\/p>\n<p style=\"text-align: justify;\">Dosya i\u00e7erisinde bulunan ve su\u00e7a konu oldu\u011fu belirtilen Ba\u015fbakan Recep Tayyip Erdo\u011fan ile eski KKTC Cumhurba\u015fkan\u0131 Mehmet Ali Talat aras\u0131nda yap\u0131lan g\u00f6r\u00fc\u015fme s\u0131ras\u0131nda, Erdo\u011fan&#8217;\u0131n kulland\u0131\u011f\u0131 telefon numaras\u0131n\u0131n bildirilmesi i\u00e7in Ba\u015fbakanl\u0131k makam\u0131na yaz\u0131 yaz\u0131lmas\u0131n\u0131 kararla\u015ft\u0131ran heyet, Ba\u015fbakanl\u0131ktan cevap geldikten sonra ilgili telefon \u015firketinden, bu telefon ile ilgili al\u0131nan bir dinleme karar\u0131 olup olmad\u0131\u011f\u0131n\u0131, varsa telefonun dinlenip dinlenilmedi\u011fine ili\u015fkin herhangi bir bilgi olup olmad\u0131\u011f\u0131n\u0131n sorulmas\u0131 y\u00f6n\u00fcnde karar verdi.<\/p>\n<p style=\"text-align: justify;\">Yap\u0131lan telefon g\u00f6r\u00fc\u015fmesi ile ilgili olarak gelen ses kayd\u0131n\u0131n Ayd\u0131nl\u0131k Dergisine bir flash bellek i\u00e7erisinde g\u00f6nderildi\u011fi ve belle\u011fin binan\u0131n g\u00fcvenli\u011findeki ki\u015fiye teslim edildi\u011finin belirtildi\u011fi anlat\u0131lan ara kararda, dergiden, 17 Eyl\u00fcl 2009 tarihinde yap\u0131lan kamera kayd\u0131 istendi.<\/p>\n<p style=\"text-align: justify;\"><strong>M\u0130T&#8217;TEN \u0130STENEN BELGELER <\/strong><\/p>\n<p style=\"text-align: justify;\">M\u0130T M\u00fcste\u015farl\u0131\u011f\u0131ndan, Poyrazk\u00f6y&#8217;de bulundu\u011fu iddia edilen askeri malzeme ve m\u00fchimmatla ilgili kendilerine gelen bir ihbar olup olmad\u0131\u011f\u0131 ve kurum taraf\u0131ndan herhangi bir ihbarda bulunup bulunmad\u0131\u011f\u0131n\u0131n sorulmas\u0131 kararla\u015ft\u0131r\u0131ld\u0131.<\/p>\n<p style=\"text-align: justify;\">Tutuksuz san\u0131k M\u0130T g\u00f6revlisi \u00d6zel Y\u0131lmaz&#8217;\u0131n, Bar\u0131\u015f Dalan ve tutuksuz san\u0131k \u0130lhami \u00dcmit Handan ile m\u00fcste\u015farl\u0131\u011f\u0131n \u0130stanbul B\u00f6lge Ba\u015fkanl\u0131\u011f\u0131 Sosyal Tesislerinde g\u00f6r\u00fc\u015ft\u00fc\u011f\u00fc, g\u00f6r\u00fc\u015fme \u00f6ncesi kurumu bilgilendirdi\u011fine ve sonras\u0131nda g\u00f6r\u00fc\u015fmeyi raporlad\u0131\u011f\u0131na dair beyan\u0131 dikkate al\u0131narak, ilgili kay\u0131tlar\u0131n M\u0130T M\u00fcste\u015farl\u0131\u011f\u0131ndan istenilmesine karar verildi.<\/p>\n<p style=\"text-align: justify;\">\u0130stanbul Cumhuriyet Ba\u015fsavc\u0131l\u0131\u011f\u0131nda g\u00f6revli Cumhuriyet Savc\u0131s\u0131 Zekeriya \u00d6z&#8217;\u00fcn M\u0130T M\u00fcste\u015far\u0131 ile g\u00f6r\u00fc\u015fme yapt\u0131\u011f\u0131, g\u00f6r\u00fc\u015fmenin &#8220;\u0130lhami \u00dcmit Handan bizim eleman, m\u00fcste\u015far ricas\u0131&#8221; \u015feklindeki iddia ile ilgili olarak yap\u0131ld\u0131\u011f\u0131n\u0131n belirtildi\u011fi ifade edilerek, M\u0130T M\u00fcste\u015farl\u0131\u011f\u0131ndan iddian\u0131n do\u011fru olup olmad\u0131\u011f\u0131, bu konuda bir g\u00f6r\u00fc\u015fme yap\u0131l\u0131p yap\u0131lmad\u0131\u011f\u0131n\u0131n sorulmas\u0131na h\u00fckmedildi.<\/p>\n<p style=\"text-align: justify;\">Genelkurmay Askeri Savc\u0131l\u0131\u011f\u0131ndan, san\u0131\u011f\u0131 Dursun \u00c7i\u00e7ek olan dosya kapsam\u0131nda ifadeleri al\u0131n\u0131p haklar\u0131nda kovu\u015fturmaya yer olmad\u0131\u011f\u0131na dair karar verilen 9 ki\u015fiye ili\u015fkin t\u00fcm soru\u015fturma evrak\u0131n\u0131n asl\u0131, incelenip iade edilmek \u00fczere istendi.<\/p>\n<p style=\"text-align: justify;\">Genelkurmay Ba\u015fkanl\u0131\u011f\u0131 Bilgi Destek Dairesi Ba\u015fkanl\u0131\u011f\u0131 b\u00fcnyesinde yer alan \u015fubelerin 2004-2009 y\u0131llar\u0131 aras\u0131ndaki her y\u0131la ait ayr\u0131nt\u0131l\u0131 g\u00f6rev da\u011f\u0131l\u0131m \u00e7izelgesinin istenilmesi kararla\u015ft\u0131r\u0131ld\u0131.<\/p>\n<p style=\"text-align: justify;\">Emniyet Genel M\u00fcd\u00fcrl\u00fc\u011f\u00fc, Jandarma Genel Komutanl\u0131\u011f\u0131, M\u0130T ve Genelkurmay Ba\u015fkanl\u0131\u011f\u0131na m\u00fczekkere yaz\u0131larak, iddianameye konu yasa d\u0131\u015f\u0131 dinleme oldu\u011fu iddia edilen ses kay\u0131tlar\u0131yla ilgili herhangi bir dinleme izni ve kayd\u0131 bulunup bulunmad\u0131\u011f\u0131n\u0131n ayr\u0131nt\u0131l\u0131 olarak ara\u015ft\u0131r\u0131larak, mahkemeye bildirilmesi istendi.<\/p>\n<p style=\"text-align: justify;\">\u0130lgili mercilere yaz\u0131 yaz\u0131larak, san\u0131klar\u0131n tespit edilen e-postalar\u0131n\u0131n d\u00f6k\u00fcmlerinin istenilmesine karar verildi.<\/p>\n<p style=\"text-align: justify;\">\u0130stanbul Emniyet M\u00fcd\u00fcrl\u00fc\u011f\u00fc G\u00fcvenlik \u015eube M\u00fcd\u00fcrl\u00fc\u011f\u00fcnden iddianameye konu ve yasa d\u0131\u015f\u0131 oldu\u011fu iddia edilen ses kay\u0131t i\u00e7eriklerinin Ulusal TV&#8217;de yay\u0131nlan\u0131p yay\u0131nlanmad\u0131\u011f\u0131 hususlar\u0131n\u0131n bildirilmesi talep edildi.<\/p>\n<p style=\"text-align: justify;\">Mahkeme heyeti, AK Parti Genel Ba\u015fkan Yard\u0131mc\u0131s\u0131 H\u00fcseyin \u00c7elik&#8217;in davaya m\u00fcdahil olarak kat\u0131lma talebini &#8220;Su\u00e7tan zarar g\u00f6rme ihtimali bulundu\u011fu&#8221; gerek\u00e7esiyle kabul etti.<\/p>\n<p style=\"text-align: justify;\">San\u0131k Yeditepe \u00dcniversitesi kurucusu Bedrettin Dalan hakk\u0131nda \u00e7\u0131kart\u0131lan yakalama emrinin infaz\u0131n\u0131n beklenilmesine karar verildi.<\/p>\n<p style=\"text-align: justify;\">Mahkeme heyeti, dosya kapsam\u0131, delillerin toplanma s\u00fcrecinin ve at\u0131l\u0131 su\u00e7lar\u0131n i\u015flendi\u011fi hususunda kuvvetli \u015f\u00fcphe sebeplerinin varl\u0131\u011f\u0131n\u0131n halen devam etmekte olmas\u0131, tutuklu san\u0131klar hakk\u0131nda mahkemenin verdi\u011fi soru\u015fturma a\u015famas\u0131ndaki tutuklama gerek\u00e7elerini dikkate alarak, tutuklu san\u0131klar\u0131n mevcut hallerinin s\u00fcrd\u00fcr\u00fclmesini kararla\u015ft\u0131rd\u0131.<\/p>\n<p style=\"text-align: justify;\">San\u0131klar Ufuk Akkaya ve Mehmet Deniz Y\u0131ld\u0131r\u0131m hakk\u0131nda kontrol tedbirleri uygulanmak suretiyle tahliye edilmeleri istemi, oy \u00e7oklu\u011fuyla reddedildi. Karara, Ba\u015fkan Kemal Can muhalif kald\u0131.<\/p>\n<p style=\"text-align: justify;\"><span style=\"color: #888888;\">CNN T\u00dcRK<\/span><\/p>\n","protected":false},"excerpt":{"rendered":"<\/p>\n<p style=\"text-align: justify;\">&#8220;\u0130rtica ile m\u00fccadele eylem plan\u0131&#8221; davas\u0131n\u0131n g\u00f6r\u00fcld\u00fc\u011f\u00fc \u0130stanbul 13. A\u011f\u0131r Ceza Mahkemesi, Ba\u015fbakanl\u0131ktan, dosyada bulunan ve su\u00e7a konu oldu\u011fu belirtilen Ba\u015fbakan Recep Tayyip Erdo\u011fan ile eski KKTC Cumhurba\u015fkan\u0131 Mehmet Ali Talat aras\u0131nda yap\u0131lan g\u00f6r\u00fc\u015fme s\u0131ras\u0131nda Erdo\u011fan&#8217;\u0131n kulland\u0131\u011f\u0131 telefon numaras\u0131n\u0131n bildirilmesini istedi.<\/p>\n","protected":false},"author":1,"featured_media":0,"comment_status":"open","ping_status":"closed","sticky":false,"template":"","format":"standard","meta":{"footnotes":""},"categories":[105],"tags":[],"class_list":["post-24348","post","type-post","status-publish","format-standard","hentry","category-gundem","odd"],"_links":{"self":[{"href":"http:\/\/www.korhanyilmaz.com\/index.php?rest_route=\/wp\/v2\/posts\/24348","targetHints":{"allow":["GET"]}}],"collection":[{"href":"http:\/\/www.korhanyilmaz.com\/index.php?rest_route=\/wp\/v2\/posts"}],"about":[{"href":"http:\/\/www.korhanyilmaz.com\/index.php?rest_route=\/wp\/v2\/types\/post"}],"author":[{"embeddable":true,"href":"http:\/\/www.korhanyilmaz.com\/index.php?rest_route=\/wp\/v2\/users\/1"}],"replies":[{"embeddable":true,"href":"http:\/\/www.korhanyilmaz.com\/index.php?rest_route=%2Fwp%2Fv2%2Fcomments&post=24348"}],"version-history":[{"count":0,"href":"http:\/\/www.korhanyilmaz.com\/index.php?rest_route=\/wp\/v2\/posts\/24348\/revisions"}],"wp:attachment":[{"href":"http:\/\/www.korhanyilmaz.com\/index.php?rest_route=%2Fwp%2Fv2%2Fmedia&parent=24348"}],"wp:term":[{"taxonomy":"category","embeddable":true,"href":"http:\/\/www.korhanyilmaz.com\/index.php?rest_route=%2Fwp%2Fv2%2Fcategories&post=24348"},{"taxonomy":"post_tag","embeddable":true,"href":"http:\/\/www.korhanyilmaz.com\/index.php?rest_route=%2Fwp%2Fv2%2Ftags&post=24348"}],"curies":[{"name":"wp","href":"https:\/\/api.w.org\/{rel}","templated":true}]}}