{"id":24339,"date":"2010-07-19T17:54:20","date_gmt":"2010-07-19T17:54:20","guid":{"rendered":"http:\/\/www.korhanyilmaz.com\/?p=24339"},"modified":"2010-07-19T17:54:20","modified_gmt":"2010-07-19T17:54:20","slug":"acilim-icin-gelenler-geri-donuyor","status":"publish","type":"post","link":"http:\/\/www.korhanyilmaz.com\/?p=24339","title":{"rendered":"&#8220;A\u00e7\u0131l\u0131m&#8221; i\u00e7in gelenler geri d\u00f6n\u00fcyor"},"content":{"rendered":"<p style=\"text-align: center;\"><a href=\"http:\/\/www.korhanyilmaz.com\/wp-content\/uploads\/2010\/07\/321.jpg\"  class=\"lightview\"><img loading=\"lazy\" decoding=\"async\" class=\"aligncenter size-full wp-image-24340\" src=\"http:\/\/www.korhanyilmaz.com\/wp-content\/uploads\/2010\/07\/321.jpg\" alt=\"\" width=\"307\" height=\"236\" \/><\/a><\/p>\n<p style=\"text-align: justify;\">A\u00e7\u0131l\u0131m i\u00e7in, bar\u0131\u015f i\u00e7in&#8230; Kuzey Irak&#8217;tan T\u00fcrkiye&#8217;ye geri d\u00f6nm\u00fc\u015flerdi. \u00c7o\u015fkuyla kar\u015f\u0131land\u0131lar. Ama o kar\u015f\u0131lama ve uzla\u015fmazl\u0131k bu sonun habercisi oldu. Kandil&#8217;den ve Mahmur Kamp\u0131&#8217;ndan gelenlerden bahsediyoruz. Bu ki\u015filerin \u00e7o\u011funun Mahmur&#8217;a geri d\u00f6nd\u00fc\u011f\u00fc ortaya \u00e7\u0131kt\u0131.<!--more--><\/p>\n<p style=\"text-align: justify;\">Onlar\u0131n d\u00f6n\u00fc\u015f\u00fc, T\u00fcrkiye&#8217;de \u00f6zellikle de G\u00fcneydo\u011fu&#8217;da umut r\u00fczgar\u0131 estirdi.<\/p>\n<p style=\"text-align: justify;\">Kuzey Irak&#8217;tan d\u00f6n\u00fc\u015fler, h\u00fck\u00fcmetin ba\u015flatt\u0131\u011f\u0131 a\u00e7\u0131l\u0131ma kar\u015f\u0131l\u0131k bir ad\u0131md\u0131.<\/p>\n<p style=\"text-align: justify;\">19 Ekim 2009&#8217;da, Abdullah \u00d6calan&#8217;\u0131n \u00e7a\u011fr\u0131s\u0131 \u00fczerine Kandil&#8217;den ayr\u0131lan 8 PKK&#8217;l\u0131,  Mahmur&#8217;dan gelen 4&#8217;\u00fc \u00e7ocuk 26 ki\u015fi ile birlikte T\u00fcrkiye&#8217;ye giri\u015f yapm\u0131\u015ft\u0131.<\/p>\n<p style=\"text-align: justify;\">Yeni giri\u015fler i\u00e7in haz\u0131rl\u0131klara ba\u015flanm\u0131\u015ft\u0131.<\/p>\n<p style=\"text-align: justify;\">Ama bu kar\u015f\u0131lama, d\u00f6nenlerin yapt\u0131klar\u0131 a\u00e7\u0131klamalar dava konusu olunca yarg\u0131lamalar ba\u015flad\u0131.<\/p>\n<p style=\"text-align: justify;\">D\u00f6nenler hakim kar\u015f\u0131s\u0131na \u00e7\u0131kt\u0131. 10&#8217;u cezaevine konuldu.<\/p>\n<p style=\"text-align: justify;\">A\u00e7\u0131l\u0131m tart\u0131\u015fmalar\u0131 alevlenip h\u00fck\u00fcmet ile BDP&#8217;nin aras\u0131 iyiden iyiye a\u00e7\u0131l\u0131nca, PKK&#8217;n\u0131n uygulananan politikalar \u00fczerindeki ele\u015ftirileri de art\u0131nca, yeni bir strateji devreye sokuldu.<\/p>\n<p style=\"text-align: justify;\">Bar\u0131\u015f grubu olarak gelenler Kuzey Irak&#8217;a d\u00f6nd\u00fc.<\/p>\n<p style=\"text-align: justify;\">B\u00f6lgeden gelen bilgilere g\u00f6re, Mahmur ve Kandil&#8217;e 14 ki\u015fi gitti. Bu ki\u015filerden 3&#8217;\u00fc PKK&#8217;l\u0131.<\/p>\n<p style=\"text-align: justify;\">Daha \u00f6nce de S\u00fcleymaniye \u00dcniversitesi&#8217;nde okuyan 2 ki\u015fi T\u00fcrkiye&#8217;den ayr\u0131lm\u0131\u015ft\u0131. Habur&#8217;da kar\u015f\u0131lan gruptakilerden 10&#8217;u cezaevinde. D\u0131\u015far\u0131daki 8 ki\u015finin de Mahmur&#8217;a gidece\u011fi y\u00f6n\u00fcnde bilgiler var.<\/p>\n<p style=\"text-align: justify;\"><span style=\"color: #888888;\">CNN T\u00dcRK<\/span><\/p>\n","protected":false},"excerpt":{"rendered":"<p style=\"text-align: center;\">\n<p style=\"text-align: justify;\">A\u00e7\u0131l\u0131m i\u00e7in, bar\u0131\u015f i\u00e7in&#8230; Kuzey Irak&#8217;tan T\u00fcrkiye&#8217;ye geri d\u00f6nm\u00fc\u015flerdi. \u00c7o\u015fkuyla kar\u015f\u0131land\u0131lar. Ama o kar\u015f\u0131lama ve uzla\u015fmazl\u0131k bu sonun habercisi oldu. Kandil&#8217;den ve Mahmur Kamp\u0131&#8217;ndan gelenlerden bahsediyoruz. Bu ki\u015filerin \u00e7o\u011funun Mahmur&#8217;a geri d\u00f6nd\u00fc\u011f\u00fc ortaya \u00e7\u0131kt\u0131.<\/p>\n","protected":false},"author":1,"featured_media":0,"comment_status":"open","ping_status":"closed","sticky":false,"template":"","format":"standard","meta":{"footnotes":""},"categories":[105],"tags":[],"class_list":["post-24339","post","type-post","status-publish","format-standard","hentry","category-gundem","odd"],"_links":{"self":[{"href":"http:\/\/www.korhanyilmaz.com\/index.php?rest_route=\/wp\/v2\/posts\/24339","targetHints":{"allow":["GET"]}}],"collection":[{"href":"http:\/\/www.korhanyilmaz.com\/index.php?rest_route=\/wp\/v2\/posts"}],"about":[{"href":"http:\/\/www.korhanyilmaz.com\/index.php?rest_route=\/wp\/v2\/types\/post"}],"author":[{"embeddable":true,"href":"http:\/\/www.korhanyilmaz.com\/index.php?rest_route=\/wp\/v2\/users\/1"}],"replies":[{"embeddable":true,"href":"http:\/\/www.korhanyilmaz.com\/index.php?rest_route=%2Fwp%2Fv2%2Fcomments&post=24339"}],"version-history":[{"count":0,"href":"http:\/\/www.korhanyilmaz.com\/index.php?rest_route=\/wp\/v2\/posts\/24339\/revisions"}],"wp:attachment":[{"href":"http:\/\/www.korhanyilmaz.com\/index.php?rest_route=%2Fwp%2Fv2%2Fmedia&parent=24339"}],"wp:term":[{"taxonomy":"category","embeddable":true,"href":"http:\/\/www.korhanyilmaz.com\/index.php?rest_route=%2Fwp%2Fv2%2Fcategories&post=24339"},{"taxonomy":"post_tag","embeddable":true,"href":"http:\/\/www.korhanyilmaz.com\/index.php?rest_route=%2Fwp%2Fv2%2Ftags&post=24339"}],"curies":[{"name":"wp","href":"https:\/\/api.w.org\/{rel}","templated":true}]}}